{"id":10497,"date":"2021-11-07T22:56:25","date_gmt":"2021-11-08T01:56:25","guid":{"rendered":"https:\/\/radiorevelacionfm.cl\/?p=10497"},"modified":"2021-11-07T22:56:25","modified_gmt":"2021-11-08T01:56:25","slug":"puerto-aysen-fiscalia-obtiene-sumatoria-de-penas-de-109-anos-de-carcel-para-8-imputados-por-trafico-de-drogas","status":"publish","type":"post","link":"https:\/\/radiorevelacionfm.cl\/?p=10497","title":{"rendered":"Puerto Ays\u00e9n: Fiscal\u00eda obtiene sumatoria de penas de 109 a\u00f1os de c\u00e1rcel para 8 imputados por tr\u00e1fico de drogas"},"content":{"rendered":"<div  style='height:50px' class='hr hr-invisible   avia-builder-el-0  el_before_av_one_full  avia-builder-el-first '><span class='hr-inner ' ><span class='hr-inner-style'><\/span><\/span><\/div>\n<div class=\"flex_column av_one_full  flex_column_div av-zero-column-padding first  avia-builder-el-1  el_after_av_hr  el_before_av_one_full  \" style='border-radius:0px; '><div  class='avia-image-container  av-styling-    avia-builder-el-2  avia-builder-el-no-sibling  avia-align-center '  itemprop=\"image\" itemscope=\"itemscope\" itemtype=\"https:\/\/schema.org\/ImageObject\"  ><div class='avia-image-container-inner'><div class='avia-image-overlay-wrap'><img decoding=\"async\" class='wp-image-10498 avia-img-lazy-loading-not-10498 avia_image' src=\"https:\/\/radiorevelacionfm.cl\/wp-content\/uploads\/2021\/11\/Incautacion-Aysen-1-1.jpg\" alt='' title='Incautacion Aysen (1) (1)' height=\"600\" width=\"1143\"  itemprop=\"thumbnailUrl\" srcset=\"https:\/\/radiorevelacionfm.cl\/wp-content\/uploads\/2021\/11\/Incautacion-Aysen-1-1.jpg 1143w, https:\/\/radiorevelacionfm.cl\/wp-content\/uploads\/2021\/11\/Incautacion-Aysen-1-1-300x157.jpg 300w, https:\/\/radiorevelacionfm.cl\/wp-content\/uploads\/2021\/11\/Incautacion-Aysen-1-1-1030x541.jpg 1030w, https:\/\/radiorevelacionfm.cl\/wp-content\/uploads\/2021\/11\/Incautacion-Aysen-1-1-768x403.jpg 768w, https:\/\/radiorevelacionfm.cl\/wp-content\/uploads\/2021\/11\/Incautacion-Aysen-1-1-705x370.jpg 705w, https:\/\/radiorevelacionfm.cl\/wp-content\/uploads\/2021\/11\/Incautacion-Aysen-1-1-600x315.jpg 600w\" sizes=\"(max-width: 1143px) 100vw, 1143px\" \/><\/div><\/div><\/div><\/div><div class=\"flex_column av_one_full  flex_column_div av-zero-column-padding first  avia-builder-el-3  el_after_av_one_full  el_before_av_one_full  column-top-margin\" style='border-radius:0px; '><section class=\"av_textblock_section \"  itemscope=\"itemscope\" itemtype=\"https:\/\/schema.org\/BlogPosting\" itemprop=\"blogPost\" ><div class='avia_textblock  '   itemprop=\"text\" ><p style=\"text-align: center;\"><strong><span style=\"font-size: 18pt;\">Puerto Ays\u00e9n: Fiscal\u00eda obtiene sumatoria de penas de 109 a\u00f1os de c\u00e1rcel para 8 imputados por tr\u00e1fico de drogas<\/span><\/strong><\/p>\n<div id=\"gtx-trans\" style=\"position: absolute; left: -50px; top: 4.31534px;\">\n<div class=\"gtx-trans-icon\"><\/div>\n<\/div>\n<\/div><\/section><\/div><div class=\"flex_column av_one_full  flex_column_div av-zero-column-padding first  avia-builder-el-5  el_after_av_one_full  el_before_av_hr  column-top-margin\" style='border-radius:0px; '><section class=\"av_textblock_section \"  itemscope=\"itemscope\" itemtype=\"https:\/\/schema.org\/BlogPosting\" itemprop=\"blogPost\" ><div class='avia_textblock  '   itemprop=\"text\" ><p style=\"text-align: justify;\">Diligencias permitieron decomisar m\u00e1s de 5 kilos 400 gramos de marihuana prensada en 7 operativos distintos, por parte de la Brigada de Investigaci\u00f3n Criminal de la PDI, MT 0 y el OS-7 de Carabineros.<\/p>\n<p style=\"text-align: justify;\"><span id=\"more-93726\"><\/span>Penas que oscilan entre los 18 a\u00f1os y 540 d\u00edas de presidido, consigui\u00f3 una investigaci\u00f3n coordinada por la Fiscal\u00eda Local de Puerto Ays\u00e9n realizada en conjunto con personal de la Brigada de Investigaci\u00f3n Criminal de la PDI, MT 0 y el OS-7 de Carabineros.<\/p>\n<p style=\"text-align: justify;\">Tras un juicio oral de un mes efectuado ante el Tribunal de Juicio Oral en Lo Penal, los jueces condenaron a los dos hermanos que lideraban la banda y que adem\u00e1s eran reincidentes en tr\u00e1fico de drogas, a la pena de 18 a\u00f1os de presidio mayor en su grado m\u00e1ximo y al pago de 250 UTM, es decir 13 millones de pesos aproximadamente.<br \/>\nEn su contra de aplicaron las agravantes de actuar como grupo u organizaci\u00f3n, tener reincidencia espec\u00edfica, es decir que ya hab\u00edan sido condenados por tr\u00e1fico y operar desde la c\u00e1rcel, explic\u00f3 el fiscal de Puerto Ays\u00e9n, Jos\u00e9 Luis Palominos.<\/p>\n<p style=\"text-align: justify;\">Otras dos personas, entre ellas un tercer hermano del clan familiar dedicado al tr\u00e1fico de estupefacientes, fueron condenados a 15 a\u00f1os de presidio mayor en su grado medio y al pago de 10 millones 400 mil pesos aproximadamente. Tres personas m\u00e1s, entre ellas la madre y una hermana de los cabecillas del grupo delictual, fueron condenadas a 12 a\u00f1os de presidio mayor en su grado medio y 5 millones de pesos de multa. Un octavo sujeto, menor de edad, fue sentenciado a 540 d\u00edas de libertad vigilada asistida.<\/p>\n<p style=\"text-align: justify;\">ENCOMIENDAS<\/p>\n<p style=\"text-align: justify;\">Seg\u00fan inform\u00f3 el fiscal Jos\u00e9 Luis Palominos, la investigaci\u00f3n se inici\u00f3 en enero del a\u00f1o 2020, la cual fue coordinada por el fiscal jefe de ese entonces, Aquiles Cubillos, \u00e9poca en la que se detect\u00f3 que la banda remit\u00eda encomiendas con droga desde diversas partes del pa\u00eds hasta la comuna de Ays\u00e9n.<br \/>\n\u201cDurante la investigaci\u00f3n se logr\u00f3 determinar el modus operandi de una banda, un clan familiar m\u00e1s colaboradores, que se dedicaban a la internaci\u00f3n de cannabis sativa a la comuna de Puerto Ays\u00e9n, donde posteriormente manten\u00edan dicha sustancia, la dosificaban y la comercializaban\u201d, explic\u00f3 el fiscal Jos\u00e9 Luis Palominos.<\/p>\n<p style=\"text-align: justify;\">El persecutor penal, destac\u00f3 el trabajo efectuado tanto por el MT-0 Ays\u00e9n de la PDI y el OS-7 de Carabineros, sumado al apoyo en el juicio del fiscal Alex Olivero y el trabajo desplegado por funcionarios administrativos de la Fiscal\u00eda. Adem\u00e1s de dinero, las diversas diligencias permitieron decomisar dinero y tel\u00e9fonos celulares utilizados en las gestiones de tr\u00e1fico.<\/p>\n<p style=\"text-align: justify;\">DILIGENCIAS<\/p>\n<p style=\"text-align: justify;\">De acuerdo a las diligencias investigativas, tanto de Carabineros y la PDI, 4 hermanos y su madre, integraban el clan adem\u00e1s de otras personas, quienes internaban droga a la regi\u00f3n a trav\u00e9s de encomiendas remitidas a trav\u00e9s de variadas empresas de correos y transportes. Para el tr\u00e1fico, utilizaban diversos remitentes y destinatarios, los que eran contactados por los l\u00edderes de la organizaci\u00f3n a cambio de dinero y\/o droga.<br \/>\nLos estupefacientes eran posteriormente almacenados, dosificados y comercializados por los integrantes de la familia y sus colaboradores en Puerto Ays\u00e9n.<\/p>\n<p style=\"text-align: justify;\">A partir del d\u00eda 26 de septiembre de 2020 los hermanos que lideraban la banda, se encuentran en prisi\u00f3n preventiva por una causa distinta, por lo cual sus operaciones de tr\u00e1fico il\u00edcito de droga fueron realizadas, principalmente, desde la c\u00e1rcel de Puerto Ays\u00e9n a trav\u00e9s de diversos tel\u00e9fonos celulares.<\/p>\n<p style=\"text-align: justify;\">INVESTIGACI\u00d3N Y AN\u00c1LISIS CRIMINAL<\/p>\n<p style=\"text-align: justify;\">Respecto de la investigaci\u00f3n llevada a cabo -en algunos de los delitos- por detectives especializados de la agrupaci\u00f3n Microtr\u00e1fico Cero de la Brigada de Investigaci\u00f3n Criminal Ays\u00e9n de la PDI, el subprefecto Eduardo Charpentier, jefe de la unidad, destac\u00f3 que \u201cel proceso investigativo de largo aliento que se inici\u00f3 en el a\u00f1o 2020, pudo establecer que cuatro hermanos y su madre integraban un clan familiar, junto a otras personas, quienes internaban droga a la regi\u00f3n a trav\u00e9s de encomiendas remitidas mediante variadas empresas de correos y transportes\u201d.<\/p>\n<p style=\"text-align: justify;\">De acuerdo a lo indagado por la PDI junto al Ministerio P\u00fablico, para el tr\u00e1fico de las drogas los imputados \u201cutilizaban diversos remitentes y destinatarios, los que eran contactados por los l\u00edderes de la organizaci\u00f3n a cambio de dinero y\/o drogas, los estupefacientes eran posteriormente almacenados, dosificados y comercializados por los integrantes de la familia y sus colaboradores en Puerto Ays\u00e9n\u201d.<\/p>\n<p style=\"text-align: justify;\">Sobre el proceso investigativo, el jefe de la unidad detall\u00f3 que \u201cla investigaci\u00f3n, basada en un proceso de an\u00e1lisis criminal, permiti\u00f3 que los medios de prueba aportados por el equipo especializado de la agrupaci\u00f3n Microtr\u00e1fico Cero, fueran fundamentales para que el Tribunal acreditara el delito investigado\u201d, permitiendo la sentencia de cada uno de los integrantes de este clan familiar y obtener \u201cpenas que son consideradas como una de las m\u00e1s altas contempladas en la Ley 20.000\u201d, acot\u00f3 el detective, agregando que este tipo de investigaciones permiten recuperar los espacios para la comunidad, adem\u00e1s de justicia y seguridad para la sociedad.<\/p>\n<\/div><\/section><\/div><div  style='height:50px' class='hr hr-invisible   avia-builder-el-7  el_after_av_one_full  el_before_av_social_share '><span class='hr-inner ' ><span class='hr-inner-style'><\/span><\/span><\/div><\/p>\n<div  class='av-social-sharing-box  avia-builder-el-8  el_after_av_hr  el_before_av_hr  '><div class='av-share-box'><h5 class='av-share-link-description av-no-toc '>Compartir esta noticia<\/h5><ul class='av-share-box-list noLightbox'><li class='av-share-link av-social-link-facebook' ><a target=\"_blank\" aria-label=\"Compartir en Facebook\" href='https:\/\/www.facebook.com\/sharer.php?u=https:\/\/radiorevelacionfm.cl\/?p=10497&#038;t=Puerto%20Ays%C3%A9n%3A%20Fiscal%C3%ADa%20obtiene%20sumatoria%20de%20penas%20de%20109%20a%C3%B1os%20de%20c%C3%A1rcel%20para%208%20imputados%20por%20tr%C3%A1fico%20de%20drogas' aria-hidden='false' data-av_icon='\ue8f3' data-av_iconfont='entypo-fontello' title='' data-avia-related-tooltip='Compartir en Facebook' rel=\"noopener\"><span class='avia_hidden_link_text'>Compartir en Facebook<\/span><\/a><\/li><li class='av-share-link av-social-link-twitter' ><a target=\"_blank\" aria-label=\"Compartir en Twitter\" href='https:\/\/twitter.com\/share?text=Puerto%20Ays%C3%A9n%3A%20Fiscal%C3%ADa%20obtiene%20sumatoria%20de%20penas%20de%20109%20a%C3%B1os%20de%20c%C3%A1rcel%20para%208%20imputados%20por%20tr%C3%A1fico%20de%20drogas&#038;url=https:\/\/radiorevelacionfm.cl\/?p=10497' aria-hidden='false' data-av_icon='\ue8f1' data-av_iconfont='entypo-fontello' title='' data-avia-related-tooltip='Compartir en Twitter' rel=\"noopener\"><span class='avia_hidden_link_text'>Compartir en Twitter<\/span><\/a><\/li><li class='av-share-link av-social-link-whatsapp' ><a target=\"_blank\" aria-label=\"Compartir en Whatsapp\" href='https:\/\/api.whatsapp.com\/send?text=https:\/\/radiorevelacionfm.cl\/?p=10497' aria-hidden='false' data-av_icon='\uf232' data-av_iconfont='entypo-fontello' title='' data-avia-related-tooltip='Compartir en Whatsapp' rel=\"noopener\"><span class='avia_hidden_link_text'>Compartir en Whatsapp<\/span><\/a><\/li><li class='av-share-link av-social-link-linkedin' ><a target=\"_blank\" aria-label=\"Compartir en LinkedIn\" href='https:\/\/linkedin.com\/shareArticle?mini=true&#038;title=Puerto%20Ays%C3%A9n%3A%20Fiscal%C3%ADa%20obtiene%20sumatoria%20de%20penas%20de%20109%20a%C3%B1os%20de%20c%C3%A1rcel%20para%208%20imputados%20por%20tr%C3%A1fico%20de%20drogas&#038;url=https:\/\/radiorevelacionfm.cl\/?p=10497' aria-hidden='false' data-av_icon='\ue8fc' data-av_iconfont='entypo-fontello' title='' data-avia-related-tooltip='Compartir en LinkedIn' rel=\"noopener\"><span class='avia_hidden_link_text'>Compartir en LinkedIn<\/span><\/a><\/li><li class='av-share-link av-social-link-mail' ><a  aria-label=\"Compartir por correo\" href='mailto:?subject=Puerto%20Ays%C3%A9n%3A%20Fiscal%C3%ADa%20obtiene%20sumatoria%20de%20penas%20de%20109%20a%C3%B1os%20de%20c%C3%A1rcel%20para%208%20imputados%20por%20tr%C3%A1fico%20de%20drogas&#038;body=https:\/\/radiorevelacionfm.cl\/?p=10497' aria-hidden='false' data-av_icon='\ue805' data-av_iconfont='entypo-fontello' title='' data-avia-related-tooltip='Compartir por correo'><span class='avia_hidden_link_text'>Compartir por correo<\/span><\/a><\/li><\/ul><\/div><\/div>\n<div  style='height:50px' class='hr hr-invisible   avia-builder-el-9  el_after_av_social_share  el_before_av_comments_list '><span class='hr-inner ' ><span class='hr-inner-style'><\/span><\/span><\/div>\n<div  class='av-buildercomment  av-blog-meta-html-info-disabled av-blog-meta-tag-disabled  '><\/div>\n","protected":false},"excerpt":{"rendered":"","protected":false},"author":1,"featured_media":10498,"comment_status":"open","ping_status":"open","sticky":false,"template":"","format":"standard","meta":{"footnotes":""},"categories":[55],"tags":[],"class_list":["post-10497","post","type-post","status-publish","format-standard","has-post-thumbnail","hentry","category-justicia"],"jetpack_featured_media_url":"https:\/\/radiorevelacionfm.cl\/wp-content\/uploads\/2021\/11\/Incautacion-Aysen-1-1.jpg","_links":{"self":[{"href":"https:\/\/radiorevelacionfm.cl\/index.php?rest_route=\/wp\/v2\/posts\/10497","targetHints":{"allow":["GET"]}}],"collection":[{"href":"https:\/\/radiorevelacionfm.cl\/index.php?rest_route=\/wp\/v2\/posts"}],"about":[{"href":"https:\/\/radiorevelacionfm.cl\/index.php?rest_route=\/wp\/v2\/types\/post"}],"author":[{"embeddable":true,"href":"https:\/\/radiorevelacionfm.cl\/index.php?rest_route=\/wp\/v2\/users\/1"}],"replies":[{"embeddable":true,"href":"https:\/\/radiorevelacionfm.cl\/index.php?rest_route=%2Fwp%2Fv2%2Fcomments&post=10497"}],"version-history":[{"count":2,"href":"https:\/\/radiorevelacionfm.cl\/index.php?rest_route=\/wp\/v2\/posts\/10497\/revisions"}],"predecessor-version":[{"id":10500,"href":"https:\/\/radiorevelacionfm.cl\/index.php?rest_route=\/wp\/v2\/posts\/10497\/revisions\/10500"}],"wp:featuredmedia":[{"embeddable":true,"href":"https:\/\/radiorevelacionfm.cl\/index.php?rest_route=\/wp\/v2\/media\/10498"}],"wp:attachment":[{"href":"https:\/\/radiorevelacionfm.cl\/index.php?rest_route=%2Fwp%2Fv2%2Fmedia&parent=10497"}],"wp:term":[{"taxonomy":"category","embeddable":true,"href":"https:\/\/radiorevelacionfm.cl\/index.php?rest_route=%2Fwp%2Fv2%2Fcategories&post=10497"},{"taxonomy":"post_tag","embeddable":true,"href":"https:\/\/radiorevelacionfm.cl\/index.php?rest_route=%2Fwp%2Fv2%2Ftags&post=10497"}],"curies":[{"name":"wp","href":"https:\/\/api.w.org\/{rel}","templated":true}]}}