{"id":10490,"date":"2021-11-07T22:04:38","date_gmt":"2021-11-08T01:04:38","guid":{"rendered":"https:\/\/radiorevelacionfm.cl\/?p=10490"},"modified":"2021-11-07T22:04:38","modified_gmt":"2021-11-08T01:04:38","slug":"contraloria-desestimo-presentacion-del-municipio-de-chile-chico-y-ordena-revocar-despido-de-funcionario","status":"publish","type":"post","link":"https:\/\/radiorevelacionfm.cl\/?p=10490","title":{"rendered":"Contralor\u00eda desestim\u00f3 presentaci\u00f3n del municipio de Chile Chico y ordena revocar despido de funcionario"},"content":{"rendered":"<div class=\"flex_column av_one_full  flex_column_div av-zero-column-padding first  avia-builder-el-0  el_before_av_one_full  avia-builder-el-first  \" style='border-radius:0px; '><div  class='avia-image-container  av-styling-    avia-builder-el-1  avia-builder-el-no-sibling  avia-align-center '  itemprop=\"image\" itemscope=\"itemscope\" itemtype=\"https:\/\/schema.org\/ImageObject\"  ><div class='avia-image-container-inner'><div class='avia-image-overlay-wrap'><img decoding=\"async\" class='wp-image-7978 avia-img-lazy-loading-not-7978 avia_image' src=\"https:\/\/radiorevelacionfm.cl\/wp-content\/uploads\/2021\/08\/ALVARO-0-2-1.jpg\" alt='' title='ALVARO 0 (2) (1)' height=\"600\" width=\"1125\"  itemprop=\"thumbnailUrl\" srcset=\"https:\/\/radiorevelacionfm.cl\/wp-content\/uploads\/2021\/08\/ALVARO-0-2-1.jpg 1125w, https:\/\/radiorevelacionfm.cl\/wp-content\/uploads\/2021\/08\/ALVARO-0-2-1-300x160.jpg 300w, https:\/\/radiorevelacionfm.cl\/wp-content\/uploads\/2021\/08\/ALVARO-0-2-1-1030x549.jpg 1030w, https:\/\/radiorevelacionfm.cl\/wp-content\/uploads\/2021\/08\/ALVARO-0-2-1-768x410.jpg 768w, https:\/\/radiorevelacionfm.cl\/wp-content\/uploads\/2021\/08\/ALVARO-0-2-1-705x376.jpg 705w, https:\/\/radiorevelacionfm.cl\/wp-content\/uploads\/2021\/08\/ALVARO-0-2-1-600x320.jpg 600w\" sizes=\"(max-width: 1125px) 100vw, 1125px\" \/><\/div><\/div><\/div><\/div><div class=\"flex_column av_one_full  flex_column_div av-zero-column-padding first  avia-builder-el-2  el_after_av_one_full  el_before_av_one_full  column-top-margin\" style='border-radius:0px; '><section class=\"av_textblock_section \"  itemscope=\"itemscope\" itemtype=\"https:\/\/schema.org\/BlogPosting\" itemprop=\"blogPost\" ><div class='avia_textblock  '   itemprop=\"text\" ><p style=\"text-align: center;\"><strong><span style=\"font-size: 18pt;\">Contralor\u00eda desestim\u00f3 presentaci\u00f3n del municipio de Chile Chico y ordena revocar despido de funcionario<\/span><\/strong><\/p>\n<div id=\"gtx-trans\" style=\"position: absolute; left: -50px; top: 4.31534px;\">\n<div class=\"gtx-trans-icon\"><\/div>\n<\/div>\n<\/div><\/section><\/div><div class=\"flex_column av_one_full  flex_column_div av-zero-column-padding first  avia-builder-el-4  el_after_av_one_full  el_before_av_hr  column-top-margin\" style='border-radius:0px; '><section class=\"av_textblock_section \"  itemscope=\"itemscope\" itemtype=\"https:\/\/schema.org\/BlogPosting\" itemprop=\"blogPost\" ><div class='avia_textblock  '   itemprop=\"text\" ><p style=\"text-align: justify;\">Si habl\u00e1ramos en t\u00e9rminos futbol\u00edsticos 2 a 0 ha ganado el funcionario de la escuela b\u00e1sica de Chile Chico, \u00c1lvaro Vel\u00e1squez, a la Municipalidad encabezada por Luperciano Mu\u00f1oz, quien el 01 de julio pasado despidi\u00f3 a Vel\u00e1squez y en un segundo dictamen la Contralor\u00eda Regional da la raz\u00f3n al trabajador y orden\u00f3 que se revoque su desvinculaci\u00f3n y lo reincorpore en los mismos t\u00e9rminos de su \u00faltima contrataci\u00f3n.<\/p>\n<p style=\"text-align: justify;\">\u201cEste segundo dictamen que he recibido por parte de la Contralor\u00eda, el cual desestima la solicitud de reconsideraci\u00f3n que realiz\u00f3 la Municipalidad de Chile Chico, respecto a la desvinculaci\u00f3n que sufr\u00ed el 1 de julio de este a\u00f1o, en donde se me hab\u00eda desvinculado por necesidad de la empresa. Nosotros desde ese mismo d\u00eda informamos y comunicamos a toda la gente del \u00e1rea administrativa del departamento de educaci\u00f3n, el error que se estaba cometiendo. Desgraciadamente se act\u00faa con cierta tozudez, en que no se escucha a los funcionarios, donde existe un doble discurso, por un lado decir que desvinculamos a personal por necesidades de la empresa y por otro lado empieza a aparecer gente contratada. Ya llevan tres o cuatro funcionarios o funcionarias contratadas en la escuela, asumiendo distintas funciones administrativas, sin ning\u00fan tipo de idoneidad psicol\u00f3gica\u201d.<\/p>\n<p style=\"text-align: justify;\">Vel\u00e1squez, a\u00f1ade que, \u201ces incomoda esta situaci\u00f3n porque ya son cinco meses separado de mi trabajo, cinco meses en plena pandemia en donde uno no recibe un sueldo, gracias a Dios yo tengo un emprendimiento familiar y por ah\u00ed uno se puede levantar un poco. Pero sin duda que estos tiempos son muy complicados para estar sin trabajo, pero aqu\u00ed no hay solidaridad con la gente, el Alcalde dec\u00eda la otra vez que no pod\u00eda dormir pensando en la gente que ten\u00eda que despedir del municipio con el dolor de su alma. Pero por otro lado, pasa la motosierra y no le importa nada, entonces, yo como lo dije hace un tiempo y lo vuelto a reiterar, no vengo con intenciones de andarme peleando con \u00e9l todos los d\u00edas, yo quiero trabajar, hacer mi pega, la plata no la paga \u00e9l la paga el Ministerio de Educaci\u00f3n\u201d.<\/p>\n<p style=\"text-align: justify;\">La determinaci\u00f3n de Contralor\u00eda es un precedente para otros funcionarios municipales y para la forma de actuar del Alcalde, agreg\u00f3 \u00c1lvaro Vel\u00e1squez.<\/p>\n<p style=\"text-align: justify;\">\u201cY esto marca un precedente para los dem\u00e1s colegas que han sido amedrentados, que se les ha hecho circular, porque es el estilo de \u00e9l, tirar comentarios a trav\u00e9s de su c\u00edrculo m\u00e1s cercano para que la gente escuche, que a fin de a\u00f1o se viene la podadora, que a fin de a\u00f1o vienen los despidos. Pero aqu\u00ed queda claramente demostrado que no puede estar sacando a la gente como a \u00e9l se le ocurre, ni menos por esas causales que aludieron en una carta demasiado b\u00e1sica, que confeccionaron para notificarme de mi despido\u201d.<\/p>\n<p style=\"text-align: justify;\">Vel\u00e1squez, asegura que el Alcalde Luperciano Mu\u00f1oz, est\u00e1 cometiendo una falta muy grave al no acatar un dictamen de Contralor\u00eda.<\/p>\n<p style=\"text-align: justify;\">\u201cAc\u00e1 se configura una falta muy grave de parte de \u00e9l al no acatar un dictamen de Contralor\u00eda, eso ya est\u00e1 claramente tipificado, aqu\u00ed en el dictamen est\u00e1 claramente establecido que, de no acatar un dictamen de la Contralor\u00eda acarrea faltas administrativas de quienes deben como funcionarios p\u00fablicos darle cumplimiento. As\u00ed es que, vuelvo a reiterar el doble discurso del se\u00f1or Alcalde, que por un lado dice que \u00e9l no viola la ley, son frases muy repetitivas que \u00e9l es respetuoso del \u00f3rgano de control y resulta que aqu\u00ed se ve claramente que \u00e9l cuando puede lo vulnera todo\u201d.<\/p>\n<p style=\"text-align: justify;\">Hasta antes de ser despedido, \u00c1lvaro Vel\u00e1squez, ocupaba un cargo administrativo en la escuela B\u00e1sica de Chile Chico, dependiente de la Municipalidad, organismo que por orden de Contralor\u00eda Regional, debe reincorporar al trabajador a sus funciones, bajo el mismo contrato y condiciones en las que fue desvinculado.<\/p>\n<\/div><\/section><\/div><div  style='height:50px' class='hr hr-invisible   avia-builder-el-6  el_after_av_one_full  el_before_av_social_share '><span class='hr-inner ' ><span class='hr-inner-style'><\/span><\/span><\/div><\/p>\n<div  class='av-social-sharing-box  avia-builder-el-7  el_after_av_hr  el_before_av_hr  '><div class='av-share-box'><h5 class='av-share-link-description av-no-toc '>Compartir esta noticia<\/h5><ul class='av-share-box-list noLightbox'><li class='av-share-link av-social-link-facebook' ><a target=\"_blank\" aria-label=\"Compartir en Facebook\" href='https:\/\/www.facebook.com\/sharer.php?u=https:\/\/radiorevelacionfm.cl\/?p=10490&#038;t=Contralor%C3%ADa%20desestim%C3%B3%20presentaci%C3%B3n%20del%20municipio%20de%20Chile%20Chico%20y%20ordena%20revocar%20despido%20de%20funcionario' aria-hidden='false' data-av_icon='\ue8f3' data-av_iconfont='entypo-fontello' title='' data-avia-related-tooltip='Compartir en Facebook' rel=\"noopener\"><span class='avia_hidden_link_text'>Compartir en Facebook<\/span><\/a><\/li><li class='av-share-link av-social-link-twitter' ><a target=\"_blank\" aria-label=\"Compartir en Twitter\" href='https:\/\/twitter.com\/share?text=Contralor%C3%ADa%20desestim%C3%B3%20presentaci%C3%B3n%20del%20municipio%20de%20Chile%20Chico%20y%20ordena%20revocar%20despido%20de%20funcionario&#038;url=https:\/\/radiorevelacionfm.cl\/?p=10490' aria-hidden='false' data-av_icon='\ue8f1' data-av_iconfont='entypo-fontello' title='' data-avia-related-tooltip='Compartir en Twitter' rel=\"noopener\"><span class='avia_hidden_link_text'>Compartir en Twitter<\/span><\/a><\/li><li class='av-share-link av-social-link-whatsapp' ><a target=\"_blank\" aria-label=\"Compartir en Whatsapp\" href='https:\/\/api.whatsapp.com\/send?text=https:\/\/radiorevelacionfm.cl\/?p=10490' aria-hidden='false' data-av_icon='\uf232' data-av_iconfont='entypo-fontello' title='' data-avia-related-tooltip='Compartir en Whatsapp' rel=\"noopener\"><span class='avia_hidden_link_text'>Compartir en Whatsapp<\/span><\/a><\/li><li class='av-share-link av-social-link-linkedin' ><a target=\"_blank\" aria-label=\"Compartir en LinkedIn\" href='https:\/\/linkedin.com\/shareArticle?mini=true&#038;title=Contralor%C3%ADa%20desestim%C3%B3%20presentaci%C3%B3n%20del%20municipio%20de%20Chile%20Chico%20y%20ordena%20revocar%20despido%20de%20funcionario&#038;url=https:\/\/radiorevelacionfm.cl\/?p=10490' aria-hidden='false' data-av_icon='\ue8fc' data-av_iconfont='entypo-fontello' title='' data-avia-related-tooltip='Compartir en LinkedIn' rel=\"noopener\"><span class='avia_hidden_link_text'>Compartir en LinkedIn<\/span><\/a><\/li><li class='av-share-link av-social-link-mail' ><a  aria-label=\"Compartir por correo\" href='mailto:?subject=Contralor%C3%ADa%20desestim%C3%B3%20presentaci%C3%B3n%20del%20municipio%20de%20Chile%20Chico%20y%20ordena%20revocar%20despido%20de%20funcionario&#038;body=https:\/\/radiorevelacionfm.cl\/?p=10490' aria-hidden='false' data-av_icon='\ue805' data-av_iconfont='entypo-fontello' title='' data-avia-related-tooltip='Compartir por correo'><span class='avia_hidden_link_text'>Compartir por correo<\/span><\/a><\/li><\/ul><\/div><\/div>\n<div  style='height:50px' class='hr hr-invisible   avia-builder-el-8  el_after_av_social_share  el_before_av_comments_list '><span class='hr-inner ' ><span class='hr-inner-style'><\/span><\/span><\/div>\n<div  class='av-buildercomment  av-blog-meta-html-info-disabled av-blog-meta-tag-disabled  '><\/div>\n","protected":false},"excerpt":{"rendered":"","protected":false},"author":1,"featured_media":7978,"comment_status":"open","ping_status":"open","sticky":false,"template":"","format":"standard","meta":{"footnotes":""},"categories":[38],"tags":[],"class_list":["post-10490","post","type-post","status-publish","format-standard","has-post-thumbnail","hentry","category-regional"],"jetpack_featured_media_url":"https:\/\/radiorevelacionfm.cl\/wp-content\/uploads\/2021\/08\/ALVARO-0-2-1.jpg","_links":{"self":[{"href":"https:\/\/radiorevelacionfm.cl\/index.php?rest_route=\/wp\/v2\/posts\/10490","targetHints":{"allow":["GET"]}}],"collection":[{"href":"https:\/\/radiorevelacionfm.cl\/index.php?rest_route=\/wp\/v2\/posts"}],"about":[{"href":"https:\/\/radiorevelacionfm.cl\/index.php?rest_route=\/wp\/v2\/types\/post"}],"author":[{"embeddable":true,"href":"https:\/\/radiorevelacionfm.cl\/index.php?rest_route=\/wp\/v2\/users\/1"}],"replies":[{"embeddable":true,"href":"https:\/\/radiorevelacionfm.cl\/index.php?rest_route=%2Fwp%2Fv2%2Fcomments&post=10490"}],"version-history":[{"count":2,"href":"https:\/\/radiorevelacionfm.cl\/index.php?rest_route=\/wp\/v2\/posts\/10490\/revisions"}],"predecessor-version":[{"id":10492,"href":"https:\/\/radiorevelacionfm.cl\/index.php?rest_route=\/wp\/v2\/posts\/10490\/revisions\/10492"}],"wp:featuredmedia":[{"embeddable":true,"href":"https:\/\/radiorevelacionfm.cl\/index.php?rest_route=\/wp\/v2\/media\/7978"}],"wp:attachment":[{"href":"https:\/\/radiorevelacionfm.cl\/index.php?rest_route=%2Fwp%2Fv2%2Fmedia&parent=10490"}],"wp:term":[{"taxonomy":"category","embeddable":true,"href":"https:\/\/radiorevelacionfm.cl\/index.php?rest_route=%2Fwp%2Fv2%2Fcategories&post=10490"},{"taxonomy":"post_tag","embeddable":true,"href":"https:\/\/radiorevelacionfm.cl\/index.php?rest_route=%2Fwp%2Fv2%2Ftags&post=10490"}],"curies":[{"name":"wp","href":"https:\/\/api.w.org\/{rel}","templated":true}]}}