{"id":10487,"date":"2021-11-08T11:20:48","date_gmt":"2021-11-08T14:20:48","guid":{"rendered":"https:\/\/radiorevelacionfm.cl\/?p=10487"},"modified":"2021-11-08T11:20:48","modified_gmt":"2021-11-08T14:20:48","slug":"mineduc-lanza-plataforma-con-informacion-del-proceso-de-vacunacion-escolar","status":"publish","type":"post","link":"https:\/\/radiorevelacionfm.cl\/?p=10487","title":{"rendered":"Mineduc lanza plataforma con informaci\u00f3n del proceso de vacunaci\u00f3n escolar"},"content":{"rendered":"<div class=\"flex_column av_one_full  flex_column_div av-zero-column-padding first  avia-builder-el-0  el_before_av_one_full  avia-builder-el-first  \" style='border-radius:0px; '><div  class='avia-image-container  av-styling-    avia-builder-el-1  avia-builder-el-no-sibling  avia-align-center '  itemprop=\"image\" itemscope=\"itemscope\" itemtype=\"https:\/\/schema.org\/ImageObject\"  ><div class='avia-image-container-inner'><div class='avia-image-overlay-wrap'><img decoding=\"async\" class='wp-image-10488 avia-img-lazy-loading-not-10488 avia_image' src=\"https:\/\/radiorevelacionfm.cl\/wp-content\/uploads\/2021\/11\/vacunacion2-1-1.jpg\" alt='' title='vacunaci\u00f3n2 (1) (1)' height=\"600\" width=\"800\"  itemprop=\"thumbnailUrl\" srcset=\"https:\/\/radiorevelacionfm.cl\/wp-content\/uploads\/2021\/11\/vacunacion2-1-1.jpg 800w, https:\/\/radiorevelacionfm.cl\/wp-content\/uploads\/2021\/11\/vacunacion2-1-1-300x225.jpg 300w, https:\/\/radiorevelacionfm.cl\/wp-content\/uploads\/2021\/11\/vacunacion2-1-1-768x576.jpg 768w, https:\/\/radiorevelacionfm.cl\/wp-content\/uploads\/2021\/11\/vacunacion2-1-1-705x529.jpg 705w, https:\/\/radiorevelacionfm.cl\/wp-content\/uploads\/2021\/11\/vacunacion2-1-1-600x450.jpg 600w\" sizes=\"(max-width: 800px) 100vw, 800px\" \/><\/div><\/div><\/div><\/div><div class=\"flex_column av_one_full  flex_column_div av-zero-column-padding first  avia-builder-el-2  el_after_av_one_full  el_before_av_one_full  column-top-margin\" style='border-radius:0px; '><section class=\"av_textblock_section \"  itemscope=\"itemscope\" itemtype=\"https:\/\/schema.org\/BlogPosting\" itemprop=\"blogPost\" ><div class='avia_textblock  '   itemprop=\"text\" ><p style=\"text-align: center;\"><strong><span style=\"font-size: 18pt;\">Mineduc lanza plataforma con informaci\u00f3n del proceso de vacunaci\u00f3n escolar<\/span><\/strong><\/p>\n<div id=\"gtx-trans\" style=\"position: absolute; left: -50px; top: 4.31534px;\">\n<div class=\"gtx-trans-icon\"><\/div>\n<\/div>\n<\/div><\/section><\/div><div class=\"flex_column av_one_full  flex_column_div av-zero-column-padding first  avia-builder-el-4  el_after_av_one_full  el_before_av_hr  column-top-margin\" style='border-radius:0px; '><section class=\"av_textblock_section \"  itemscope=\"itemscope\" itemtype=\"https:\/\/schema.org\/BlogPosting\" itemprop=\"blogPost\" ><div class='avia_textblock  '   itemprop=\"text\" ><p class=\"v1MsoNormal\" style=\"text-align: justify;\">El Seremi de Educaci\u00f3n de Ays\u00e9n Sergio Becerra Mera present\u00f3 en el Liceo Bicentenario Rural Cerro Castillo de la comuna de R\u00edo Iba\u00f1ez, la plataforma\u00a0<b><u><a href=\"http:\/\/vacunacionescolar.mineduc.cl\/\" target=\"_blank\" rel=\"noopener noreferrer\">vacunacionescolar.mineduc.cl<\/a>\u00a0<\/u><\/b>que entrega informaci\u00f3n detallada sobre el proceso de inmunizaci\u00f3n en los establecimientos educacionales de todo el pa\u00eds.<\/p>\n<p class=\"v1MsoNormal\" style=\"text-align: justify;\"><span lang=\"ES\">El sitio permite conocer los porcentajes de los estudiantes que tienen su esquema de vacunaci\u00f3n completo, aquellos que a\u00fan les falta su segunda dosis y cu\u00e1ntos a\u00fan no se han vacunado. Esta informaci\u00f3n est\u00e1 disponible por cada nivel escolar del establecimiento escogido en el buscador, permitiendo que las comunidades conozcan el avance de este importante proceso.<\/span><\/p>\n<p class=\"v1MsoNormal\" style=\"text-align: justify;\"><span lang=\"ES\">\u00abLa plataforma consiste en un buscador, donde a trav\u00e9s del nombre del establecimiento, cualquier persona de la comunidad educativa puede conocer el avance de la inmunizaci\u00f3n de sus estudiantes desagregado por nivel\u00bb, explic\u00f3 el Seremi de Educaci\u00f3n a los estudiantes de Cuarto Medio del establecimiento t\u00e9cnico profesional.<\/span><\/p>\n<p class=\"v1MsoNormal\" style=\"text-align: justify;\"><span lang=\"ES\">Seg\u00fan el protocolo sanitario vigente, en aquellos niveles donde el 80% de los estudiantes cuente con su esquema completo de vacunaci\u00f3n, los establecimientos educacionales pueden recibir a todos los alumnos de dicho nivel presencialmente de forma simult\u00e1nea.<\/span><\/p>\n<p class=\"v1MsoNormal\" style=\"text-align: justify;\"><span lang=\"ES\">\u00abEn la regi\u00f3n de Ays\u00e9n la vacunaci\u00f3n con dos dosis, es decir esquema completo\u00a0\u00a0alcanza el 88% en Tercero Medio y 91% en Cuarto Medio, permitiendo que m\u00e1s alumnos puedan ir presencialmente sin necesidad de aforos por estos niveles. Esta plataforma busca ser un aporte para que las familias conf\u00eden en un retorno informado y sepan cual es el estado de avance de su comunidad\u00bb, detall\u00f3 Sergio Becerra.<\/span><\/p>\n<p class=\"v1MsoNormal\" style=\"text-align: justify;\"><span lang=\"ES\">El sitio que en ning\u00fan caso entrega informaci\u00f3n individualizada de los alumnos, cuenta con la informaci\u00f3n de todos los establecimientos educacionales del pa\u00eds. Permite buscar por regi\u00f3n, por el nombre del establecimiento y el detalle desagregado desde 1\u00b0 b\u00e1sico hasta 4\u00b0 medio.<\/span><\/p>\n<\/div><\/section><\/div><div  style='height:50px' class='hr hr-invisible   avia-builder-el-6  el_after_av_one_full  el_before_av_social_share '><span class='hr-inner ' ><span class='hr-inner-style'><\/span><\/span><\/div><\/p>\n<div  class='av-social-sharing-box  avia-builder-el-7  el_after_av_hr  el_before_av_hr  '><div class='av-share-box'><h5 class='av-share-link-description av-no-toc '>Compartir esta noticia<\/h5><ul class='av-share-box-list noLightbox'><li class='av-share-link av-social-link-facebook' ><a target=\"_blank\" aria-label=\"Compartir en Facebook\" href='https:\/\/www.facebook.com\/sharer.php?u=https:\/\/radiorevelacionfm.cl\/?p=10487&#038;t=Mineduc%20lanza%20plataforma%20con%20informaci%C3%B3n%20del%20proceso%20de%20vacunaci%C3%B3n%20escolar' aria-hidden='false' data-av_icon='\ue8f3' data-av_iconfont='entypo-fontello' title='' data-avia-related-tooltip='Compartir en Facebook' rel=\"noopener\"><span class='avia_hidden_link_text'>Compartir en Facebook<\/span><\/a><\/li><li class='av-share-link av-social-link-twitter' ><a target=\"_blank\" aria-label=\"Compartir en Twitter\" href='https:\/\/twitter.com\/share?text=Mineduc%20lanza%20plataforma%20con%20informaci%C3%B3n%20del%20proceso%20de%20vacunaci%C3%B3n%20escolar&#038;url=https:\/\/radiorevelacionfm.cl\/?p=10487' aria-hidden='false' data-av_icon='\ue8f1' data-av_iconfont='entypo-fontello' title='' data-avia-related-tooltip='Compartir en Twitter' rel=\"noopener\"><span class='avia_hidden_link_text'>Compartir en Twitter<\/span><\/a><\/li><li class='av-share-link av-social-link-whatsapp' ><a target=\"_blank\" aria-label=\"Compartir en Whatsapp\" href='https:\/\/api.whatsapp.com\/send?text=https:\/\/radiorevelacionfm.cl\/?p=10487' aria-hidden='false' data-av_icon='\uf232' data-av_iconfont='entypo-fontello' title='' data-avia-related-tooltip='Compartir en Whatsapp' rel=\"noopener\"><span class='avia_hidden_link_text'>Compartir en Whatsapp<\/span><\/a><\/li><li class='av-share-link av-social-link-linkedin' ><a target=\"_blank\" aria-label=\"Compartir en LinkedIn\" href='https:\/\/linkedin.com\/shareArticle?mini=true&#038;title=Mineduc%20lanza%20plataforma%20con%20informaci%C3%B3n%20del%20proceso%20de%20vacunaci%C3%B3n%20escolar&#038;url=https:\/\/radiorevelacionfm.cl\/?p=10487' aria-hidden='false' data-av_icon='\ue8fc' data-av_iconfont='entypo-fontello' title='' data-avia-related-tooltip='Compartir en LinkedIn' rel=\"noopener\"><span class='avia_hidden_link_text'>Compartir en LinkedIn<\/span><\/a><\/li><li class='av-share-link av-social-link-mail' ><a  aria-label=\"Compartir por correo\" href='mailto:?subject=Mineduc%20lanza%20plataforma%20con%20informaci%C3%B3n%20del%20proceso%20de%20vacunaci%C3%B3n%20escolar&#038;body=https:\/\/radiorevelacionfm.cl\/?p=10487' aria-hidden='false' data-av_icon='\ue805' data-av_iconfont='entypo-fontello' title='' data-avia-related-tooltip='Compartir por correo'><span class='avia_hidden_link_text'>Compartir por correo<\/span><\/a><\/li><\/ul><\/div><\/div>\n<div  style='height:50px' class='hr hr-invisible   avia-builder-el-8  el_after_av_social_share  el_before_av_comments_list '><span class='hr-inner ' ><span class='hr-inner-style'><\/span><\/span><\/div>\n<div  class='av-buildercomment  av-blog-meta-html-info-disabled av-blog-meta-tag-disabled  '><\/div>\n","protected":false},"excerpt":{"rendered":"","protected":false},"author":1,"featured_media":10488,"comment_status":"open","ping_status":"open","sticky":false,"template":"","format":"standard","meta":{"footnotes":""},"categories":[49],"tags":[],"class_list":["post-10487","post","type-post","status-publish","format-standard","has-post-thumbnail","hentry","category-educacion"],"jetpack_featured_media_url":"https:\/\/radiorevelacionfm.cl\/wp-content\/uploads\/2021\/11\/vacunacion2-1-1.jpg","_links":{"self":[{"href":"https:\/\/radiorevelacionfm.cl\/index.php?rest_route=\/wp\/v2\/posts\/10487","targetHints":{"allow":["GET"]}}],"collection":[{"href":"https:\/\/radiorevelacionfm.cl\/index.php?rest_route=\/wp\/v2\/posts"}],"about":[{"href":"https:\/\/radiorevelacionfm.cl\/index.php?rest_route=\/wp\/v2\/types\/post"}],"author":[{"embeddable":true,"href":"https:\/\/radiorevelacionfm.cl\/index.php?rest_route=\/wp\/v2\/users\/1"}],"replies":[{"embeddable":true,"href":"https:\/\/radiorevelacionfm.cl\/index.php?rest_route=%2Fwp%2Fv2%2Fcomments&post=10487"}],"version-history":[{"count":2,"href":"https:\/\/radiorevelacionfm.cl\/index.php?rest_route=\/wp\/v2\/posts\/10487\/revisions"}],"predecessor-version":[{"id":10511,"href":"https:\/\/radiorevelacionfm.cl\/index.php?rest_route=\/wp\/v2\/posts\/10487\/revisions\/10511"}],"wp:featuredmedia":[{"embeddable":true,"href":"https:\/\/radiorevelacionfm.cl\/index.php?rest_route=\/wp\/v2\/media\/10488"}],"wp:attachment":[{"href":"https:\/\/radiorevelacionfm.cl\/index.php?rest_route=%2Fwp%2Fv2%2Fmedia&parent=10487"}],"wp:term":[{"taxonomy":"category","embeddable":true,"href":"https:\/\/radiorevelacionfm.cl\/index.php?rest_route=%2Fwp%2Fv2%2Fcategories&post=10487"},{"taxonomy":"post_tag","embeddable":true,"href":"https:\/\/radiorevelacionfm.cl\/index.php?rest_route=%2Fwp%2Fv2%2Ftags&post=10487"}],"curies":[{"name":"wp","href":"https:\/\/api.w.org\/{rel}","templated":true}]}}