{"id":10484,"date":"2021-11-07T16:13:23","date_gmt":"2021-11-07T19:13:23","guid":{"rendered":"https:\/\/radiorevelacionfm.cl\/?p=10484"},"modified":"2021-11-07T16:13:23","modified_gmt":"2021-11-07T19:13:23","slug":"sandoval-y-medidas-por-conectividad-en-chile-chico-se-reacciono-adecuadamente","status":"publish","type":"post","link":"https:\/\/radiorevelacionfm.cl\/?p=10484","title":{"rendered":"Sandoval y medidas por conectividad en Chile Chico: \u201cSe reaccion\u00f3 adecuadamente\u201d"},"content":{"rendered":"<div class=\"flex_column av_one_full  flex_column_div av-zero-column-padding first  avia-builder-el-0  el_before_av_one_full  avia-builder-el-first  \" style='border-radius:0px; '><div  class='avia-image-container  av-styling-    avia-builder-el-1  avia-builder-el-no-sibling  avia-align-center '  itemprop=\"image\" itemscope=\"itemscope\" itemtype=\"https:\/\/schema.org\/ImageObject\"  ><div class='avia-image-container-inner'><div class='avia-image-overlay-wrap'><img decoding=\"async\" class='wp-image-5969 avia-img-lazy-loading-not-5969 avia_image' src=\"https:\/\/radiorevelacionfm.cl\/wp-content\/uploads\/2021\/07\/Senador-David-Sandoval-1-1.jpg\" alt='' title='Senador David Sandoval (1) (1)' height=\"600\" width=\"900\"  itemprop=\"thumbnailUrl\" srcset=\"https:\/\/radiorevelacionfm.cl\/wp-content\/uploads\/2021\/07\/Senador-David-Sandoval-1-1.jpg 900w, https:\/\/radiorevelacionfm.cl\/wp-content\/uploads\/2021\/07\/Senador-David-Sandoval-1-1-300x200.jpg 300w, https:\/\/radiorevelacionfm.cl\/wp-content\/uploads\/2021\/07\/Senador-David-Sandoval-1-1-768x512.jpg 768w, https:\/\/radiorevelacionfm.cl\/wp-content\/uploads\/2021\/07\/Senador-David-Sandoval-1-1-705x470.jpg 705w, https:\/\/radiorevelacionfm.cl\/wp-content\/uploads\/2021\/07\/Senador-David-Sandoval-1-1-600x400.jpg 600w\" sizes=\"(max-width: 900px) 100vw, 900px\" \/><\/div><\/div><\/div><\/div><div class=\"flex_column av_one_full  flex_column_div av-zero-column-padding first  avia-builder-el-2  el_after_av_one_full  el_before_av_one_full  column-top-margin\" style='border-radius:0px; '><section class=\"av_textblock_section \"  itemscope=\"itemscope\" itemtype=\"https:\/\/schema.org\/BlogPosting\" itemprop=\"blogPost\" ><div class='avia_textblock  '   itemprop=\"text\" ><p style=\"text-align: center;\"><strong><span style=\"font-size: 18pt;\">Sandoval y medidas por conectividad en Chile Chico: \u201cSe reaccion\u00f3 adecuadamente\u201d<\/span><\/strong><\/p>\n<div id=\"gtx-trans\" style=\"position: absolute; left: -50px; top: 4.31534px;\">\n<div class=\"gtx-trans-icon\"><\/div>\n<\/div>\n<\/div><\/section><\/div><div class=\"flex_column av_one_full  flex_column_div av-zero-column-padding first  avia-builder-el-4  el_after_av_one_full  el_before_av_hr  column-top-margin\" style='border-radius:0px; '><section class=\"av_textblock_section \"  itemscope=\"itemscope\" itemtype=\"https:\/\/schema.org\/BlogPosting\" itemprop=\"blogPost\" ><div class='avia_textblock  '   itemprop=\"text\" ><p style=\"text-align: justify;\">\u201cSe reaccion\u00f3 adecuadamente\u201d. As\u00ed lo se\u00f1al\u00f3 el senador David Sandoval, luego de los complicados d\u00edas que vivi\u00f3 la comunidad de Chile Chico, producto de los problemas de conectividad que afectaron la zona.<\/p>\n<p style=\"text-align: justify;\">Al respecto, el parlamentario record\u00f3 que el tema se hab\u00eda tornado especialmente complejo, considerando las distintas situaciones que se produjeron en las \u00faltimas semanas, que afectaron no solo la conectividad lacustre, sino que tambi\u00e9n la terrestre, por la ruta 7. \u201c(Estaba) la carena de la Tehuelche, mantenci\u00f3n que se debe realizar, se ech\u00f3 a perder la barcaza Pilchero, que luego de d\u00e9cadas sigue dando vueltas en el lago y m\u00e1s encima vino el frente de mal tiempo que produjo un deslizamiento en la ruta 7 sur\u201d, puntualiz\u00f3.<\/p>\n<p style=\"text-align: justify;\">Sandoval agreg\u00f3 que evidentemente todo esto gener\u00f3 mucha inquietud en los vecinos, se\u00f1alando que se hicieron las gestiones pertinentes ante los ministerios del Interior y tambi\u00e9n de Transportes, a fin de buscar las salidas que permitieran retomar cierta normalidad. \u201cEn definitiva se resolvi\u00f3 adecuadamente el tema. La barcaza (Pilchero) entra a circulaci\u00f3n nuevamente, donde el da\u00f1o no fue lo que se pens\u00f3 en un minuto dado; qu\u00e9 bueno que se dispuso este viaje por Argentina, que ayuda mucho\u201d, puntualiz\u00f3.<\/p>\n<p style=\"text-align: justify;\">En esa l\u00ednea, el legislador destac\u00f3 el trabajo del MOP, a trav\u00e9s de la serem\u00eda en Ays\u00e9n, que \u201cabri\u00f3 r\u00e1pidamente la ruta 7, a pesar del enorme deslizamiento que hubo\u201d, recalcando que \u201cme parece muy bien la reacci\u00f3n de la autoridad\u201d.<\/p>\n<p style=\"text-align: justify;\">Finalmente, el senador Sandoval cerr\u00f3 diciendo que \u201cse est\u00e1 trabajando en la nueva barcaza, as\u00ed que por lo menos se va avanzando\u201d.<\/p>\n<\/div><\/section><\/div><div  style='height:50px' class='hr hr-invisible   avia-builder-el-6  el_after_av_one_full  el_before_av_social_share '><span class='hr-inner ' ><span class='hr-inner-style'><\/span><\/span><\/div><\/p>\n<div  class='av-social-sharing-box  avia-builder-el-7  el_after_av_hr  el_before_av_hr  '><div class='av-share-box'><h5 class='av-share-link-description av-no-toc '>Compartir esta noticia<\/h5><ul class='av-share-box-list noLightbox'><li class='av-share-link av-social-link-facebook' ><a target=\"_blank\" aria-label=\"Compartir en Facebook\" href='https:\/\/www.facebook.com\/sharer.php?u=https:\/\/radiorevelacionfm.cl\/?p=10484&#038;t=Sandoval%20y%20medidas%20por%20conectividad%20en%20Chile%20Chico%3A%20%E2%80%9CSe%20reaccion%C3%B3%20adecuadamente%E2%80%9D' aria-hidden='false' data-av_icon='\ue8f3' data-av_iconfont='entypo-fontello' title='' data-avia-related-tooltip='Compartir en Facebook' rel=\"noopener\"><span class='avia_hidden_link_text'>Compartir en Facebook<\/span><\/a><\/li><li class='av-share-link av-social-link-twitter' ><a target=\"_blank\" aria-label=\"Compartir en Twitter\" href='https:\/\/twitter.com\/share?text=Sandoval%20y%20medidas%20por%20conectividad%20en%20Chile%20Chico%3A%20%E2%80%9CSe%20reaccion%C3%B3%20adecuadamente%E2%80%9D&#038;url=https:\/\/radiorevelacionfm.cl\/?p=10484' aria-hidden='false' data-av_icon='\ue8f1' data-av_iconfont='entypo-fontello' title='' data-avia-related-tooltip='Compartir en Twitter' rel=\"noopener\"><span class='avia_hidden_link_text'>Compartir en Twitter<\/span><\/a><\/li><li class='av-share-link av-social-link-whatsapp' ><a target=\"_blank\" aria-label=\"Compartir en Whatsapp\" href='https:\/\/api.whatsapp.com\/send?text=https:\/\/radiorevelacionfm.cl\/?p=10484' aria-hidden='false' data-av_icon='\uf232' data-av_iconfont='entypo-fontello' title='' data-avia-related-tooltip='Compartir en Whatsapp' rel=\"noopener\"><span class='avia_hidden_link_text'>Compartir en Whatsapp<\/span><\/a><\/li><li class='av-share-link av-social-link-linkedin' ><a target=\"_blank\" aria-label=\"Compartir en LinkedIn\" href='https:\/\/linkedin.com\/shareArticle?mini=true&#038;title=Sandoval%20y%20medidas%20por%20conectividad%20en%20Chile%20Chico%3A%20%E2%80%9CSe%20reaccion%C3%B3%20adecuadamente%E2%80%9D&#038;url=https:\/\/radiorevelacionfm.cl\/?p=10484' aria-hidden='false' data-av_icon='\ue8fc' data-av_iconfont='entypo-fontello' title='' data-avia-related-tooltip='Compartir en LinkedIn' rel=\"noopener\"><span class='avia_hidden_link_text'>Compartir en LinkedIn<\/span><\/a><\/li><li class='av-share-link av-social-link-mail' ><a  aria-label=\"Compartir por correo\" href='mailto:?subject=Sandoval%20y%20medidas%20por%20conectividad%20en%20Chile%20Chico%3A%20%E2%80%9CSe%20reaccion%C3%B3%20adecuadamente%E2%80%9D&#038;body=https:\/\/radiorevelacionfm.cl\/?p=10484' aria-hidden='false' data-av_icon='\ue805' data-av_iconfont='entypo-fontello' title='' data-avia-related-tooltip='Compartir por correo'><span class='avia_hidden_link_text'>Compartir por correo<\/span><\/a><\/li><\/ul><\/div><\/div>\n<div  style='height:50px' class='hr hr-invisible   avia-builder-el-8  el_after_av_social_share  el_before_av_comments_list '><span class='hr-inner ' ><span class='hr-inner-style'><\/span><\/span><\/div>\n<div  class='av-buildercomment  av-blog-meta-html-info-disabled av-blog-meta-tag-disabled  '><\/div>\n","protected":false},"excerpt":{"rendered":"","protected":false},"author":1,"featured_media":5969,"comment_status":"open","ping_status":"open","sticky":false,"template":"","format":"standard","meta":{"footnotes":""},"categories":[35],"tags":[],"class_list":["post-10484","post","type-post","status-publish","format-standard","has-post-thumbnail","hentry","category-politica"],"jetpack_featured_media_url":"https:\/\/radiorevelacionfm.cl\/wp-content\/uploads\/2021\/07\/Senador-David-Sandoval-1-1.jpg","_links":{"self":[{"href":"https:\/\/radiorevelacionfm.cl\/index.php?rest_route=\/wp\/v2\/posts\/10484","targetHints":{"allow":["GET"]}}],"collection":[{"href":"https:\/\/radiorevelacionfm.cl\/index.php?rest_route=\/wp\/v2\/posts"}],"about":[{"href":"https:\/\/radiorevelacionfm.cl\/index.php?rest_route=\/wp\/v2\/types\/post"}],"author":[{"embeddable":true,"href":"https:\/\/radiorevelacionfm.cl\/index.php?rest_route=\/wp\/v2\/users\/1"}],"replies":[{"embeddable":true,"href":"https:\/\/radiorevelacionfm.cl\/index.php?rest_route=%2Fwp%2Fv2%2Fcomments&post=10484"}],"version-history":[{"count":2,"href":"https:\/\/radiorevelacionfm.cl\/index.php?rest_route=\/wp\/v2\/posts\/10484\/revisions"}],"predecessor-version":[{"id":10486,"href":"https:\/\/radiorevelacionfm.cl\/index.php?rest_route=\/wp\/v2\/posts\/10484\/revisions\/10486"}],"wp:featuredmedia":[{"embeddable":true,"href":"https:\/\/radiorevelacionfm.cl\/index.php?rest_route=\/wp\/v2\/media\/5969"}],"wp:attachment":[{"href":"https:\/\/radiorevelacionfm.cl\/index.php?rest_route=%2Fwp%2Fv2%2Fmedia&parent=10484"}],"wp:term":[{"taxonomy":"category","embeddable":true,"href":"https:\/\/radiorevelacionfm.cl\/index.php?rest_route=%2Fwp%2Fv2%2Fcategories&post=10484"},{"taxonomy":"post_tag","embeddable":true,"href":"https:\/\/radiorevelacionfm.cl\/index.php?rest_route=%2Fwp%2Fv2%2Ftags&post=10484"}],"curies":[{"name":"wp","href":"https:\/\/api.w.org\/{rel}","templated":true}]}}