{"id":10480,"date":"2021-11-07T15:25:29","date_gmt":"2021-11-07T18:25:29","guid":{"rendered":"https:\/\/radiorevelacionfm.cl\/?p=10480"},"modified":"2021-11-07T15:25:29","modified_gmt":"2021-11-07T18:25:29","slug":"con-amplia-convocatoria-se-realizo-charla-a-trabajadores-a-honorarios-de-diversas-comunas-de-la-region-de-aysen","status":"publish","type":"post","link":"https:\/\/radiorevelacionfm.cl\/?p=10480","title":{"rendered":"Con amplia convocatoria se realiz\u00f3 charla a trabajadores a honorarios de diversas comunas de la Regi\u00f3n de Ays\u00e9n"},"content":{"rendered":"<div class=\"flex_column av_one_full  flex_column_div av-zero-column-padding first  avia-builder-el-0  el_before_av_one_full  avia-builder-el-first  \" style='border-radius:0px; '><div  class='avia-image-container  av-styling-    avia-builder-el-1  avia-builder-el-no-sibling  avia-align-center '  itemprop=\"image\" itemscope=\"itemscope\" itemtype=\"https:\/\/schema.org\/ImageObject\"  ><div class='avia-image-container-inner'><div class='avia-image-overlay-wrap'><img decoding=\"async\" class='wp-image-10481 avia-img-lazy-loading-not-10481 avia_image' src=\"https:\/\/radiorevelacionfm.cl\/wp-content\/uploads\/2021\/11\/Charla-Honorarios_2SEM_2021_2-1-1.jpg\" alt='' title='Charla Honorarios_2SEM_2021_2 (1) (1)' height=\"600\" width=\"1252\"  itemprop=\"thumbnailUrl\" srcset=\"https:\/\/radiorevelacionfm.cl\/wp-content\/uploads\/2021\/11\/Charla-Honorarios_2SEM_2021_2-1-1.jpg 1252w, https:\/\/radiorevelacionfm.cl\/wp-content\/uploads\/2021\/11\/Charla-Honorarios_2SEM_2021_2-1-1-300x144.jpg 300w, https:\/\/radiorevelacionfm.cl\/wp-content\/uploads\/2021\/11\/Charla-Honorarios_2SEM_2021_2-1-1-1030x494.jpg 1030w, https:\/\/radiorevelacionfm.cl\/wp-content\/uploads\/2021\/11\/Charla-Honorarios_2SEM_2021_2-1-1-768x368.jpg 768w, https:\/\/radiorevelacionfm.cl\/wp-content\/uploads\/2021\/11\/Charla-Honorarios_2SEM_2021_2-1-1-705x338.jpg 705w, https:\/\/radiorevelacionfm.cl\/wp-content\/uploads\/2021\/11\/Charla-Honorarios_2SEM_2021_2-1-1-600x288.jpg 600w\" sizes=\"(max-width: 1252px) 100vw, 1252px\" \/><\/div><\/div><\/div><\/div><div class=\"flex_column av_one_full  flex_column_div av-zero-column-padding first  avia-builder-el-2  el_after_av_one_full  el_before_av_one_full  column-top-margin\" style='border-radius:0px; '><section class=\"av_textblock_section \"  itemscope=\"itemscope\" itemtype=\"https:\/\/schema.org\/BlogPosting\" itemprop=\"blogPost\" ><div class='avia_textblock  '   itemprop=\"text\" ><p style=\"text-align: center;\"><span style=\"font-size: 18pt;\"><b>Con amplia convocatoria se realiz\u00f3 charla a trabajadores a honorarios de diversas comunas de la Regi\u00f3n de Ays\u00e9n<\/b><\/span><\/p>\n<div id=\"gtx-trans\" style=\"position: absolute; left: -50px; top: 4.31534px;\">\n<div class=\"gtx-trans-icon\"><\/div>\n<\/div>\n<\/div><\/section><\/div><div class=\"flex_column av_one_full  flex_column_div av-zero-column-padding first  avia-builder-el-4  el_after_av_one_full  el_before_av_hr  column-top-margin\" style='border-radius:0px; '><section class=\"av_textblock_section \"  itemscope=\"itemscope\" itemtype=\"https:\/\/schema.org\/BlogPosting\" itemprop=\"blogPost\" ><div class='avia_textblock  '   itemprop=\"text\" ><p class=\"v1MsoNormal\" style=\"text-align: justify;\"><span lang=\"ES\">Con el prop\u00f3sito de informar y resolver consultas se desarroll\u00f3 una instancia de capacitaci\u00f3n \u2013con una duraci\u00f3n de m\u00e1s de 2 horas- con respecto a la cotizaci\u00f3n obligatoria para los trabajadores independientes que emiten boleta de honorarios, a qu\u00e9 beneficios les da acceso y c\u00f3mo realizar los tr\u00e1mites, con miras a la Operaci\u00f3n Renta 2022. La charla fue dictada por la profesional de la Unidad de Educaci\u00f3n Previsional de la Subsecretar\u00eda de Previsi\u00f3n Social, Ana Mar\u00eda Fuentealba, participando adem\u00e1s la Seremi de Trabajo y Previsi\u00f3n Social, Andrea Ponce.<\/span><\/p>\n<p class=\"v1MsoNormal\" style=\"text-align: justify;\"><span lang=\"ES\">La charla fue solicitada por grupos de trabajadores a honorarios y municipios, asistiendo m\u00e1s de 60 trabajadores independientes, tanto de municipios de la Regi\u00f3n de Ays\u00e9n como de servicios p\u00fablicos, siendo coordinada por la Secretar\u00eda Regional Ministerial del Trabajo y Previsi\u00f3n Social.<\/span><\/p>\n<p class=\"v1MsoNormal\" style=\"text-align: justify;\">La\u00a0<span lang=\"ES\">Seremi Andrea Ponce se refiri\u00f3 al objetivo de la charla, \u00abEn el marco de la ley 21.133 y a partir de la Operaci\u00f3n Renta 2020, los trabajadores a honorarios comenzaron a recibir los beneficios de la seguridad social, obteniendo la misma protecci\u00f3n con la que cuentan los trabajadores dependientes, es decir: Seguro de Invalidez y Sobrevivencia (SIS), Seguro Social contra Riesgos de Accidentes del Trabajo y Enfermedades Profesionales, Seguro para el Acompa\u00f1amiento de Ni\u00f1os, Ni\u00f1as y Adolescentes (Ley Sanna), Salud (Fonasa o Isapre) y aporte para pensiones de vejez (AFP). Si bien nuestra atribuci\u00f3n es con respecto a los trabajadores con contrato C\u00f3digo del Trabajo, es tambi\u00e9n nuestro esp\u00edritu como Gobierno informar y actualizar los conocimientos de los deberes y derechos de todos los trabajadores. Son muchos los trabajadores a honorarios que desconocen los beneficios que tienen a trav\u00e9s de la retenci\u00f3n que se realiza en sus boletas, ya sea retenci\u00f3n parcial o total, y destaco la oportunidad que entreg\u00f3 esta charla de aclarar muchas dudas pr\u00e1cticas, relacionadas a c\u00f3mo acceder a los beneficios y coberturas de la seguridad laboral, que ya tienen, informar sobre qu\u00e9 sucede si tienen una enfermedad profesional, una licencia, un accidente de trayecto o sus hijos padecen una enfermedad grave. Quienes necesiten informaci\u00f3n, los invitamos a visitar el sitio web\u00a0<\/span><a href=\"http:\/\/www.leyhonorarios.cl\/\" target=\"_blank\" rel=\"noopener noreferrer\">www.leyhonorarios.cl<\/a><span lang=\"ES\">.\u00bb, afirm\u00f3 la autoridad. \u00a0<\/span><\/p>\n<p class=\"v1MsoNormal\" style=\"text-align: justify;\"><span lang=\"ES\">Uno de los asistentes fue Jorge Fuentes, quien coment\u00f3, \u00abFue muy din\u00e1mica y caus\u00f3 un impacto s\u00faper positivo para el desarrollo de nuestras funciones como honorarios de distintos servicios. Nosotros como honorarios de Fosis destacamos mucho que esta charla nos ayud\u00f3 a actualizar conocimientos de distintas leyes, derechos y beneficios que como honorarios muchas veces se desconocen o no se utilizan por lo engorroso que pueden ser muchas de las tramitaciones que debemos realizar para obtener los beneficios que nuestros colegas a contrata o con otra situaci\u00f3n contractual tienen acceso de forma m\u00e1s expedita. Se agradecen estas instancias de entrega de conocimiento y de actualizaci\u00f3n de informaci\u00f3n\u00bb.\u00a0\u00a0<\/span><\/p>\n<p class=\"v1MsoNormal\" style=\"text-align: justify;\"><span lang=\"ES\">A pesar de no contar con muy buena conexi\u00f3n, los trabajadores a honorarios de Lago Verde, se organizaron para reunirse y conectarse juntos a la charla, la administradora municipal, Marcela Martin agradeci\u00f3 la actividad, ya que el municipio fue una de las organizaciones que solicitaron informaci\u00f3n sobre el tema,<\/span><\/p>\n<p class=\"v1MsoNormal\" style=\"text-align: justify;\"><span lang=\"ES\">\u00abLa Municipalidad de Lago Verde junto a su Alcalde Nelson Opazo, tiene presente la importancia que tienen los prestadores de servicios a honorarios de nuestro municipio, y por esta raz\u00f3n y en colaboraci\u00f3n con la Seremi de Trabajo y Previsi\u00f3n Social, Andrea Ponce, llevamos a cabo una charla donde se pudieron resolver dudas y consultas de los asistentes a esta capacitaci\u00f3n telem\u00e1tica, a fin de informarles sobre la protecci\u00f3n de los reg\u00edmenes de seguridad social, de los cambios en la legislaci\u00f3n y de los derechos y obligaciones que a ellos les asisten. Los comentarios de nuestros trabajadores fueron muy positivos, por lo tanto, agradecemos que se den estas instancias colaborativas y participativas entre los servicios, puesto que finalmente repercute y tiene directa incidencia en mejores ambientes laborales y en brindar un mejor servicio a la comunidad, en definitiva\u00bb, mencion\u00f3. \u00a0\u00a0\u00a0\u00a0\u00a0\u00a0<\/span><\/p>\n<p class=\"v1MsoNormal\" style=\"text-align: justify;\"><span lang=\"ES\">En la p\u00e1gina web\u00a0<\/span><span lang=\"ES\"><a href=\"http:\/\/www.leyhonorarios.cl\/\" target=\"_blank\" rel=\"noopener noreferrer\">www.leyhonorarios.cl<\/a><\/span><span lang=\"ES\">\u00a0los trabajadores pueden simular los beneficios a los cuales tienen derecho actualmente, seg\u00fan si optaron por la retenci\u00f3n total o parcial en la Operaci\u00f3n Renta 2021.<\/span><\/p>\n<\/div><\/section><\/div><div  style='height:50px' class='hr hr-invisible   avia-builder-el-6  el_after_av_one_full  el_before_av_social_share '><span class='hr-inner ' ><span class='hr-inner-style'><\/span><\/span><\/div><\/p>\n<div  class='av-social-sharing-box  avia-builder-el-7  el_after_av_hr  el_before_av_hr  '><div class='av-share-box'><h5 class='av-share-link-description av-no-toc '>Compartir esta noticia<\/h5><ul class='av-share-box-list noLightbox'><li class='av-share-link av-social-link-facebook' ><a target=\"_blank\" aria-label=\"Compartir en Facebook\" href='https:\/\/www.facebook.com\/sharer.php?u=https:\/\/radiorevelacionfm.cl\/?p=10480&#038;t=Con%20amplia%20convocatoria%20se%20realiz%C3%B3%20charla%20a%20trabajadores%20a%20honorarios%20de%20diversas%20comunas%20de%20la%20Regi%C3%B3n%20de%20Ays%C3%A9n' aria-hidden='false' data-av_icon='\ue8f3' data-av_iconfont='entypo-fontello' title='' data-avia-related-tooltip='Compartir en Facebook' rel=\"noopener\"><span class='avia_hidden_link_text'>Compartir en Facebook<\/span><\/a><\/li><li class='av-share-link av-social-link-twitter' ><a target=\"_blank\" aria-label=\"Compartir en Twitter\" href='https:\/\/twitter.com\/share?text=Con%20amplia%20convocatoria%20se%20realiz%C3%B3%20charla%20a%20trabajadores%20a%20honorarios%20de%20diversas%20comunas%20de%20la%20Regi%C3%B3n%20de%20Ays%C3%A9n&#038;url=https:\/\/radiorevelacionfm.cl\/?p=10480' aria-hidden='false' data-av_icon='\ue8f1' data-av_iconfont='entypo-fontello' title='' data-avia-related-tooltip='Compartir en Twitter' rel=\"noopener\"><span class='avia_hidden_link_text'>Compartir en Twitter<\/span><\/a><\/li><li class='av-share-link av-social-link-whatsapp' ><a target=\"_blank\" aria-label=\"Compartir en Whatsapp\" href='https:\/\/api.whatsapp.com\/send?text=https:\/\/radiorevelacionfm.cl\/?p=10480' aria-hidden='false' data-av_icon='\uf232' data-av_iconfont='entypo-fontello' title='' data-avia-related-tooltip='Compartir en Whatsapp' rel=\"noopener\"><span class='avia_hidden_link_text'>Compartir en Whatsapp<\/span><\/a><\/li><li class='av-share-link av-social-link-linkedin' ><a target=\"_blank\" aria-label=\"Compartir en LinkedIn\" href='https:\/\/linkedin.com\/shareArticle?mini=true&#038;title=Con%20amplia%20convocatoria%20se%20realiz%C3%B3%20charla%20a%20trabajadores%20a%20honorarios%20de%20diversas%20comunas%20de%20la%20Regi%C3%B3n%20de%20Ays%C3%A9n&#038;url=https:\/\/radiorevelacionfm.cl\/?p=10480' aria-hidden='false' data-av_icon='\ue8fc' data-av_iconfont='entypo-fontello' title='' data-avia-related-tooltip='Compartir en LinkedIn' rel=\"noopener\"><span class='avia_hidden_link_text'>Compartir en LinkedIn<\/span><\/a><\/li><li class='av-share-link av-social-link-mail' ><a  aria-label=\"Compartir por correo\" href='mailto:?subject=Con%20amplia%20convocatoria%20se%20realiz%C3%B3%20charla%20a%20trabajadores%20a%20honorarios%20de%20diversas%20comunas%20de%20la%20Regi%C3%B3n%20de%20Ays%C3%A9n&#038;body=https:\/\/radiorevelacionfm.cl\/?p=10480' aria-hidden='false' data-av_icon='\ue805' data-av_iconfont='entypo-fontello' title='' data-avia-related-tooltip='Compartir por correo'><span class='avia_hidden_link_text'>Compartir por correo<\/span><\/a><\/li><\/ul><\/div><\/div>\n<div  style='height:50px' class='hr hr-invisible   avia-builder-el-8  el_after_av_social_share  el_before_av_comments_list '><span class='hr-inner ' ><span class='hr-inner-style'><\/span><\/span><\/div>\n<div  class='av-buildercomment  av-blog-meta-html-info-disabled av-blog-meta-tag-disabled  '><\/div>\n","protected":false},"excerpt":{"rendered":"","protected":false},"author":1,"featured_media":10481,"comment_status":"open","ping_status":"open","sticky":false,"template":"","format":"standard","meta":{"footnotes":""},"categories":[56],"tags":[],"class_list":["post-10480","post","type-post","status-publish","format-standard","has-post-thumbnail","hentry","category-trabajo"],"jetpack_featured_media_url":"https:\/\/radiorevelacionfm.cl\/wp-content\/uploads\/2021\/11\/Charla-Honorarios_2SEM_2021_2-1-1.jpg","_links":{"self":[{"href":"https:\/\/radiorevelacionfm.cl\/index.php?rest_route=\/wp\/v2\/posts\/10480","targetHints":{"allow":["GET"]}}],"collection":[{"href":"https:\/\/radiorevelacionfm.cl\/index.php?rest_route=\/wp\/v2\/posts"}],"about":[{"href":"https:\/\/radiorevelacionfm.cl\/index.php?rest_route=\/wp\/v2\/types\/post"}],"author":[{"embeddable":true,"href":"https:\/\/radiorevelacionfm.cl\/index.php?rest_route=\/wp\/v2\/users\/1"}],"replies":[{"embeddable":true,"href":"https:\/\/radiorevelacionfm.cl\/index.php?rest_route=%2Fwp%2Fv2%2Fcomments&post=10480"}],"version-history":[{"count":2,"href":"https:\/\/radiorevelacionfm.cl\/index.php?rest_route=\/wp\/v2\/posts\/10480\/revisions"}],"predecessor-version":[{"id":10483,"href":"https:\/\/radiorevelacionfm.cl\/index.php?rest_route=\/wp\/v2\/posts\/10480\/revisions\/10483"}],"wp:featuredmedia":[{"embeddable":true,"href":"https:\/\/radiorevelacionfm.cl\/index.php?rest_route=\/wp\/v2\/media\/10481"}],"wp:attachment":[{"href":"https:\/\/radiorevelacionfm.cl\/index.php?rest_route=%2Fwp%2Fv2%2Fmedia&parent=10480"}],"wp:term":[{"taxonomy":"category","embeddable":true,"href":"https:\/\/radiorevelacionfm.cl\/index.php?rest_route=%2Fwp%2Fv2%2Fcategories&post=10480"},{"taxonomy":"post_tag","embeddable":true,"href":"https:\/\/radiorevelacionfm.cl\/index.php?rest_route=%2Fwp%2Fv2%2Ftags&post=10480"}],"curies":[{"name":"wp","href":"https:\/\/api.w.org\/{rel}","templated":true}]}}