{"id":10476,"date":"2021-11-07T12:44:04","date_gmt":"2021-11-07T15:44:04","guid":{"rendered":"https:\/\/radiorevelacionfm.cl\/?p=10476"},"modified":"2021-11-07T12:44:04","modified_gmt":"2021-11-07T15:44:04","slug":"en-cisnes-autoridades-y-comunidad-analizan-situacion-del-sendero-bosque-encantado","status":"publish","type":"post","link":"https:\/\/radiorevelacionfm.cl\/?p=10476","title":{"rendered":"En Cisnes autoridades y comunidad analizan situaci\u00f3n del sendero \u201cBosque Encantado\u201d"},"content":{"rendered":"<div class=\"flex_column av_one_full  flex_column_div av-zero-column-padding first  avia-builder-el-0  el_before_av_one_full  avia-builder-el-first  \" style='border-radius:0px; '><div  class='avia-image-container  av-styling-    avia-builder-el-1  avia-builder-el-no-sibling  avia-align-center '  itemprop=\"image\" itemscope=\"itemscope\" itemtype=\"https:\/\/schema.org\/ImageObject\"  ><div class='avia-image-container-inner'><div class='avia-image-overlay-wrap'><img decoding=\"async\" class='wp-image-10477 avia-img-lazy-loading-not-10477 avia_image' src=\"https:\/\/radiorevelacionfm.cl\/wp-content\/uploads\/2021\/11\/bosque-encantado-1_optimized.jpg\" alt='' title='bosque-encantado-(1)_optimized' height=\"600\" width=\"897\"  itemprop=\"thumbnailUrl\" srcset=\"https:\/\/radiorevelacionfm.cl\/wp-content\/uploads\/2021\/11\/bosque-encantado-1_optimized.jpg 897w, https:\/\/radiorevelacionfm.cl\/wp-content\/uploads\/2021\/11\/bosque-encantado-1_optimized-300x201.jpg 300w, https:\/\/radiorevelacionfm.cl\/wp-content\/uploads\/2021\/11\/bosque-encantado-1_optimized-768x514.jpg 768w, https:\/\/radiorevelacionfm.cl\/wp-content\/uploads\/2021\/11\/bosque-encantado-1_optimized-705x472.jpg 705w, https:\/\/radiorevelacionfm.cl\/wp-content\/uploads\/2021\/11\/bosque-encantado-1_optimized-600x401.jpg 600w\" sizes=\"(max-width: 897px) 100vw, 897px\" \/><\/div><\/div><\/div><\/div><div class=\"flex_column av_one_full  flex_column_div av-zero-column-padding first  avia-builder-el-2  el_after_av_one_full  el_before_av_one_full  column-top-margin\" style='border-radius:0px; '><section class=\"av_textblock_section \"  itemscope=\"itemscope\" itemtype=\"https:\/\/schema.org\/BlogPosting\" itemprop=\"blogPost\" ><div class='avia_textblock  '   itemprop=\"text\" ><p style=\"text-align: center;\"><strong><span style=\"font-size: 18pt;\">En Cisnes autoridades y comunidad analizan situaci\u00f3n del sendero \u201cBosque Encantado\u201d <\/span><\/strong><\/p>\n<div id=\"gtx-trans\" style=\"position: absolute; left: -50px; top: 4.31534px;\">\n<div class=\"gtx-trans-icon\"><\/div>\n<\/div>\n<\/div><\/section><\/div><div class=\"flex_column av_one_full  flex_column_div av-zero-column-padding first  avia-builder-el-4  el_after_av_one_full  el_before_av_hr  column-top-margin\" style='border-radius:0px; '><section class=\"av_textblock_section \"  itemscope=\"itemscope\" itemtype=\"https:\/\/schema.org\/BlogPosting\" itemprop=\"blogPost\" ><div class='avia_textblock  '   itemprop=\"text\" ><p style=\"text-align: justify;\">La Ilustre Municipalidad de Cisnes reuni\u00f3 a diversos actores p\u00fablicos, privados y a representantes de la comunidad, para analizar la actual condici\u00f3n del sendero \u201cBosque Encantado\u201d, icono tur\u00edstico del territorio y que el a\u00f1o 2018 sufri\u00f3 los efectos de un aluvi\u00f3n y desde esa fecha se ha restringido su acceso, principalmente por temas de seguridad.<\/p>\n<p style=\"text-align: justify;\">Al encuentro asistieron el Alcalde, Francisco Roncagliolo, Seremi de Agricultura, Felipe Henr\u00edquez, directora regional de Sernageomin, Andrea Aguilar, Concejales, representantes de Conaf y gremios vinculados al turismo. El representante del Ministerio de Agricultura en nuestra regi\u00f3n, destac\u00f3 la participaci\u00f3n ciudadana en este tipo de instancias.<\/p>\n<p style=\"text-align: justify;\">\u201cLa participaci\u00f3n ciudadana de las localidades, en este caso de la comuna es muy importante para las acciones que llevamos desde el Ministerio de Agricultura. Por eso, cuando coordinamos con Andrea Aguilar, directora de Sernageomin, la visita de los referentes nacionales del tema de remoci\u00f3n en masa al sendero bosque encantado para el ver estado de seguridad, inmediatamente comenzamos a coordinar con el Alcalde Francisco Roncagliolo para que pudi\u00e9ramos compartir con la comunidad, con los usuarios del sendero, con los operadores tur\u00edsticos y conversar respecto a las primeras impresiones que pudiera sacar el Servicio Nacional de Geolog\u00eda y Miner\u00eda, que es el organismo competente\u201d, manifest\u00f3 el Seremi, Felipe Henr\u00edquez.<\/p>\n<p style=\"text-align: justify;\">La directora regional de Sernageomin, Andrea Aguilar, relev\u00f3 la instancia de conversaci\u00f3n con los distintos actores para analizar la actual condici\u00f3n del sendero \u201cBosque Encantado\u201d y tras obtener informaci\u00f3n actualizada, haber estado en terreno, se podr\u00e1 emitir un nuevo informe en torno a la real situaci\u00f3n de esta \u00e1rea tur\u00edstica de la comuna de Cisnes.<\/p>\n<p style=\"text-align: justify;\">\u201cFue muy positivo porque pudimos hacerlo en conjunto a las otras entidades p\u00fablicas y tener una visi\u00f3n de cerca, adem\u00e1s de tomar puntos que no ten\u00edamos anteriormente para nuestro an\u00e1lisis que es lo importante. Debemos situarnos en los antecedentes que tenemos, sumar las im\u00e1genes satelitales y los puntos que tomamos hoy para tener un global, para hacer una recomendaci\u00f3n actualizada y certera de lo que vemos nosotros t\u00e9cnicamente. Pero obviamente llegar a un consenso dentro de las recomendaciones, que pueda tambi\u00e9n dar lugar a lo que se puede hacer, inversiones, alg\u00fan tipo de mejoras, restricci\u00f3n o divisi\u00f3n dentro del sendero y todo eso va a ser un trabajo que nosotros como Sernageomin vamos a apoyar\u201d.<\/p>\n<p style=\"text-align: justify;\">El jefe comunal, Alcalde Francisco Roncagliolo, puso en valor la instancia informativa, se\u00f1alando que esperaran la evaluaci\u00f3n y el informe t\u00e9cnico respecto a la condici\u00f3n del sendero bosque encantado.<\/p>\n<p style=\"text-align: justify;\">\u201cUna reuni\u00f3n para evaluar lo que es el sendero del bosque encantado, que fue afectado por un aluvi\u00f3n en su minuto y que obviamente tiene condiciones de riesgo que es importante que equipos t\u00e9cnicos puedan decidir y ver en qu\u00e9 condiciones esta, para saber si est\u00e1n las condiciones necesarias para que la gente lo pueda usar en forma normal. Tenemos hoy d\u00eda un diagnostico preliminar, que es una zona de riesgo, vamos a esperar el informe final de los equipos t\u00e9cnicos\u201d.<\/p>\n<p style=\"text-align: justify;\">El Alcalde de la comuna de Cisnes, Francisco Roncagliolo, a\u00f1adi\u00f3 que, se hace necesario junto a los organismos t\u00e9cnicos correspondientes, el municipio y la comunidad, evaluar nuevos espacios naturales que faciliten el acceso familiar y de turistas.<\/p>\n<p style=\"text-align: justify;\">\u201cLo importante tambi\u00e9n hoy d\u00eda en este reuni\u00f3n, es que no solamente tenemos una evaluaci\u00f3n de un punto que para nosotros es muy importante, como es el bosque encantado, sino que tambi\u00e9n, nos plantea un desaf\u00edo en conjunto con los dem\u00e1s actores, Conaf, Ministerio de Agricultura, obviamente todos los actores locales del turismo y nosotros como Municipalidad, de buscar alternativas. Alternativas que sean de senderos familiares, de senderos que inviten a nuestros visitantes a quedarse un d\u00eda, dos d\u00edas m\u00e1s en nuestra zona\u201d.<\/p>\n<p style=\"text-align: justify;\">En aproximadamente dos semanas se debiera conocer informe t\u00e9cnico y de seguridad para acceder o no al sendero bosque encantando, \u00e1rea tur\u00edstica de la comuna de Cisnes, afectada por situaciones naturales el a\u00f1o 2018.<\/p>\n<\/div><\/section><\/div><div  style='height:50px' class='hr hr-invisible   avia-builder-el-6  el_after_av_one_full  el_before_av_social_share '><span class='hr-inner ' ><span class='hr-inner-style'><\/span><\/span><\/div><\/p>\n<div  class='av-social-sharing-box  avia-builder-el-7  el_after_av_hr  el_before_av_hr  '><div class='av-share-box'><h5 class='av-share-link-description av-no-toc '>Compartir esta noticia<\/h5><ul class='av-share-box-list noLightbox'><li class='av-share-link av-social-link-facebook' ><a target=\"_blank\" aria-label=\"Compartir en Facebook\" href='https:\/\/www.facebook.com\/sharer.php?u=https:\/\/radiorevelacionfm.cl\/?p=10476&#038;t=En%20Cisnes%20autoridades%20y%20comunidad%20analizan%20situaci%C3%B3n%20del%20sendero%20%E2%80%9CBosque%20Encantado%E2%80%9D' aria-hidden='false' data-av_icon='\ue8f3' data-av_iconfont='entypo-fontello' title='' data-avia-related-tooltip='Compartir en Facebook' rel=\"noopener\"><span class='avia_hidden_link_text'>Compartir en Facebook<\/span><\/a><\/li><li class='av-share-link av-social-link-twitter' ><a target=\"_blank\" aria-label=\"Compartir en Twitter\" href='https:\/\/twitter.com\/share?text=En%20Cisnes%20autoridades%20y%20comunidad%20analizan%20situaci%C3%B3n%20del%20sendero%20%E2%80%9CBosque%20Encantado%E2%80%9D&#038;url=https:\/\/radiorevelacionfm.cl\/?p=10476' aria-hidden='false' data-av_icon='\ue8f1' data-av_iconfont='entypo-fontello' title='' data-avia-related-tooltip='Compartir en Twitter' rel=\"noopener\"><span class='avia_hidden_link_text'>Compartir en Twitter<\/span><\/a><\/li><li class='av-share-link av-social-link-whatsapp' ><a target=\"_blank\" aria-label=\"Compartir en Whatsapp\" href='https:\/\/api.whatsapp.com\/send?text=https:\/\/radiorevelacionfm.cl\/?p=10476' aria-hidden='false' data-av_icon='\uf232' data-av_iconfont='entypo-fontello' title='' data-avia-related-tooltip='Compartir en Whatsapp' rel=\"noopener\"><span class='avia_hidden_link_text'>Compartir en Whatsapp<\/span><\/a><\/li><li class='av-share-link av-social-link-linkedin' ><a target=\"_blank\" aria-label=\"Compartir en LinkedIn\" href='https:\/\/linkedin.com\/shareArticle?mini=true&#038;title=En%20Cisnes%20autoridades%20y%20comunidad%20analizan%20situaci%C3%B3n%20del%20sendero%20%E2%80%9CBosque%20Encantado%E2%80%9D&#038;url=https:\/\/radiorevelacionfm.cl\/?p=10476' aria-hidden='false' data-av_icon='\ue8fc' data-av_iconfont='entypo-fontello' title='' data-avia-related-tooltip='Compartir en LinkedIn' rel=\"noopener\"><span class='avia_hidden_link_text'>Compartir en LinkedIn<\/span><\/a><\/li><li class='av-share-link av-social-link-mail' ><a  aria-label=\"Compartir por correo\" href='mailto:?subject=En%20Cisnes%20autoridades%20y%20comunidad%20analizan%20situaci%C3%B3n%20del%20sendero%20%E2%80%9CBosque%20Encantado%E2%80%9D&#038;body=https:\/\/radiorevelacionfm.cl\/?p=10476' aria-hidden='false' data-av_icon='\ue805' data-av_iconfont='entypo-fontello' title='' data-avia-related-tooltip='Compartir por correo'><span class='avia_hidden_link_text'>Compartir por correo<\/span><\/a><\/li><\/ul><\/div><\/div>\n<div  style='height:50px' class='hr hr-invisible   avia-builder-el-8  el_after_av_social_share  el_before_av_comments_list '><span class='hr-inner ' ><span class='hr-inner-style'><\/span><\/span><\/div>\n<div  class='av-buildercomment  av-blog-meta-html-info-disabled av-blog-meta-tag-disabled  '><\/div>\n","protected":false},"excerpt":{"rendered":"","protected":false},"author":1,"featured_media":10477,"comment_status":"open","ping_status":"open","sticky":false,"template":"","format":"standard","meta":{"footnotes":""},"categories":[38],"tags":[],"class_list":["post-10476","post","type-post","status-publish","format-standard","has-post-thumbnail","hentry","category-regional"],"jetpack_featured_media_url":"https:\/\/radiorevelacionfm.cl\/wp-content\/uploads\/2021\/11\/bosque-encantado-1_optimized.jpg","_links":{"self":[{"href":"https:\/\/radiorevelacionfm.cl\/index.php?rest_route=\/wp\/v2\/posts\/10476","targetHints":{"allow":["GET"]}}],"collection":[{"href":"https:\/\/radiorevelacionfm.cl\/index.php?rest_route=\/wp\/v2\/posts"}],"about":[{"href":"https:\/\/radiorevelacionfm.cl\/index.php?rest_route=\/wp\/v2\/types\/post"}],"author":[{"embeddable":true,"href":"https:\/\/radiorevelacionfm.cl\/index.php?rest_route=\/wp\/v2\/users\/1"}],"replies":[{"embeddable":true,"href":"https:\/\/radiorevelacionfm.cl\/index.php?rest_route=%2Fwp%2Fv2%2Fcomments&post=10476"}],"version-history":[{"count":2,"href":"https:\/\/radiorevelacionfm.cl\/index.php?rest_route=\/wp\/v2\/posts\/10476\/revisions"}],"predecessor-version":[{"id":10479,"href":"https:\/\/radiorevelacionfm.cl\/index.php?rest_route=\/wp\/v2\/posts\/10476\/revisions\/10479"}],"wp:featuredmedia":[{"embeddable":true,"href":"https:\/\/radiorevelacionfm.cl\/index.php?rest_route=\/wp\/v2\/media\/10477"}],"wp:attachment":[{"href":"https:\/\/radiorevelacionfm.cl\/index.php?rest_route=%2Fwp%2Fv2%2Fmedia&parent=10476"}],"wp:term":[{"taxonomy":"category","embeddable":true,"href":"https:\/\/radiorevelacionfm.cl\/index.php?rest_route=%2Fwp%2Fv2%2Fcategories&post=10476"},{"taxonomy":"post_tag","embeddable":true,"href":"https:\/\/radiorevelacionfm.cl\/index.php?rest_route=%2Fwp%2Fv2%2Ftags&post=10476"}],"curies":[{"name":"wp","href":"https:\/\/api.w.org\/{rel}","templated":true}]}}