{"id":10467,"date":"2021-11-06T16:12:41","date_gmt":"2021-11-06T19:12:41","guid":{"rendered":"https:\/\/radiorevelacionfm.cl\/?p=10467"},"modified":"2021-11-06T16:12:41","modified_gmt":"2021-11-06T19:12:41","slug":"restablecen-conectividad-lacustre-con-barcaza-pilchero","status":"publish","type":"post","link":"https:\/\/radiorevelacionfm.cl\/?p=10467","title":{"rendered":"Restablecen conectividad lacustre con barcaza Pilchero"},"content":{"rendered":"<div class=\"flex_column av_one_full  flex_column_div av-zero-column-padding first  avia-builder-el-0  el_before_av_one_full  avia-builder-el-first  \" style='border-radius:0px; '><div  class='avia-image-container  av-styling-    avia-builder-el-1  avia-builder-el-no-sibling  avia-align-center '  itemprop=\"image\" itemscope=\"itemscope\" itemtype=\"https:\/\/schema.org\/ImageObject\"  ><div class='avia-image-container-inner'><div class='avia-image-overlay-wrap'><img decoding=\"async\" class='wp-image-10468 avia-img-lazy-loading-not-10468 avia_image' src=\"https:\/\/radiorevelacionfm.cl\/wp-content\/uploads\/2021\/11\/Reparacion-pilchero-2-1-1.jpg\" alt='' title='Reparaci\u00f3n pilchero (2) (1) (1)' height=\"600\" width=\"1266\"  itemprop=\"thumbnailUrl\" srcset=\"https:\/\/radiorevelacionfm.cl\/wp-content\/uploads\/2021\/11\/Reparacion-pilchero-2-1-1.jpg 1266w, https:\/\/radiorevelacionfm.cl\/wp-content\/uploads\/2021\/11\/Reparacion-pilchero-2-1-1-300x142.jpg 300w, https:\/\/radiorevelacionfm.cl\/wp-content\/uploads\/2021\/11\/Reparacion-pilchero-2-1-1-1030x488.jpg 1030w, https:\/\/radiorevelacionfm.cl\/wp-content\/uploads\/2021\/11\/Reparacion-pilchero-2-1-1-768x364.jpg 768w, https:\/\/radiorevelacionfm.cl\/wp-content\/uploads\/2021\/11\/Reparacion-pilchero-2-1-1-705x334.jpg 705w, https:\/\/radiorevelacionfm.cl\/wp-content\/uploads\/2021\/11\/Reparacion-pilchero-2-1-1-600x284.jpg 600w\" sizes=\"(max-width: 1266px) 100vw, 1266px\" \/><\/div><\/div><\/div><\/div><div class=\"flex_column av_one_full  flex_column_div av-zero-column-padding first  avia-builder-el-2  el_after_av_one_full  el_before_av_one_full  column-top-margin\" style='border-radius:0px; '><section class=\"av_textblock_section \"  itemscope=\"itemscope\" itemtype=\"https:\/\/schema.org\/BlogPosting\" itemprop=\"blogPost\" ><div class='avia_textblock  '   itemprop=\"text\" ><p style=\"text-align: center;\"><span style=\"font-size: 18pt;\"><b>Restablecen conectividad lacustre con barcaza Pilchero<\/b><\/span><\/p>\n<div id=\"gtx-trans\" style=\"position: absolute; left: -50px; top: 4.31534px;\">\n<div class=\"gtx-trans-icon\"><\/div>\n<\/div>\n<\/div><\/section><\/div><div class=\"flex_column av_one_full  flex_column_div av-zero-column-padding first  avia-builder-el-4  el_after_av_one_full  el_before_av_hr  column-top-margin\" style='border-radius:0px; '><section class=\"av_textblock_section \"  itemscope=\"itemscope\" itemtype=\"https:\/\/schema.org\/BlogPosting\" itemprop=\"blogPost\" ><div class='avia_textblock  '   itemprop=\"text\" ><p style=\"font-weight: 400; text-align: justify;\">Luego que el 31 de octubre se cancelaran los viajes de nave Pilchero, tras una falla en los motores y una serie de medidas de contingencia instauradas por las autoridades regionales para responder a las necesidades de conectividad de la comuna de Chile Chico. Tras la revisi\u00f3n de la Armada este 6 de noviembre la Pilchero retom\u00f3 el tr\u00e1nsito del Lago General Carrera con tres viajes uno a las\u00a014 hrs de Puerto Ib\u00e1\u00f1ez a Chile Chico, luego uno a las 17 hrs. en retorno y finalmente a las 20 hrs. de nuevo hacia la ciudad del sol.<\/p>\n<p style=\"font-weight: 400; text-align: justify;\">Las autoridades valoraron el trabajo conjunto existente, tanto para agilizar las reparaciones de la Pilchero, como para buscar alternativas a la conectividad lacustre. En este sentido la delegada Presidencial Regional Margarita Ossa reconoci\u00f3 a la SeremiTT Ays\u00e9n, Delegaci\u00f3n Provincial de General Carrera, Ministerio de Obras P\u00fablicas, la Armada y la empresa concesionaria del servicio subvencionado.<\/p>\n<p style=\"font-weight: 400; text-align: justify;\">\u201cTras la inspecci\u00f3n que hizo la Armada dentro de la ma\u00f1ana se arroj\u00f3 un resultado positivo. Es una buena\u00a0 noticia, el trabajo ha sido sostenido, las gestiones se iniciaron desde el minuto inicial de lo que fue esta falla en la barcaza. La empresa r\u00e1pidamente acogi\u00f3 la informaci\u00f3n necesaria para que conoci\u00e9ramos cu\u00e1l era el estado, cu\u00e1l era el trabajo y el tiempo que pod\u00edan demorar estas reparaciones. Agradecemos este trabajo conjunto para que efectivamente los vecinos y vecinas puedan recuperar esta conectividad tan importante\u201d, destac\u00f3 la delegada.<\/p>\n<p style=\"font-weight: 400; text-align: justify;\">En tanto el seremiTT Fabi\u00e1n Rojas agreg\u00f3 que \u201choy la Comisi\u00f3n Local de Inspecci\u00f3n de Naves realiz\u00f3 la inspecci\u00f3n despu\u00e9s de los trabajos que se hicieron el d\u00eda jueves y viernes en la barcaza instalando los acoples, alineando y calibrando los motores. Eso ha permitido tenerla con el certificado de navegabilidad para garantizar el traslado de los vecinos de la cuenca del Lago General Carrera\u201d.<\/p>\n<p style=\"font-weight: 400; text-align: justify;\">De la misma manera la autoridad sectorial agreg\u00f3 que se continuar\u00e1 alerta con las medidas de contingencia. \u201cVan a seguir operando en forma complementaria las lanchas que hemos contratado, durante toda la pr\u00f3xima semana. Los buses van a quedar a disposici\u00f3n en caso de que vuelvan a requerirse. Desde el primer d\u00eda que han ocurrido estos hechos no hemos descansado en trabajar en soluciones r\u00e1pidas y efectivas que han sido criticadas pero que sin embargo s\u00e9 que han sido valoradas por la comunidad, quienes han utilizado estos servicios lo han valorado\u201d, concluy\u00f3.<\/p>\n<p style=\"font-weight: 400; text-align: justify;\">A partir de\u00a0 ma\u00f1ana 7 de noviembre, se retomar\u00e1n los horarios habituales de barcaza Pilchero para la conectividad de la zona del Lago General Carrera.<\/p>\n<\/div><\/section><\/div><div  style='height:50px' class='hr hr-invisible   avia-builder-el-6  el_after_av_one_full  el_before_av_social_share '><span class='hr-inner ' ><span class='hr-inner-style'><\/span><\/span><\/div><\/p>\n<div  class='av-social-sharing-box  avia-builder-el-7  el_after_av_hr  el_before_av_hr  '><div class='av-share-box'><h5 class='av-share-link-description av-no-toc '>Compartir esta noticia<\/h5><ul class='av-share-box-list noLightbox'><li class='av-share-link av-social-link-facebook' ><a target=\"_blank\" aria-label=\"Compartir en Facebook\" href='https:\/\/www.facebook.com\/sharer.php?u=https:\/\/radiorevelacionfm.cl\/?p=10467&#038;t=Restablecen%20conectividad%20lacustre%20con%20barcaza%20Pilchero' aria-hidden='false' data-av_icon='\ue8f3' data-av_iconfont='entypo-fontello' title='' data-avia-related-tooltip='Compartir en Facebook' rel=\"noopener\"><span class='avia_hidden_link_text'>Compartir en Facebook<\/span><\/a><\/li><li class='av-share-link av-social-link-twitter' ><a target=\"_blank\" aria-label=\"Compartir en Twitter\" href='https:\/\/twitter.com\/share?text=Restablecen%20conectividad%20lacustre%20con%20barcaza%20Pilchero&#038;url=https:\/\/radiorevelacionfm.cl\/?p=10467' aria-hidden='false' data-av_icon='\ue8f1' data-av_iconfont='entypo-fontello' title='' data-avia-related-tooltip='Compartir en Twitter' rel=\"noopener\"><span class='avia_hidden_link_text'>Compartir en Twitter<\/span><\/a><\/li><li class='av-share-link av-social-link-whatsapp' ><a target=\"_blank\" aria-label=\"Compartir en Whatsapp\" href='https:\/\/api.whatsapp.com\/send?text=https:\/\/radiorevelacionfm.cl\/?p=10467' aria-hidden='false' data-av_icon='\uf232' data-av_iconfont='entypo-fontello' title='' data-avia-related-tooltip='Compartir en Whatsapp' rel=\"noopener\"><span class='avia_hidden_link_text'>Compartir en Whatsapp<\/span><\/a><\/li><li class='av-share-link av-social-link-linkedin' ><a target=\"_blank\" aria-label=\"Compartir en LinkedIn\" href='https:\/\/linkedin.com\/shareArticle?mini=true&#038;title=Restablecen%20conectividad%20lacustre%20con%20barcaza%20Pilchero&#038;url=https:\/\/radiorevelacionfm.cl\/?p=10467' aria-hidden='false' data-av_icon='\ue8fc' data-av_iconfont='entypo-fontello' title='' data-avia-related-tooltip='Compartir en LinkedIn' rel=\"noopener\"><span class='avia_hidden_link_text'>Compartir en LinkedIn<\/span><\/a><\/li><li class='av-share-link av-social-link-mail' ><a  aria-label=\"Compartir por correo\" href='mailto:?subject=Restablecen%20conectividad%20lacustre%20con%20barcaza%20Pilchero&#038;body=https:\/\/radiorevelacionfm.cl\/?p=10467' aria-hidden='false' data-av_icon='\ue805' data-av_iconfont='entypo-fontello' title='' data-avia-related-tooltip='Compartir por correo'><span class='avia_hidden_link_text'>Compartir por correo<\/span><\/a><\/li><\/ul><\/div><\/div>\n<div  style='height:50px' class='hr hr-invisible   avia-builder-el-8  el_after_av_social_share  el_before_av_comments_list '><span class='hr-inner ' ><span class='hr-inner-style'><\/span><\/span><\/div>\n<div  class='av-buildercomment  av-blog-meta-html-info-disabled av-blog-meta-tag-disabled  '><\/div>\n","protected":false},"excerpt":{"rendered":"","protected":false},"author":1,"featured_media":10468,"comment_status":"open","ping_status":"open","sticky":false,"template":"","format":"standard","meta":{"footnotes":""},"categories":[38],"tags":[],"class_list":["post-10467","post","type-post","status-publish","format-standard","has-post-thumbnail","hentry","category-regional"],"jetpack_featured_media_url":"https:\/\/radiorevelacionfm.cl\/wp-content\/uploads\/2021\/11\/Reparacion-pilchero-2-1-1.jpg","_links":{"self":[{"href":"https:\/\/radiorevelacionfm.cl\/index.php?rest_route=\/wp\/v2\/posts\/10467","targetHints":{"allow":["GET"]}}],"collection":[{"href":"https:\/\/radiorevelacionfm.cl\/index.php?rest_route=\/wp\/v2\/posts"}],"about":[{"href":"https:\/\/radiorevelacionfm.cl\/index.php?rest_route=\/wp\/v2\/types\/post"}],"author":[{"embeddable":true,"href":"https:\/\/radiorevelacionfm.cl\/index.php?rest_route=\/wp\/v2\/users\/1"}],"replies":[{"embeddable":true,"href":"https:\/\/radiorevelacionfm.cl\/index.php?rest_route=%2Fwp%2Fv2%2Fcomments&post=10467"}],"version-history":[{"count":2,"href":"https:\/\/radiorevelacionfm.cl\/index.php?rest_route=\/wp\/v2\/posts\/10467\/revisions"}],"predecessor-version":[{"id":10470,"href":"https:\/\/radiorevelacionfm.cl\/index.php?rest_route=\/wp\/v2\/posts\/10467\/revisions\/10470"}],"wp:featuredmedia":[{"embeddable":true,"href":"https:\/\/radiorevelacionfm.cl\/index.php?rest_route=\/wp\/v2\/media\/10468"}],"wp:attachment":[{"href":"https:\/\/radiorevelacionfm.cl\/index.php?rest_route=%2Fwp%2Fv2%2Fmedia&parent=10467"}],"wp:term":[{"taxonomy":"category","embeddable":true,"href":"https:\/\/radiorevelacionfm.cl\/index.php?rest_route=%2Fwp%2Fv2%2Fcategories&post=10467"},{"taxonomy":"post_tag","embeddable":true,"href":"https:\/\/radiorevelacionfm.cl\/index.php?rest_route=%2Fwp%2Fv2%2Ftags&post=10467"}],"curies":[{"name":"wp","href":"https:\/\/api.w.org\/{rel}","templated":true}]}}