{"id":10442,"date":"2021-11-05T20:44:59","date_gmt":"2021-11-05T23:44:59","guid":{"rendered":"https:\/\/radiorevelacionfm.cl\/?p=10442"},"modified":"2021-11-05T20:44:59","modified_gmt":"2021-11-05T23:44:59","slug":"inauguran-ampliacion-de-planta-de-agua-potable-en-puerto-aysen","status":"publish","type":"post","link":"https:\/\/radiorevelacionfm.cl\/?p=10442","title":{"rendered":"Inauguran ampliaci\u00f3n de planta de agua potable en Puerto Ays\u00e9n"},"content":{"rendered":"<div class=\"flex_column av_one_full  flex_column_div av-zero-column-padding first  avia-builder-el-0  el_before_av_one_full  avia-builder-el-first  \" style='border-radius:0px; '><div  class='avia-image-container  av-styling-    avia-builder-el-1  avia-builder-el-no-sibling  avia-align-center '  itemprop=\"image\" itemscope=\"itemscope\" itemtype=\"https:\/\/schema.org\/ImageObject\"  ><div class='avia-image-container-inner'><div class='avia-image-overlay-wrap'><img decoding=\"async\" class='wp-image-10443 avia-img-lazy-loading-not-10443 avia_image' src=\"https:\/\/radiorevelacionfm.cl\/wp-content\/uploads\/2021\/11\/inauguracion-aysen-1_optimized.jpg\" alt='' title='inauguracion-aysen-(1)_optimized' height=\"600\" width=\"1032\"  itemprop=\"thumbnailUrl\" srcset=\"https:\/\/radiorevelacionfm.cl\/wp-content\/uploads\/2021\/11\/inauguracion-aysen-1_optimized.jpg 1032w, https:\/\/radiorevelacionfm.cl\/wp-content\/uploads\/2021\/11\/inauguracion-aysen-1_optimized-300x174.jpg 300w, https:\/\/radiorevelacionfm.cl\/wp-content\/uploads\/2021\/11\/inauguracion-aysen-1_optimized-1030x599.jpg 1030w, https:\/\/radiorevelacionfm.cl\/wp-content\/uploads\/2021\/11\/inauguracion-aysen-1_optimized-768x447.jpg 768w, https:\/\/radiorevelacionfm.cl\/wp-content\/uploads\/2021\/11\/inauguracion-aysen-1_optimized-705x410.jpg 705w, https:\/\/radiorevelacionfm.cl\/wp-content\/uploads\/2021\/11\/inauguracion-aysen-1_optimized-600x349.jpg 600w\" sizes=\"(max-width: 1032px) 100vw, 1032px\" \/><\/div><\/div><\/div><\/div><div class=\"flex_column av_one_full  flex_column_div av-zero-column-padding first  avia-builder-el-2  el_after_av_one_full  el_before_av_one_full  column-top-margin\" style='border-radius:0px; '><section class=\"av_textblock_section \"  itemscope=\"itemscope\" itemtype=\"https:\/\/schema.org\/BlogPosting\" itemprop=\"blogPost\" ><div class='avia_textblock  '   itemprop=\"text\" ><p style=\"text-align: center;\"><strong><span style=\"font-size: 18pt;\">Inauguran ampliaci\u00f3n de planta de agua potable en Puerto Ays\u00e9n<\/span><\/strong><\/p>\n<div id=\"gtx-trans\" style=\"position: absolute; left: -50px; top: 4.31534px;\">\n<div class=\"gtx-trans-icon\"><\/div>\n<\/div>\n<\/div><\/section><\/div><div class=\"flex_column av_one_full  flex_column_div av-zero-column-padding first  avia-builder-el-4  el_after_av_one_full  el_before_av_hr  column-top-margin\" style='border-radius:0px; '><section class=\"av_textblock_section \"  itemscope=\"itemscope\" itemtype=\"https:\/\/schema.org\/BlogPosting\" itemprop=\"blogPost\" ><div class='avia_textblock  '   itemprop=\"text\" ><p style=\"text-align: justify;\">Con el objetivo de mejorar y modernizar el servicio de agua potable que beneficiar\u00e1 a m\u00e1s de 25 mil personas, se inaugur\u00f3 el pasado jueves 28 en instalaciones de Aguas Patagonia la ampliaci\u00f3n de la Planta de Agua Potable de Puerto Ays\u00e9n. Estuvieron presentes en el evento el Presidente del Directorio de Aguas Patagonia, Sergio Icaza, el alcalde de la comuna, Julio Uribe, junto a concejales de la localidad. Tambi\u00e9n concurrieron el director de la Direcci\u00f3n General de Aguas de la regi\u00f3n de Ays\u00e9n, El\u00edas Fern\u00e1ndez; el presidente de la Uni\u00f3n Comunal de Juntas de Vecinos, Carlos D\u00edaz; representantes del Cuerpo de Bomberos, as\u00ed como miembros del Directorio y ejecutivos de la sanitaria regional.<\/p>\n<p style=\"text-align: justify;\">Entre los mejoramientos que se dieron bajo el plan de obras sanitarias de la regi\u00f3n, se consideran soluciones a la distribuci\u00f3n y presi\u00f3n del suministro de agua potable. As\u00ed lo explic\u00f3 el Presidente del Directorio de la sanitaria, Sergio Icaza, quien agradeci\u00f3 la oportunidad de transmitir el mensaje en el que Aguas Patagonia est\u00e1 embarcado, \u201cde tal manera de mantener y mejorar la calidad de los distintos servicios que prestamos en todas las localidades. En este caso estamos inaugurando una ampliaci\u00f3n muy grande de la planta de agua potable, esta consiste en un aumento de la capacidad de agua que permitir\u00e1 llenar estos estanques y aumentar la filtraci\u00f3n para tener la cantidad suficiente que nos va a permitir abastecer de mucho mejor forma a toda la ciudad de Ays\u00e9n\u201d, destac\u00f3.<\/p>\n<p style=\"text-align: justify;\">El alcalde de Puerto Ays\u00e9n, Julio Uribe, explic\u00f3 la posibilidad de trabajar mano a mano con la empresa y as\u00ed garantizar un servicio de alta calidad para los miles de clientes. \u201cEs muy importante poder tener estas relaciones con nuestra empresa sanitaria y con el directorio. Que est\u00e9n reforzando la calidad del agua a trav\u00e9s de sus plantas de tratamiento y de la acumulaci\u00f3n con nuevos estanques es realmente importante\u201d, manifest\u00f3.<\/p>\n<p style=\"text-align: justify;\">Por su parte, el presidente de la Uni\u00f3n Comunal, Carlos D\u00edaz, afirm\u00f3 que \u201ctrabajaremos con Aguas Patagonia en lo que venga. El crecimiento de Ays\u00e9n est\u00e1 not\u00e1ndose, vienen m\u00e1s poblaciones y se est\u00e1n adelantando los trabajos, as\u00ed que por eso estamos nosotros hoy ac\u00e1. De las problem\u00e1ticas que presentamos hace un tiempo atr\u00e1s ya estamos saliendo adelante\u201d, coment\u00f3 el dirigente quien reconoci\u00f3 el trabajo de Aguas Patagonia por mantener y mejorar la entrega del servicio a los habitantes de la ciudad de Ays\u00e9n.<\/p>\n<p style=\"text-align: justify;\">Paralelamente a la inauguraci\u00f3n de la renovaci\u00f3n de la Planta de Agua Potable, Aguas Patagonia ha comenzado faenas en la Ribera Sur, que consisten en el mejoramiento de la capacidad de porteo de la red, para as\u00ed bajar la incidencia de posibles roturas, a trav\u00e9s del reemplazo de redes existentes por tuber\u00eda de polietileno de alta densidad de mayor di\u00e1metro, el recambio de v\u00e1lvulas y la conexi\u00f3n a nudos de alimentaci\u00f3n.<\/p>\n<\/div><\/section><\/div><div  style='height:50px' class='hr hr-invisible   avia-builder-el-6  el_after_av_one_full  el_before_av_social_share '><span class='hr-inner ' ><span class='hr-inner-style'><\/span><\/span><\/div><\/p>\n<div  class='av-social-sharing-box  avia-builder-el-7  el_after_av_hr  el_before_av_hr  '><div class='av-share-box'><h5 class='av-share-link-description av-no-toc '>Compartir esta noticia<\/h5><ul class='av-share-box-list noLightbox'><li class='av-share-link av-social-link-facebook' ><a target=\"_blank\" aria-label=\"Compartir en Facebook\" href='https:\/\/www.facebook.com\/sharer.php?u=https:\/\/radiorevelacionfm.cl\/?p=10442&#038;t=Inauguran%20ampliaci%C3%B3n%20de%20planta%20de%20agua%20potable%20en%20Puerto%20Ays%C3%A9n' aria-hidden='false' data-av_icon='\ue8f3' data-av_iconfont='entypo-fontello' title='' data-avia-related-tooltip='Compartir en Facebook' rel=\"noopener\"><span class='avia_hidden_link_text'>Compartir en Facebook<\/span><\/a><\/li><li class='av-share-link av-social-link-twitter' ><a target=\"_blank\" aria-label=\"Compartir en Twitter\" href='https:\/\/twitter.com\/share?text=Inauguran%20ampliaci%C3%B3n%20de%20planta%20de%20agua%20potable%20en%20Puerto%20Ays%C3%A9n&#038;url=https:\/\/radiorevelacionfm.cl\/?p=10442' aria-hidden='false' data-av_icon='\ue8f1' data-av_iconfont='entypo-fontello' title='' data-avia-related-tooltip='Compartir en Twitter' rel=\"noopener\"><span class='avia_hidden_link_text'>Compartir en Twitter<\/span><\/a><\/li><li class='av-share-link av-social-link-whatsapp' ><a target=\"_blank\" aria-label=\"Compartir en Whatsapp\" href='https:\/\/api.whatsapp.com\/send?text=https:\/\/radiorevelacionfm.cl\/?p=10442' aria-hidden='false' data-av_icon='\uf232' data-av_iconfont='entypo-fontello' title='' data-avia-related-tooltip='Compartir en Whatsapp' rel=\"noopener\"><span class='avia_hidden_link_text'>Compartir en Whatsapp<\/span><\/a><\/li><li class='av-share-link av-social-link-linkedin' ><a target=\"_blank\" aria-label=\"Compartir en LinkedIn\" href='https:\/\/linkedin.com\/shareArticle?mini=true&#038;title=Inauguran%20ampliaci%C3%B3n%20de%20planta%20de%20agua%20potable%20en%20Puerto%20Ays%C3%A9n&#038;url=https:\/\/radiorevelacionfm.cl\/?p=10442' aria-hidden='false' data-av_icon='\ue8fc' data-av_iconfont='entypo-fontello' title='' data-avia-related-tooltip='Compartir en LinkedIn' rel=\"noopener\"><span class='avia_hidden_link_text'>Compartir en LinkedIn<\/span><\/a><\/li><li class='av-share-link av-social-link-mail' ><a  aria-label=\"Compartir por correo\" href='mailto:?subject=Inauguran%20ampliaci%C3%B3n%20de%20planta%20de%20agua%20potable%20en%20Puerto%20Ays%C3%A9n&#038;body=https:\/\/radiorevelacionfm.cl\/?p=10442' aria-hidden='false' data-av_icon='\ue805' data-av_iconfont='entypo-fontello' title='' data-avia-related-tooltip='Compartir por correo'><span class='avia_hidden_link_text'>Compartir por correo<\/span><\/a><\/li><\/ul><\/div><\/div>\n<div  style='height:50px' class='hr hr-invisible   avia-builder-el-8  el_after_av_social_share  el_before_av_comments_list '><span class='hr-inner ' ><span class='hr-inner-style'><\/span><\/span><\/div>\n<div  class='av-buildercomment  av-blog-meta-html-info-disabled av-blog-meta-tag-disabled  '><\/div>\n","protected":false},"excerpt":{"rendered":"","protected":false},"author":1,"featured_media":10443,"comment_status":"open","ping_status":"open","sticky":false,"template":"","format":"standard","meta":{"footnotes":""},"categories":[38],"tags":[],"class_list":["post-10442","post","type-post","status-publish","format-standard","has-post-thumbnail","hentry","category-regional"],"jetpack_featured_media_url":"https:\/\/radiorevelacionfm.cl\/wp-content\/uploads\/2021\/11\/inauguracion-aysen-1_optimized.jpg","_links":{"self":[{"href":"https:\/\/radiorevelacionfm.cl\/index.php?rest_route=\/wp\/v2\/posts\/10442","targetHints":{"allow":["GET"]}}],"collection":[{"href":"https:\/\/radiorevelacionfm.cl\/index.php?rest_route=\/wp\/v2\/posts"}],"about":[{"href":"https:\/\/radiorevelacionfm.cl\/index.php?rest_route=\/wp\/v2\/types\/post"}],"author":[{"embeddable":true,"href":"https:\/\/radiorevelacionfm.cl\/index.php?rest_route=\/wp\/v2\/users\/1"}],"replies":[{"embeddable":true,"href":"https:\/\/radiorevelacionfm.cl\/index.php?rest_route=%2Fwp%2Fv2%2Fcomments&post=10442"}],"version-history":[{"count":2,"href":"https:\/\/radiorevelacionfm.cl\/index.php?rest_route=\/wp\/v2\/posts\/10442\/revisions"}],"predecessor-version":[{"id":10445,"href":"https:\/\/radiorevelacionfm.cl\/index.php?rest_route=\/wp\/v2\/posts\/10442\/revisions\/10445"}],"wp:featuredmedia":[{"embeddable":true,"href":"https:\/\/radiorevelacionfm.cl\/index.php?rest_route=\/wp\/v2\/media\/10443"}],"wp:attachment":[{"href":"https:\/\/radiorevelacionfm.cl\/index.php?rest_route=%2Fwp%2Fv2%2Fmedia&parent=10442"}],"wp:term":[{"taxonomy":"category","embeddable":true,"href":"https:\/\/radiorevelacionfm.cl\/index.php?rest_route=%2Fwp%2Fv2%2Fcategories&post=10442"},{"taxonomy":"post_tag","embeddable":true,"href":"https:\/\/radiorevelacionfm.cl\/index.php?rest_route=%2Fwp%2Fv2%2Ftags&post=10442"}],"curies":[{"name":"wp","href":"https:\/\/api.w.org\/{rel}","templated":true}]}}