{"id":10435,"date":"2021-11-05T18:25:02","date_gmt":"2021-11-05T21:25:02","guid":{"rendered":"https:\/\/radiorevelacionfm.cl\/?p=10435"},"modified":"2021-11-05T18:25:02","modified_gmt":"2021-11-05T21:25:02","slug":"ciencia-publica-de-minciencia-financiara-dos-iniciativas-de-divulgacion-en-aysen","status":"publish","type":"post","link":"https:\/\/radiorevelacionfm.cl\/?p=10435","title":{"rendered":"Ciencia P\u00fablica de MinCiencia financiar\u00e1 dos iniciativas de divulgaci\u00f3n en Ays\u00e9n"},"content":{"rendered":"<div class=\"flex_column av_one_full  flex_column_div av-zero-column-padding first  avia-builder-el-0  el_before_av_one_full  avia-builder-el-first  \" style='border-radius:0px; '><div  class='avia-image-container  av-styling-    avia-builder-el-1  avia-builder-el-no-sibling  avia-align-center '  itemprop=\"image\" itemscope=\"itemscope\" itemtype=\"https:\/\/schema.org\/ImageObject\"  ><div class='avia-image-container-inner'><div class='avia-image-overlay-wrap'><img decoding=\"async\" class='wp-image-10436 avia-img-lazy-loading-not-10436 avia_image' src=\"https:\/\/radiorevelacionfm.cl\/wp-content\/uploads\/2021\/11\/ministra-s-de-ciencia-carolina-torrealba-da-a-conocer-a-los-ganadores-de-los-concursos-nacionales-ciencia-publica-1_optimized.jpg\" alt='' title='ministra-(s)-de-ciencia,-carolina-torrealba,-da-a-conocer-a-los-ganadores-de-los-concursos-nacionales-ciencia-p\u00fablica-(1)_optimized' height=\"600\" width=\"899\"  itemprop=\"thumbnailUrl\" srcset=\"https:\/\/radiorevelacionfm.cl\/wp-content\/uploads\/2021\/11\/ministra-s-de-ciencia-carolina-torrealba-da-a-conocer-a-los-ganadores-de-los-concursos-nacionales-ciencia-publica-1_optimized.jpg 899w, https:\/\/radiorevelacionfm.cl\/wp-content\/uploads\/2021\/11\/ministra-s-de-ciencia-carolina-torrealba-da-a-conocer-a-los-ganadores-de-los-concursos-nacionales-ciencia-publica-1_optimized-300x200.jpg 300w, https:\/\/radiorevelacionfm.cl\/wp-content\/uploads\/2021\/11\/ministra-s-de-ciencia-carolina-torrealba-da-a-conocer-a-los-ganadores-de-los-concursos-nacionales-ciencia-publica-1_optimized-768x513.jpg 768w, https:\/\/radiorevelacionfm.cl\/wp-content\/uploads\/2021\/11\/ministra-s-de-ciencia-carolina-torrealba-da-a-conocer-a-los-ganadores-de-los-concursos-nacionales-ciencia-publica-1_optimized-705x471.jpg 705w, https:\/\/radiorevelacionfm.cl\/wp-content\/uploads\/2021\/11\/ministra-s-de-ciencia-carolina-torrealba-da-a-conocer-a-los-ganadores-de-los-concursos-nacionales-ciencia-publica-1_optimized-600x400.jpg 600w\" sizes=\"(max-width: 899px) 100vw, 899px\" \/><\/div><\/div><\/div><\/div><div class=\"flex_column av_one_full  flex_column_div av-zero-column-padding first  avia-builder-el-2  el_after_av_one_full  el_before_av_one_full  column-top-margin\" style='border-radius:0px; '><section class=\"av_textblock_section \"  itemscope=\"itemscope\" itemtype=\"https:\/\/schema.org\/BlogPosting\" itemprop=\"blogPost\" ><div class='avia_textblock  '   itemprop=\"text\" ><p style=\"text-align: center;\"><span style=\"font-size: 18pt;\"><strong>Ciencia P\u00fablica de MinCiencia financiar\u00e1 dos iniciativas de divulgaci\u00f3n en Ays\u00e9n <\/strong><\/span><\/p>\n<div id=\"gtx-trans\" style=\"position: absolute; left: -50px; top: 4.31534px;\">\n<div class=\"gtx-trans-icon\"><\/div>\n<\/div>\n<\/div><\/section><\/div><div class=\"flex_column av_one_full  flex_column_div av-zero-column-padding first  avia-builder-el-4  el_after_av_one_full  el_before_av_hr  column-top-margin\" style='border-radius:0px; '><section class=\"av_textblock_section \"  itemscope=\"itemscope\" itemtype=\"https:\/\/schema.org\/BlogPosting\" itemprop=\"blogPost\" ><div class='avia_textblock  '   itemprop=\"text\" ><p style=\"text-align: justify;\">La ministra (s) de Ciencia, Tecnolog\u00eda, Conocimiento e Innovaci\u00f3n, Carolina Torrealba, dio a conocer los 61 proyectos seleccionados en los concursos nacionales \u201cCiencia P\u00fablica para la Divulgaci\u00f3n y Socializaci\u00f3n del Conocimiento 2021-2022\u201d, instrumento que busca distribuir el conocimiento que se genera en el pa\u00eds y las regiones a los habitantes, acercando las experiencias cient\u00edficas a la ciudadan\u00eda de maneras diversas y entretenida, pensando en distintos p\u00fablicos objetivos.<\/p>\n<p style=\"text-align: justify;\">Dos son las iniciativas seleccionadas en la regi\u00f3n de Ays\u00e9n. La primera, que se realizar\u00e1 en Tortel y corresponde a la categor\u00eda Espacios P\u00fablicos, se denomina \u201cPasareleando entre la Ciencia y la Cultura\u201d, y ser\u00e1 ejecutada por la Universidad de Concepci\u00f3n. \u00c9sta consiste en la instalaci\u00f3n de un t\u00fanel transparente de 20 metros en un espacio p\u00fablico, que permitir\u00e1 a los transe\u00fantes y visitantes insertarse en el paisaje, teniendo por un lado la exuberante vegetaci\u00f3n de la ladera y, hacia el otro, el paisaje del fiordo. El t\u00fanel contar\u00e1 con atractivas infograf\u00edas y m\u00f3dulos interactivos que aportar\u00e1n informaci\u00f3n cient\u00edfica de la regi\u00f3n, de forma cercana y entretenida, realzando la importancia estrat\u00e9gica de Tortel, entre campos de Hielo Norte y Sur.<\/p>\n<p style=\"text-align: justify;\">La segunda iniciativa financiada es \u201cBorde del R\u00edo del valle Simpson: Laboratorio Natural para el Rescate Patrimonial\u201d, que corresponde a la categor\u00eda Proyectos Comunitarios, y ser\u00e1 ejecutada por el Centro de Padres y Apoderados Valle Simpson. \u00c9sta implementar\u00e1 el m\u00e9todo cient\u00edfico desde la mirada ciudadana, a trav\u00e9s del descubrimiento de diversos saberes sobre el impacto ambiental provocado en el ecosistema, asociado a nuevas actividades sociales y econ\u00f3micas. Asimismo, reconocer a trav\u00e9s del registro hist\u00f3rico c\u00f3mo era el valle, reflexionando en c\u00f3mo se podr\u00eda recuperar. Este proyecto busca que la comunidad tenga mejores y nuevas herramientas cient\u00edficas para comprender los problemas que los afectan, y que las personas se conviertan en protagonistas de las soluciones que permitan salvaguardar el ecosistema y patrimonio.<\/p>\n<p style=\"text-align: justify;\">\u201cEste a\u00f1o Ciencia P\u00fablica duplic\u00f3 su presupuesto, llegando a $1.930 millones y financiando 61 proyectos comunitarios, regionales y tambi\u00e9n de divulgaci\u00f3n. Esta iniciativa responde a los desaf\u00edos que tenemos en el futuro, puesto que espera ir transformando nuestro pa\u00eds a trav\u00e9s del conocimiento, no solo por medio de quienes construyen ciencia y la tecnolog\u00eda, sino que a trav\u00e9s de una diversidad de personas que son capaces de transformar este conocimiento en herramientas de cambio, de apropiaci\u00f3n social de la ciencia, enorgulleci\u00e9ndonos de nuestro territorio, su diversidad y su riqueza\u201d, expres\u00f3 la ministra (s), Carolina Torrealba.<\/p>\n<p style=\"text-align: justify;\">La Seremi de Ciencia, Pamela Santib\u00e1\u00f1ez, se\u00f1al\u00f3 que \u201cel primer eje de la Pol\u00edtica Nacional de Ciencia, Tecnolog\u00eda, Conocimiento e Innovaci\u00f3n es Vinculaci\u00f3n con la Sociedad, para lograr esta vinculaci\u00f3n y distribuir el conocimiento que se genera a trav\u00e9s del quehacer cient\u00edfico necesitamos los instrumentos de Ciencia P\u00fablica como herramientas para lograr el objetivo. Esta distribuci\u00f3n de conocimiento debe ser de distintas formas y pensada para distintos p\u00fablicos objetivos, porque necesitamos llegar con el conocimiento a todas y todos, y no solo focalizarnos en el p\u00fablico escolar. En la regi\u00f3n se ejecutar\u00e1n dos proyectos: uno de proyectos comunitarios en Coyhaique y otro de intervenci\u00f3n de un espacio p\u00fablico en Tortel. Felicito a quienes se adjudicaron los fondos, y a los habitantes de Tortel que contar\u00e1n con un nuevo espacio para conectarse con la ciencia y su medioambiente, pero tambi\u00e9n motiv\u00f3 a todos aquellos que postularon, pero no adjudicaron, a que lo sigan intentando, ya que necesitamos de muchos para lograr este v\u00ednculo entre ciencia y sociedad en los territorios\u201d.<\/p>\n<p style=\"text-align: justify;\">Tambi\u00e9n se present\u00f3 un cat\u00e1logo que re\u00fane todos proyectos adjudicados en los tres concursos 2021-22 y que da cuenta de la gran diversidad de formatos y tem\u00e1ticas, que a lo largo de todo Chile acercar\u00e1n el conocimiento y promover\u00e1n su apropiaci\u00f3n por parte de la ciudadan\u00eda. Disponible para descarga en <a href=\"http:\/\/www.cienciapublica.cl\/concursos\">www.cienciapublica.cl\/concursos<\/a><\/p>\n<p style=\"text-align: justify;\">En la misma l\u00ednea, desde MinCiencia recalcaron que los proyectos seleccionados representan a 15 regiones del pa\u00eds, con lo que se busca descentralizar la divulgaci\u00f3n de conocimiento, generar nuevas experiencias, vincular la investigaci\u00f3n con el mundo cultural, y crear conocimiento local desde las comunidades y organizaciones sociales.<\/p>\n<\/div><\/section><\/div><div  style='height:50px' class='hr hr-invisible   avia-builder-el-6  el_after_av_one_full  el_before_av_social_share '><span class='hr-inner ' ><span class='hr-inner-style'><\/span><\/span><\/div><\/p>\n<div  class='av-social-sharing-box  avia-builder-el-7  el_after_av_hr  el_before_av_hr  '><div class='av-share-box'><h5 class='av-share-link-description av-no-toc '>Compartir esta noticia<\/h5><ul class='av-share-box-list noLightbox'><li class='av-share-link av-social-link-facebook' ><a target=\"_blank\" aria-label=\"Compartir en Facebook\" href='https:\/\/www.facebook.com\/sharer.php?u=https:\/\/radiorevelacionfm.cl\/?p=10435&#038;t=Ciencia%20P%C3%BAblica%20de%20MinCiencia%20financiar%C3%A1%20dos%20iniciativas%20de%20divulgaci%C3%B3n%20en%20Ays%C3%A9n' aria-hidden='false' data-av_icon='\ue8f3' data-av_iconfont='entypo-fontello' title='' data-avia-related-tooltip='Compartir en Facebook' rel=\"noopener\"><span class='avia_hidden_link_text'>Compartir en Facebook<\/span><\/a><\/li><li class='av-share-link av-social-link-twitter' ><a target=\"_blank\" aria-label=\"Compartir en Twitter\" href='https:\/\/twitter.com\/share?text=Ciencia%20P%C3%BAblica%20de%20MinCiencia%20financiar%C3%A1%20dos%20iniciativas%20de%20divulgaci%C3%B3n%20en%20Ays%C3%A9n&#038;url=https:\/\/radiorevelacionfm.cl\/?p=10435' aria-hidden='false' data-av_icon='\ue8f1' data-av_iconfont='entypo-fontello' title='' data-avia-related-tooltip='Compartir en Twitter' rel=\"noopener\"><span class='avia_hidden_link_text'>Compartir en Twitter<\/span><\/a><\/li><li class='av-share-link av-social-link-whatsapp' ><a target=\"_blank\" aria-label=\"Compartir en Whatsapp\" href='https:\/\/api.whatsapp.com\/send?text=https:\/\/radiorevelacionfm.cl\/?p=10435' aria-hidden='false' data-av_icon='\uf232' data-av_iconfont='entypo-fontello' title='' data-avia-related-tooltip='Compartir en Whatsapp' rel=\"noopener\"><span class='avia_hidden_link_text'>Compartir en Whatsapp<\/span><\/a><\/li><li class='av-share-link av-social-link-linkedin' ><a target=\"_blank\" aria-label=\"Compartir en LinkedIn\" href='https:\/\/linkedin.com\/shareArticle?mini=true&#038;title=Ciencia%20P%C3%BAblica%20de%20MinCiencia%20financiar%C3%A1%20dos%20iniciativas%20de%20divulgaci%C3%B3n%20en%20Ays%C3%A9n&#038;url=https:\/\/radiorevelacionfm.cl\/?p=10435' aria-hidden='false' data-av_icon='\ue8fc' data-av_iconfont='entypo-fontello' title='' data-avia-related-tooltip='Compartir en LinkedIn' rel=\"noopener\"><span class='avia_hidden_link_text'>Compartir en LinkedIn<\/span><\/a><\/li><li class='av-share-link av-social-link-mail' ><a  aria-label=\"Compartir por correo\" href='mailto:?subject=Ciencia%20P%C3%BAblica%20de%20MinCiencia%20financiar%C3%A1%20dos%20iniciativas%20de%20divulgaci%C3%B3n%20en%20Ays%C3%A9n&#038;body=https:\/\/radiorevelacionfm.cl\/?p=10435' aria-hidden='false' data-av_icon='\ue805' data-av_iconfont='entypo-fontello' title='' data-avia-related-tooltip='Compartir por correo'><span class='avia_hidden_link_text'>Compartir por correo<\/span><\/a><\/li><\/ul><\/div><\/div>\n<div  style='height:50px' class='hr hr-invisible   avia-builder-el-8  el_after_av_social_share  el_before_av_comments_list '><span class='hr-inner ' ><span class='hr-inner-style'><\/span><\/span><\/div>\n<div  class='av-buildercomment  av-blog-meta-html-info-disabled av-blog-meta-tag-disabled  '><\/div>\n","protected":false},"excerpt":{"rendered":"","protected":false},"author":1,"featured_media":10436,"comment_status":"open","ping_status":"open","sticky":false,"template":"","format":"standard","meta":{"footnotes":""},"categories":[53],"tags":[],"class_list":["post-10435","post","type-post","status-publish","format-standard","has-post-thumbnail","hentry","category-ciencia"],"jetpack_featured_media_url":"https:\/\/radiorevelacionfm.cl\/wp-content\/uploads\/2021\/11\/ministra-s-de-ciencia-carolina-torrealba-da-a-conocer-a-los-ganadores-de-los-concursos-nacionales-ciencia-publica-1_optimized.jpg","_links":{"self":[{"href":"https:\/\/radiorevelacionfm.cl\/index.php?rest_route=\/wp\/v2\/posts\/10435","targetHints":{"allow":["GET"]}}],"collection":[{"href":"https:\/\/radiorevelacionfm.cl\/index.php?rest_route=\/wp\/v2\/posts"}],"about":[{"href":"https:\/\/radiorevelacionfm.cl\/index.php?rest_route=\/wp\/v2\/types\/post"}],"author":[{"embeddable":true,"href":"https:\/\/radiorevelacionfm.cl\/index.php?rest_route=\/wp\/v2\/users\/1"}],"replies":[{"embeddable":true,"href":"https:\/\/radiorevelacionfm.cl\/index.php?rest_route=%2Fwp%2Fv2%2Fcomments&post=10435"}],"version-history":[{"count":2,"href":"https:\/\/radiorevelacionfm.cl\/index.php?rest_route=\/wp\/v2\/posts\/10435\/revisions"}],"predecessor-version":[{"id":10438,"href":"https:\/\/radiorevelacionfm.cl\/index.php?rest_route=\/wp\/v2\/posts\/10435\/revisions\/10438"}],"wp:featuredmedia":[{"embeddable":true,"href":"https:\/\/radiorevelacionfm.cl\/index.php?rest_route=\/wp\/v2\/media\/10436"}],"wp:attachment":[{"href":"https:\/\/radiorevelacionfm.cl\/index.php?rest_route=%2Fwp%2Fv2%2Fmedia&parent=10435"}],"wp:term":[{"taxonomy":"category","embeddable":true,"href":"https:\/\/radiorevelacionfm.cl\/index.php?rest_route=%2Fwp%2Fv2%2Fcategories&post=10435"},{"taxonomy":"post_tag","embeddable":true,"href":"https:\/\/radiorevelacionfm.cl\/index.php?rest_route=%2Fwp%2Fv2%2Ftags&post=10435"}],"curies":[{"name":"wp","href":"https:\/\/api.w.org\/{rel}","templated":true}]}}