{"id":10428,"date":"2021-11-05T17:59:57","date_gmt":"2021-11-05T20:59:57","guid":{"rendered":"https:\/\/radiorevelacionfm.cl\/?p=10428"},"modified":"2021-11-05T18:03:52","modified_gmt":"2021-11-05T21:03:52","slug":"lanzan-programa-orgullo-chileno-que-potenciara-exportaciones-de-pymes","status":"publish","type":"post","link":"https:\/\/radiorevelacionfm.cl\/?p=10428","title":{"rendered":"Lanzan programa \u201cOrgullo Chileno\u201d que potenciar\u00e1 exportaciones de pymes"},"content":{"rendered":"<div class=\"flex_column av_one_full  flex_column_div av-zero-column-padding first  avia-builder-el-0  el_before_av_one_full  avia-builder-el-first  \" style='border-radius:0px; '><div  class='avia-image-container  av-styling-    avia-builder-el-1  avia-builder-el-no-sibling  avia-align-center '  itemprop=\"image\" itemscope=\"itemscope\" itemtype=\"https:\/\/schema.org\/ImageObject\"  ><div class='avia-image-container-inner'><div class='avia-image-overlay-wrap'><img decoding=\"async\" class='wp-image-10430 avia-img-lazy-loading-not-10430 avia_image' src=\"https:\/\/radiorevelacionfm.cl\/wp-content\/uploads\/2021\/11\/Sercotec_Orgullo-Chileno-1-1.jpg\" alt='' title='Sercotec_Orgullo Chileno (1) (1)' height=\"600\" width=\"600\"  itemprop=\"thumbnailUrl\" srcset=\"https:\/\/radiorevelacionfm.cl\/wp-content\/uploads\/2021\/11\/Sercotec_Orgullo-Chileno-1-1.jpg 600w, https:\/\/radiorevelacionfm.cl\/wp-content\/uploads\/2021\/11\/Sercotec_Orgullo-Chileno-1-1-300x300.jpg 300w, https:\/\/radiorevelacionfm.cl\/wp-content\/uploads\/2021\/11\/Sercotec_Orgullo-Chileno-1-1-80x80.jpg 80w, https:\/\/radiorevelacionfm.cl\/wp-content\/uploads\/2021\/11\/Sercotec_Orgullo-Chileno-1-1-36x36.jpg 36w, https:\/\/radiorevelacionfm.cl\/wp-content\/uploads\/2021\/11\/Sercotec_Orgullo-Chileno-1-1-180x180.jpg 180w, https:\/\/radiorevelacionfm.cl\/wp-content\/uploads\/2021\/11\/Sercotec_Orgullo-Chileno-1-1-100x100.jpg 100w\" sizes=\"(max-width: 600px) 100vw, 600px\" \/><\/div><\/div><\/div><\/div><div class=\"flex_column av_one_full  flex_column_div av-zero-column-padding first  avia-builder-el-2  el_after_av_one_full  el_before_av_one_full  column-top-margin\" style='border-radius:0px; '><section class=\"av_textblock_section \"  itemscope=\"itemscope\" itemtype=\"https:\/\/schema.org\/BlogPosting\" itemprop=\"blogPost\" ><div class='avia_textblock  '   itemprop=\"text\" ><p style=\"text-align: center;\"><strong><span style=\"font-size: 18pt;\"> Lanzan programa \u201cOrgullo Chileno\u201d que potenciar\u00e1 exportaciones de pymes <\/span><\/strong><\/p>\n<div id=\"gtx-trans\" style=\"position: absolute; left: -50px; top: 4.31534px;\">\n<div class=\"gtx-trans-icon\"><\/div>\n<\/div>\n<\/div><\/section><\/div><div class=\"flex_column av_one_full  flex_column_div av-zero-column-padding first  avia-builder-el-4  el_after_av_one_full  el_before_av_hr  column-top-margin\" style='border-radius:0px; '><section class=\"av_textblock_section \"  itemscope=\"itemscope\" itemtype=\"https:\/\/schema.org\/BlogPosting\" itemprop=\"blogPost\" ><div class='avia_textblock  '   itemprop=\"text\" ><p style=\"text-align: justify;\">El programa piloto -que cuenta con un presupuesto de 300 millones de pesos- est\u00e1 dirigido a apoyar a micro y peque\u00f1as empresas de nuestro pa\u00eds, que tengan por objetivo ampliar sus canales de venta, dando sus primeros pasos en el comercio internacional, a trav\u00e9s de un servicio de preparaci\u00f3n y venta en diferentes marketplaces alrededor del mundo. Sercotec financiar\u00e1 un programa para 60 empresas en que, adem\u00e1s de lograr hitos de exportaci\u00f3n y venta en nuevos mercados, aprender\u00e1n c\u00f3mo realizar la implementaci\u00f3n de campa\u00f1as de marketing, planificaci\u00f3n de inventario, gesti\u00f3n de servicio al cliente, preparaci\u00f3n de env\u00edos y post venta.<\/p>\n<p style=\"text-align: justify;\">El ministro de Econom\u00eda, Lucas Palacios,\u00a0destac\u00f3 la importancia de abrir mercados para todo tipo de empresas, sin importar su tama\u00f1o:\u00a0\u00abCuando Chile se inserta en el mundo, cuando se firman tratados comerciales con otros pa\u00edses, no s\u00f3lo estamos favoreciendo a las empresas grandes, a las empresas mineras, tambi\u00e9n estamos generando facilidades para empresas m\u00e1s peque\u00f1as, que generan artesan\u00eda, que generan productos de alto valor agregado, que generan productos que son valorados en todo el mundo. Por eso que es necesario continuar en esa senda, fortalecer la internacionalizaci\u00f3n de nuestro pa\u00eds afuera y fortalecer a las pymes para que puedan seguir exportando y creciendo en mercados de otras partes del mundo. Para eso es este programa de Sercotec que lanzamos el d\u00eda de hoy\u00bb.<\/p>\n<p style=\"text-align: justify;\">La autoridad tambi\u00e9n subray\u00f3 el potencial exportador de las peque\u00f1as y medianas empresas chilenas y la relevancia de fortalecer su presencia internacional. \u00abChile es un pa\u00eds peque\u00f1o, pero que est\u00e1 abierto al mundo, entre enero y septiembre de este a\u00f1o, las pymes chilenas han exportado US$1.300 millones, de un total de exportaciones de casi US$51 mil millones, entonces, menos del 3% de las exportaciones chilenas est\u00e1n siendo ejecutadas por pymes, pero nosotros queremos que ese n\u00famero aumente mucho m\u00e1s, se duplique, se triplique y eso es gracias a que Chile es un pa\u00eds abierto al mundo\u00bb,\u00a0enfatiz\u00f3 el ministro Palacios.<\/p>\n<p style=\"text-align: justify;\">Por su parte, el director nacional de Sercotec, Bruno Trisotti, subray\u00f3: \u00abDesde hace un tiempo hemos estado trabajando con emprendedores que despegaron en cuanto a estabilidad, ventas y fidelizaci\u00f3n de clientes nacionales, ellos ahora est\u00e1n listos para seguir al siguiente nivel, por eso este programa es un traje a la medida para ellos, para los que buscan ampliar sus canales de comercializaci\u00f3n, pero esta vez de manera internacional. Una vez m\u00e1s les digo que nuestros emprendedores son un orgullo nacional y desde hoy eso tambi\u00e9n lo ver\u00e1 el mundo\u00bb.<\/p>\n<p style=\"text-align: justify;\">El lanzamiento del programa se hizo en el Centro de Negocios de Sercotec en Santiago, en compa\u00f1\u00eda de cuatro emprendedoras que ya han mostrado sus productos en el extranjero. En representaci\u00f3n de ellas, la artesana Rosita Villanueva (\u00abArte Cocoroca\u00bb) resalt\u00f3:\u00a0\u00abEmpec\u00e9 en el programa Mujeres Jefas de Hogar de la comuna de Independencia e hice un curso de papel mach\u00e9. Nunca pens\u00e9 que iba a exportar, porque lo ve\u00eda como algo lejano, que no era para m\u00ed como artesana y dise\u00f1adora, nunca pens\u00e9 que mis productos podr\u00edan llegar a Nueva York. Estoy orgullosa de ser chilena y de poder exportar mis productos a Estados Unidos. Por eso, los invito a todos a postular a &#8216;Orgullo chileno, la ruta para exportar&#8217;. Atr\u00e9vanse. Va a ser el puntapi\u00e9 para que sus productos se luzcan en el extranjero\u00bb.<\/p>\n<p style=\"text-align: justify;\"><strong>\u00bfC\u00f3mo postular?<\/strong><\/p>\n<p style=\"text-align: justify;\">Para acceder al subsidio, hay que ingresar a\u00a0<a href=\"http:\/\/www.sercotec.cl\/\">www.sercotec.cl<\/a> y registrarse como usuario o actualizar antecedentes. Luego de realizar el respectivo test de caracterizaci\u00f3n y subir el video de su empresa, los interesados deber\u00e1n completar el formulario contestando las preguntas de su empresa y anexar la informaci\u00f3n solicitada de carpeta tributaria, gu\u00eda de despacho y resoluci\u00f3n sanitaria (si elabora alimentos).<\/p>\n<p style=\"text-align: justify;\">Las postulaciones se abrieron hoy (a trav\u00e9s de\u00a0<a href=\"http:\/\/www.sercotec.cl\/\">www.sercotec.cl<\/a>) y se extender\u00e1n hasta las 12 horas del viernes 12 de noviembre.<\/p>\n<\/div><\/section><\/div><div  style='height:50px' class='hr hr-invisible   avia-builder-el-6  el_after_av_one_full  el_before_av_social_share '><span class='hr-inner ' ><span class='hr-inner-style'><\/span><\/span><\/div><\/p>\n<div  class='av-social-sharing-box  avia-builder-el-7  el_after_av_hr  el_before_av_hr  '><div class='av-share-box'><h5 class='av-share-link-description av-no-toc '>Compartir esta noticia<\/h5><ul class='av-share-box-list noLightbox'><li class='av-share-link av-social-link-facebook' ><a target=\"_blank\" aria-label=\"Compartir en Facebook\" href='https:\/\/www.facebook.com\/sharer.php?u=https:\/\/radiorevelacionfm.cl\/?p=10428&#038;t=Lanzan%20programa%20%E2%80%9COrgullo%20Chileno%E2%80%9D%20que%20potenciar%C3%A1%20exportaciones%20de%20pymes' aria-hidden='false' data-av_icon='\ue8f3' data-av_iconfont='entypo-fontello' title='' data-avia-related-tooltip='Compartir en Facebook' rel=\"noopener\"><span class='avia_hidden_link_text'>Compartir en Facebook<\/span><\/a><\/li><li class='av-share-link av-social-link-twitter' ><a target=\"_blank\" aria-label=\"Compartir en Twitter\" href='https:\/\/twitter.com\/share?text=Lanzan%20programa%20%E2%80%9COrgullo%20Chileno%E2%80%9D%20que%20potenciar%C3%A1%20exportaciones%20de%20pymes&#038;url=https:\/\/radiorevelacionfm.cl\/?p=10428' aria-hidden='false' data-av_icon='\ue8f1' data-av_iconfont='entypo-fontello' title='' data-avia-related-tooltip='Compartir en Twitter' rel=\"noopener\"><span class='avia_hidden_link_text'>Compartir en Twitter<\/span><\/a><\/li><li class='av-share-link av-social-link-whatsapp' ><a target=\"_blank\" aria-label=\"Compartir en Whatsapp\" href='https:\/\/api.whatsapp.com\/send?text=https:\/\/radiorevelacionfm.cl\/?p=10428' aria-hidden='false' data-av_icon='\uf232' data-av_iconfont='entypo-fontello' title='' data-avia-related-tooltip='Compartir en Whatsapp' rel=\"noopener\"><span class='avia_hidden_link_text'>Compartir en Whatsapp<\/span><\/a><\/li><li class='av-share-link av-social-link-linkedin' ><a target=\"_blank\" aria-label=\"Compartir en LinkedIn\" href='https:\/\/linkedin.com\/shareArticle?mini=true&#038;title=Lanzan%20programa%20%E2%80%9COrgullo%20Chileno%E2%80%9D%20que%20potenciar%C3%A1%20exportaciones%20de%20pymes&#038;url=https:\/\/radiorevelacionfm.cl\/?p=10428' aria-hidden='false' data-av_icon='\ue8fc' data-av_iconfont='entypo-fontello' title='' data-avia-related-tooltip='Compartir en LinkedIn' rel=\"noopener\"><span class='avia_hidden_link_text'>Compartir en LinkedIn<\/span><\/a><\/li><li class='av-share-link av-social-link-mail' ><a  aria-label=\"Compartir por correo\" href='mailto:?subject=Lanzan%20programa%20%E2%80%9COrgullo%20Chileno%E2%80%9D%20que%20potenciar%C3%A1%20exportaciones%20de%20pymes&#038;body=https:\/\/radiorevelacionfm.cl\/?p=10428' aria-hidden='false' data-av_icon='\ue805' data-av_iconfont='entypo-fontello' title='' data-avia-related-tooltip='Compartir por correo'><span class='avia_hidden_link_text'>Compartir por correo<\/span><\/a><\/li><\/ul><\/div><\/div>\n<div  style='height:50px' class='hr hr-invisible   avia-builder-el-8  el_after_av_social_share  el_before_av_comments_list '><span class='hr-inner ' ><span class='hr-inner-style'><\/span><\/span><\/div>\n<div  class='av-buildercomment  av-blog-meta-html-info-disabled av-blog-meta-tag-disabled  '><\/div>\n","protected":false},"excerpt":{"rendered":"","protected":false},"author":1,"featured_media":10434,"comment_status":"open","ping_status":"open","sticky":false,"template":"","format":"standard","meta":{"footnotes":""},"categories":[45],"tags":[],"class_list":["post-10428","post","type-post","status-publish","format-standard","has-post-thumbnail","hentry","category-comercio"],"jetpack_featured_media_url":"https:\/\/radiorevelacionfm.cl\/wp-content\/uploads\/2021\/11\/sercotec_orgullo-chileno-p-1-1_optimized.jpg","_links":{"self":[{"href":"https:\/\/radiorevelacionfm.cl\/index.php?rest_route=\/wp\/v2\/posts\/10428","targetHints":{"allow":["GET"]}}],"collection":[{"href":"https:\/\/radiorevelacionfm.cl\/index.php?rest_route=\/wp\/v2\/posts"}],"about":[{"href":"https:\/\/radiorevelacionfm.cl\/index.php?rest_route=\/wp\/v2\/types\/post"}],"author":[{"embeddable":true,"href":"https:\/\/radiorevelacionfm.cl\/index.php?rest_route=\/wp\/v2\/users\/1"}],"replies":[{"embeddable":true,"href":"https:\/\/radiorevelacionfm.cl\/index.php?rest_route=%2Fwp%2Fv2%2Fcomments&post=10428"}],"version-history":[{"count":2,"href":"https:\/\/radiorevelacionfm.cl\/index.php?rest_route=\/wp\/v2\/posts\/10428\/revisions"}],"predecessor-version":[{"id":10432,"href":"https:\/\/radiorevelacionfm.cl\/index.php?rest_route=\/wp\/v2\/posts\/10428\/revisions\/10432"}],"wp:featuredmedia":[{"embeddable":true,"href":"https:\/\/radiorevelacionfm.cl\/index.php?rest_route=\/wp\/v2\/media\/10434"}],"wp:attachment":[{"href":"https:\/\/radiorevelacionfm.cl\/index.php?rest_route=%2Fwp%2Fv2%2Fmedia&parent=10428"}],"wp:term":[{"taxonomy":"category","embeddable":true,"href":"https:\/\/radiorevelacionfm.cl\/index.php?rest_route=%2Fwp%2Fv2%2Fcategories&post=10428"},{"taxonomy":"post_tag","embeddable":true,"href":"https:\/\/radiorevelacionfm.cl\/index.php?rest_route=%2Fwp%2Fv2%2Ftags&post=10428"}],"curies":[{"name":"wp","href":"https:\/\/api.w.org\/{rel}","templated":true}]}}