{"id":10423,"date":"2021-11-05T17:12:49","date_gmt":"2021-11-05T20:12:49","guid":{"rendered":"https:\/\/radiorevelacionfm.cl\/?p=10423"},"modified":"2021-11-05T17:16:41","modified_gmt":"2021-11-05T20:16:41","slug":"presidente-pinera-anuncia-la-creacion-de-un-centro-especial-oncologico-para-aysen","status":"publish","type":"post","link":"https:\/\/radiorevelacionfm.cl\/?p=10423","title":{"rendered":"Presidente Pi\u00f1era anuncia la creaci\u00f3n de un Centro Oncol\u00f3gico para Ays\u00e9n"},"content":{"rendered":"<div class=\"flex_column av_one_full  flex_column_div av-zero-column-padding first  avia-builder-el-0  el_before_av_one_full  avia-builder-el-first  \" style='border-radius:0px; '><div  class='avia-image-container  av-styling-    avia-builder-el-1  avia-builder-el-no-sibling  avia-align-center '  itemprop=\"image\" itemscope=\"itemscope\" itemtype=\"https:\/\/schema.org\/ImageObject\"  ><div class='avia-image-container-inner'><div class='avia-image-overlay-wrap'><img decoding=\"async\" class='wp-image-10424 avia-img-lazy-loading-not-10424 avia_image' src=\"https:\/\/radiorevelacionfm.cl\/wp-content\/uploads\/2021\/11\/FOTO-anuncio-centro-oncologico-1-1.jpg\" alt='' title='FOTO anuncio centro oncol\u00f3gico (1) (1)' height=\"600\" width=\"909\"  itemprop=\"thumbnailUrl\" srcset=\"https:\/\/radiorevelacionfm.cl\/wp-content\/uploads\/2021\/11\/FOTO-anuncio-centro-oncologico-1-1.jpg 909w, https:\/\/radiorevelacionfm.cl\/wp-content\/uploads\/2021\/11\/FOTO-anuncio-centro-oncologico-1-1-300x198.jpg 300w, https:\/\/radiorevelacionfm.cl\/wp-content\/uploads\/2021\/11\/FOTO-anuncio-centro-oncologico-1-1-768x507.jpg 768w, https:\/\/radiorevelacionfm.cl\/wp-content\/uploads\/2021\/11\/FOTO-anuncio-centro-oncologico-1-1-705x465.jpg 705w, https:\/\/radiorevelacionfm.cl\/wp-content\/uploads\/2021\/11\/FOTO-anuncio-centro-oncologico-1-1-600x396.jpg 600w\" sizes=\"(max-width: 909px) 100vw, 909px\" \/><\/div><\/div><\/div><\/div>\n<div class=\"flex_column av_one_full  flex_column_div av-zero-column-padding first  avia-builder-el-2  el_after_av_one_full  el_before_av_one_full  column-top-margin\" style='border-radius:0px; '><section class=\"av_textblock_section \"  itemscope=\"itemscope\" itemtype=\"https:\/\/schema.org\/BlogPosting\" itemprop=\"blogPost\" ><div class='avia_textblock  '   itemprop=\"text\" ><p style=\"text-align: center;\"><span style=\"font-size: 18pt;\"><strong>Presidente Pi\u00f1era anuncia la creaci\u00f3n de un Centro Oncol\u00f3gico para Ays\u00e9n<\/strong><\/span><\/p>\n<div id=\"gtx-trans\" style=\"position: absolute; left: -50px; top: 4.31534px;\">\n<div class=\"gtx-trans-icon\"><\/div>\n<\/div>\n<\/div><\/section><\/div><div class=\"flex_column av_one_full  flex_column_div av-zero-column-padding first  avia-builder-el-4  el_after_av_one_full  el_before_av_hr  column-top-margin\" style='border-radius:0px; '><section class=\"av_textblock_section \"  itemscope=\"itemscope\" itemtype=\"https:\/\/schema.org\/BlogPosting\" itemprop=\"blogPost\" ><div class='avia_textblock  '   itemprop=\"text\" ><p style=\"text-align: justify;\">Este jueves por la tarde, el Presidente de la Rep\u00fablica, Sebasti\u00e1n Pi\u00f1era Eche\u00f1ique, anunci\u00f3 el \u201cvamos\u201d a la creaci\u00f3n de un Centro Especial Oncol\u00f3gico para la Regi\u00f3n de Ays\u00e9n, donde se van a disponer recursos para el arriendo de un espacio que permitir\u00e1 tratamientos de quimioterapia a los pacientes.<\/p>\n<p style=\"text-align: justify;\">Desde La Moneda, en Santiago, la m\u00e1xima autoridad del pa\u00eds coment\u00f3 que ha escuchado las peticiones de las autoridades regionales y la ciudadan\u00eda, y bajo conversaciones con el Ministro de Salud, Enrique Paris, y el Subsecretario de Redes Asistenciales de Salud, Alberto Dougnac, plantearon un avance importante para los ayseninos.<\/p>\n<p style=\"text-align: justify;\">\u201cEstamos muy conscientes de las necesidades de salud de la Regi\u00f3n de Ays\u00e9n, y por eso la soluci\u00f3n definitiva es la construcci\u00f3n de un nuevo hospital en Coyhaique que tenga incorporado un Centro Oncol\u00f3gico como la regi\u00f3n necesita. Pero eso va a tomar tiempo, a pesar que los estudios de pre inversi\u00f3n los vamos a iniciar muy pr\u00f3ximamente; en el intentando, se va a realizar un centro especial que va a tomar menos tiempo. Sabemos que la soluci\u00f3n es urgente y por eso vamos a proceder de inmediato en arrendar un espacio que nos permita tener un Centro Oncol\u00f3gico\u201d, inform\u00f3 el Presidente Pi\u00f1era.<\/p>\n<p style=\"text-align: justify;\">La autoridad argument\u00f3 que el centro especial permitir\u00e1 tratamientos de quimioterapia, lo que permitir\u00e1 entregar \u201cm\u00e1s dignidad, m\u00e1s espacio y, sobre todo, m\u00e1s lugares para que los pacientes, que requieren o reciban tratamiento oncol\u00f3gico, sea con calidad y cari\u00f1o. As\u00ed que estamos juntos en esto y estamos avanzando a la m\u00e1xima velocidad para que la gente de Ays\u00e9n tenga un tratamiento frente a estas enfermedades tan duras y dolorosas, y que yo s\u00e9 que lo necesitan\u201d.<\/p>\n<p style=\"text-align: justify;\">La Delegada Presidencial Regional, Margarita Ossa Rojas, agradeci\u00f3 el anuncio del Presidente de la Rep\u00fablica, debido a que Ays\u00e9n ya cuenta con el financiamiento para el arriendo de un centro especial. \u201cEste primer paso, que es fundamental para nosotros como regi\u00f3n, es un centro especial que vamos a implementar en pocos meses y, luego de eso, vamos a seguir trabajando para un proyecto que es m\u00e1s definitivo y que est\u00e1 contemplado dentro del proceso de normalizaci\u00f3n del Hospital Regional de Coyhaique\u201d, asever\u00f3.<\/p>\n<p style=\"text-align: justify;\">Tanto el Presidente Pi\u00f1era y la Delegada Presidencial Ossa tambi\u00e9n agradecieron a la diputada Aracely Leuqu\u00e9n, al senador David Sandoval y todas aquellas familias, pacientes, que no han dejado de solicitar un lugar para los tratamientos de quimioterapia.<\/p>\n<p style=\"text-align: justify;\">\u201cSabemos que hemos avanzado y hemos dado un paso muy valioso para la regi\u00f3n, tenemos un desaf\u00edo todav\u00eda importante por delante pero, por sobre todo, estamos muy felices de que el Presidente Pi\u00f1era haya apoyado y comunicado \u00e9l esta noticia, y que nosotros como regi\u00f3n avanzamos de esta manera en favorecer y acompa\u00f1ar a todas nuestras familias en este proceso que es complejo\u201d, remarc\u00f3 Ossa.<\/p>\n<\/div><\/section><\/div><\/p>\n<div  style='height:50px' class='hr hr-invisible   avia-builder-el-6  el_after_av_one_full  el_before_av_social_share '><span class='hr-inner ' ><span class='hr-inner-style'><\/span><\/span><\/div>\n<div  class='av-social-sharing-box  avia-builder-el-7  el_after_av_hr  el_before_av_hr  '><div class='av-share-box'><h5 class='av-share-link-description av-no-toc '>Compartir esta noticia<\/h5><ul class='av-share-box-list noLightbox'><li class='av-share-link av-social-link-facebook' ><a target=\"_blank\" aria-label=\"Compartir en Facebook\" href='https:\/\/www.facebook.com\/sharer.php?u=https:\/\/radiorevelacionfm.cl\/?p=10423&#038;t=Presidente%20Pi%C3%B1era%20anuncia%20la%20creaci%C3%B3n%20de%20un%20Centro%20Oncol%C3%B3gico%20para%20Ays%C3%A9n' aria-hidden='false' data-av_icon='\ue8f3' data-av_iconfont='entypo-fontello' title='' data-avia-related-tooltip='Compartir en Facebook' rel=\"noopener\"><span class='avia_hidden_link_text'>Compartir en Facebook<\/span><\/a><\/li><li class='av-share-link av-social-link-twitter' ><a target=\"_blank\" aria-label=\"Compartir en Twitter\" href='https:\/\/twitter.com\/share?text=Presidente%20Pi%C3%B1era%20anuncia%20la%20creaci%C3%B3n%20de%20un%20Centro%20Oncol%C3%B3gico%20para%20Ays%C3%A9n&#038;url=https:\/\/radiorevelacionfm.cl\/?p=10423' aria-hidden='false' data-av_icon='\ue8f1' data-av_iconfont='entypo-fontello' title='' data-avia-related-tooltip='Compartir en Twitter' rel=\"noopener\"><span class='avia_hidden_link_text'>Compartir en Twitter<\/span><\/a><\/li><li class='av-share-link av-social-link-whatsapp' ><a target=\"_blank\" aria-label=\"Compartir en Whatsapp\" href='https:\/\/api.whatsapp.com\/send?text=https:\/\/radiorevelacionfm.cl\/?p=10423' aria-hidden='false' data-av_icon='\uf232' data-av_iconfont='entypo-fontello' title='' data-avia-related-tooltip='Compartir en Whatsapp' rel=\"noopener\"><span class='avia_hidden_link_text'>Compartir en Whatsapp<\/span><\/a><\/li><li class='av-share-link av-social-link-linkedin' ><a target=\"_blank\" aria-label=\"Compartir en LinkedIn\" href='https:\/\/linkedin.com\/shareArticle?mini=true&#038;title=Presidente%20Pi%C3%B1era%20anuncia%20la%20creaci%C3%B3n%20de%20un%20Centro%20Oncol%C3%B3gico%20para%20Ays%C3%A9n&#038;url=https:\/\/radiorevelacionfm.cl\/?p=10423' aria-hidden='false' data-av_icon='\ue8fc' data-av_iconfont='entypo-fontello' title='' data-avia-related-tooltip='Compartir en LinkedIn' rel=\"noopener\"><span class='avia_hidden_link_text'>Compartir en LinkedIn<\/span><\/a><\/li><li class='av-share-link av-social-link-mail' ><a  aria-label=\"Compartir por correo\" href='mailto:?subject=Presidente%20Pi%C3%B1era%20anuncia%20la%20creaci%C3%B3n%20de%20un%20Centro%20Oncol%C3%B3gico%20para%20Ays%C3%A9n&#038;body=https:\/\/radiorevelacionfm.cl\/?p=10423' aria-hidden='false' data-av_icon='\ue805' data-av_iconfont='entypo-fontello' title='' data-avia-related-tooltip='Compartir por correo'><span class='avia_hidden_link_text'>Compartir por correo<\/span><\/a><\/li><\/ul><\/div><\/div>\n<div  style='height:50px' class='hr hr-invisible   avia-builder-el-8  el_after_av_social_share  el_before_av_comments_list '><span class='hr-inner ' ><span class='hr-inner-style'><\/span><\/span><\/div>\n<div  class='av-buildercomment  av-blog-meta-html-info-disabled av-blog-meta-tag-disabled  '><\/div>\n","protected":false},"excerpt":{"rendered":"","protected":false},"author":1,"featured_media":10424,"comment_status":"open","ping_status":"open","sticky":false,"template":"","format":"standard","meta":{"footnotes":""},"categories":[38],"tags":[],"class_list":["post-10423","post","type-post","status-publish","format-standard","has-post-thumbnail","hentry","category-regional"],"jetpack_featured_media_url":"https:\/\/radiorevelacionfm.cl\/wp-content\/uploads\/2021\/11\/FOTO-anuncio-centro-oncologico-1-1.jpg","_links":{"self":[{"href":"https:\/\/radiorevelacionfm.cl\/index.php?rest_route=\/wp\/v2\/posts\/10423","targetHints":{"allow":["GET"]}}],"collection":[{"href":"https:\/\/radiorevelacionfm.cl\/index.php?rest_route=\/wp\/v2\/posts"}],"about":[{"href":"https:\/\/radiorevelacionfm.cl\/index.php?rest_route=\/wp\/v2\/types\/post"}],"author":[{"embeddable":true,"href":"https:\/\/radiorevelacionfm.cl\/index.php?rest_route=\/wp\/v2\/users\/1"}],"replies":[{"embeddable":true,"href":"https:\/\/radiorevelacionfm.cl\/index.php?rest_route=%2Fwp%2Fv2%2Fcomments&post=10423"}],"version-history":[{"count":3,"href":"https:\/\/radiorevelacionfm.cl\/index.php?rest_route=\/wp\/v2\/posts\/10423\/revisions"}],"predecessor-version":[{"id":10426,"href":"https:\/\/radiorevelacionfm.cl\/index.php?rest_route=\/wp\/v2\/posts\/10423\/revisions\/10426"}],"wp:featuredmedia":[{"embeddable":true,"href":"https:\/\/radiorevelacionfm.cl\/index.php?rest_route=\/wp\/v2\/media\/10424"}],"wp:attachment":[{"href":"https:\/\/radiorevelacionfm.cl\/index.php?rest_route=%2Fwp%2Fv2%2Fmedia&parent=10423"}],"wp:term":[{"taxonomy":"category","embeddable":true,"href":"https:\/\/radiorevelacionfm.cl\/index.php?rest_route=%2Fwp%2Fv2%2Fcategories&post=10423"},{"taxonomy":"post_tag","embeddable":true,"href":"https:\/\/radiorevelacionfm.cl\/index.php?rest_route=%2Fwp%2Fv2%2Ftags&post=10423"}],"curies":[{"name":"wp","href":"https:\/\/api.w.org\/{rel}","templated":true}]}}