{"id":10419,"date":"2021-11-06T11:43:53","date_gmt":"2021-11-06T14:43:53","guid":{"rendered":"https:\/\/radiorevelacionfm.cl\/?p=10419"},"modified":"2021-11-06T11:43:53","modified_gmt":"2021-11-06T14:43:53","slug":"programas-pace-uach-y-uaysen-realizan-jornadas-de-difusion-de-oferta-de-educacion-superior","status":"publish","type":"post","link":"https:\/\/radiorevelacionfm.cl\/?p=10419","title":{"rendered":"Programas PACE UACh y UAys\u00e9n realizan jornadas de difusi\u00f3n de oferta de Educaci\u00f3n Superior"},"content":{"rendered":"<div class=\"flex_column av_one_full  flex_column_div av-zero-column-padding first  avia-builder-el-0  el_before_av_one_full  avia-builder-el-first  \" style='border-radius:0px; '><div  class='avia-image-container  av-styling-    avia-builder-el-1  avia-builder-el-no-sibling  avia-align-center '  itemprop=\"image\" itemscope=\"itemscope\" itemtype=\"https:\/\/schema.org\/ImageObject\"  ><div class='avia-image-container-inner'><div class='avia-image-overlay-wrap'><img decoding=\"async\" class='wp-image-10420 avia-img-lazy-loading-not-10420 avia_image' src=\"https:\/\/radiorevelacionfm.cl\/wp-content\/uploads\/2021\/11\/Todos-1-1.jpeg\" alt='' title='Todos (1) (1)' height=\"600\" width=\"1077\"  itemprop=\"thumbnailUrl\" srcset=\"https:\/\/radiorevelacionfm.cl\/wp-content\/uploads\/2021\/11\/Todos-1-1.jpeg 1077w, https:\/\/radiorevelacionfm.cl\/wp-content\/uploads\/2021\/11\/Todos-1-1-300x167.jpeg 300w, https:\/\/radiorevelacionfm.cl\/wp-content\/uploads\/2021\/11\/Todos-1-1-1030x574.jpeg 1030w, https:\/\/radiorevelacionfm.cl\/wp-content\/uploads\/2021\/11\/Todos-1-1-768x428.jpeg 768w, https:\/\/radiorevelacionfm.cl\/wp-content\/uploads\/2021\/11\/Todos-1-1-705x393.jpeg 705w, https:\/\/radiorevelacionfm.cl\/wp-content\/uploads\/2021\/11\/Todos-1-1-600x334.jpeg 600w\" sizes=\"(max-width: 1077px) 100vw, 1077px\" \/><\/div><\/div><\/div><\/div><div class=\"flex_column av_one_full  flex_column_div av-zero-column-padding first  avia-builder-el-2  el_after_av_one_full  el_before_av_one_full  column-top-margin\" style='border-radius:0px; '><section class=\"av_textblock_section \"  itemscope=\"itemscope\" itemtype=\"https:\/\/schema.org\/BlogPosting\" itemprop=\"blogPost\" ><div class='avia_textblock  '   itemprop=\"text\" ><p style=\"text-align: center;\"><span style=\"font-size: 18pt;\"><strong>Programas PACE UACh y UAys\u00e9n realizan jornadas <\/strong><strong>de difusi\u00f3n de oferta de Educaci\u00f3n Superior<\/strong><\/span><\/p>\n<div id=\"gtx-trans\" style=\"position: absolute; left: -50px; top: 4.31534px;\">\n<div class=\"gtx-trans-icon\"><\/div>\n<\/div>\n<\/div><\/section><\/div><div class=\"flex_column av_one_full  flex_column_div av-zero-column-padding first  avia-builder-el-4  el_after_av_one_full  el_before_av_hr  column-top-margin\" style='border-radius:0px; '><section class=\"av_textblock_section \"  itemscope=\"itemscope\" itemtype=\"https:\/\/schema.org\/BlogPosting\" itemprop=\"blogPost\" ><div class='avia_textblock  '   itemprop=\"text\" ><p style=\"text-align: justify;\">Con la finalidad de contribuir en el proceso de la toma de decisi\u00f3n de los estudiantes de cuarto medio de establecimientos educacionales de la regi\u00f3n de Ays\u00e9n, los equipos de los Programas PACE de la Universidad de Ays\u00e9n y de la Universidad Austral de Chile Campus Patagonia, organizaron las charlas \u201cConociendo Oferta Regional de Educaci\u00f3n Superior, 2021\u201d, instancia en la que los j\u00f3venes pudieron conocer con mayor cercan\u00eda las opciones existentes para el proceso de admisi\u00f3n 2022.<\/p>\n<p style=\"text-align: justify;\">El evento, realizado en formato virtual, cont\u00f3 con la participaci\u00f3n de las sedes Coyhaique de Inacap, Instituto Profesional los Lagos y la Universidad de Magallanes, adem\u00e1s de las exposiciones de la Universidad Austral de Chile, Campus Patagonia, la Universidad de Ays\u00e9n y el Centro de Formaci\u00f3n T\u00e9cnica Estatal de Ays\u00e9n.<\/p>\n<p style=\"text-align: justify;\">Johanna Mart\u00ednez Manosalva, coordinadora del componente PEM PACE UACh Campus Patagonia, destac\u00f3 que como equipo, \u201cestamos muy contentos y contentas con esta jornada que se han realizado. Hemos tenido la oportunidad de poder congregar a las diferentes instituciones de educaci\u00f3n superior en la regi\u00f3n de Ays\u00e9n para poder mostrar a todos los liceos los detalles de la oferta acad\u00e9mica que hay y de la diversidad de posibilidades que existen de acceso a la educaci\u00f3n superior, de becas, aranceles y una gama de alternativas, como tambi\u00e9n los sistemas de acompa\u00f1amiento que pueden optar nuestros j\u00f3venes una vez que se inserten en alguna casa de estudios presentes en la regi\u00f3n. Vemos con mucho optimismo este tipo de actividades, vemos con mucho entusiasmo tambi\u00e9n, estas instancias y esfuerzos comunes y esperamos a lo largo del tiempo poder ir foment\u00e1ndolas, irlas robusteciendo y consolidar este tipo de acciones que tan bien nos hace como regi\u00f3n en el desarrollo de la educaci\u00f3n\u201d.<\/p>\n<p style=\"text-align: justify;\">Al respecto, la profesora del Liceo Rep\u00fablica Argentina de Coyhaique, Katherine Subiabre, destac\u00f3 la actividad, quien enfatiz\u00f3 que \u201cparticip\u00e9 junto a mis estudiantes de cuarto medio mec\u00e1nica en las charlas de educaci\u00f3n superior que ten\u00edan como prop\u00f3sito informar a los estudiantes pr\u00f3ximos a egresar acerca de la oferta educativa disponible en la regi\u00f3n de Ays\u00e9n. Es una actividad relevante para los estudiantes ya que pueden elegir informados e informadas cuando desean continuar estudios superiores en su misma regi\u00f3n. Considero que es importante que las instituciones de educaci\u00f3n superior est\u00e9n vinculadas a los distintos establecimientos educativos sobre todo aquellos con modalidad t\u00e9cnico profesional, ya que varios estudiantes al finalizar se sientes atra\u00eddos en continuar estudios, en carreras afines u otras\u201d.<\/p>\n<p style=\"text-align: justify;\">Por su parte, David V\u00e1squez, coordinador de Admisi\u00f3n de la Universidad de Ays\u00e9n se\u00f1al\u00f3 que \u201cacabamos de culminar nuestra participaci\u00f3n en la charla virtual para conocer la oferta acad\u00e9mica regional del a\u00f1o 2022 y como Universidad de Ays\u00e9n estamos felices de haber participado de esta instancia colaborativa entre las distintas instituciones que impartimos ense\u00f1anza de educaci\u00f3n superior en la regi\u00f3n y que los estudiantes de nuestros colegios conozcan cu\u00e1les son sus oportunidades es fundamental para la toma de decisiones. Nos alegra much\u00edsimo que esta haya sido una actividad colaborativa, hay un valor agregado \u00a0en que los equipos PACE de la Universidad de Ays\u00e9n y de la Universidad Austral y que adem\u00e1s hayan extendido la invitaci\u00f3n a los distintos colegios subvencionados que no participan en este programa pero igualmente es fundamental que conozcan esta oferta\u201d.<\/p>\n<p style=\"text-align: justify;\">Cabe se\u00f1alar que el PACE es un programa del MINEDUC que busca permitir el acceso a la educaci\u00f3n superior a estudiantes destacados de ense\u00f1anza media, provenientes de establecimientos municipales, mediante la realizaci\u00f3n de acciones de preparaci\u00f3n y apoyo permanente, y el aseguramiento de cupos en instituciones de Educaci\u00f3n Superior. En la regi\u00f3n las instituciones que ejecutan el acompa\u00f1amiento a los estudiantes del programa son la Universidad de Ays\u00e9n y la Universidad Austral de Chile Campus Patagonia.<\/p>\n<\/div><\/section><\/div><div  style='height:50px' class='hr hr-invisible   avia-builder-el-6  el_after_av_one_full  el_before_av_social_share '><span class='hr-inner ' ><span class='hr-inner-style'><\/span><\/span><\/div><\/p>\n<div  class='av-social-sharing-box  avia-builder-el-7  el_after_av_hr  el_before_av_hr  '><div class='av-share-box'><h5 class='av-share-link-description av-no-toc '>Compartir esta noticia<\/h5><ul class='av-share-box-list noLightbox'><li class='av-share-link av-social-link-facebook' ><a target=\"_blank\" aria-label=\"Compartir en Facebook\" href='https:\/\/www.facebook.com\/sharer.php?u=https:\/\/radiorevelacionfm.cl\/?p=10419&#038;t=Programas%20PACE%20UACh%20y%20UAys%C3%A9n%20realizan%20jornadas%20de%20difusi%C3%B3n%20de%20oferta%20de%20Educaci%C3%B3n%20Superior' aria-hidden='false' data-av_icon='\ue8f3' data-av_iconfont='entypo-fontello' title='' data-avia-related-tooltip='Compartir en Facebook' rel=\"noopener\"><span class='avia_hidden_link_text'>Compartir en Facebook<\/span><\/a><\/li><li class='av-share-link av-social-link-twitter' ><a target=\"_blank\" aria-label=\"Compartir en Twitter\" href='https:\/\/twitter.com\/share?text=Programas%20PACE%20UACh%20y%20UAys%C3%A9n%20realizan%20jornadas%20de%20difusi%C3%B3n%20de%20oferta%20de%20Educaci%C3%B3n%20Superior&#038;url=https:\/\/radiorevelacionfm.cl\/?p=10419' aria-hidden='false' data-av_icon='\ue8f1' data-av_iconfont='entypo-fontello' title='' data-avia-related-tooltip='Compartir en Twitter' rel=\"noopener\"><span class='avia_hidden_link_text'>Compartir en Twitter<\/span><\/a><\/li><li class='av-share-link av-social-link-whatsapp' ><a target=\"_blank\" aria-label=\"Compartir en Whatsapp\" href='https:\/\/api.whatsapp.com\/send?text=https:\/\/radiorevelacionfm.cl\/?p=10419' aria-hidden='false' data-av_icon='\uf232' data-av_iconfont='entypo-fontello' title='' data-avia-related-tooltip='Compartir en Whatsapp' rel=\"noopener\"><span class='avia_hidden_link_text'>Compartir en Whatsapp<\/span><\/a><\/li><li class='av-share-link av-social-link-linkedin' ><a target=\"_blank\" aria-label=\"Compartir en LinkedIn\" href='https:\/\/linkedin.com\/shareArticle?mini=true&#038;title=Programas%20PACE%20UACh%20y%20UAys%C3%A9n%20realizan%20jornadas%20de%20difusi%C3%B3n%20de%20oferta%20de%20Educaci%C3%B3n%20Superior&#038;url=https:\/\/radiorevelacionfm.cl\/?p=10419' aria-hidden='false' data-av_icon='\ue8fc' data-av_iconfont='entypo-fontello' title='' data-avia-related-tooltip='Compartir en LinkedIn' rel=\"noopener\"><span class='avia_hidden_link_text'>Compartir en LinkedIn<\/span><\/a><\/li><li class='av-share-link av-social-link-mail' ><a  aria-label=\"Compartir por correo\" href='mailto:?subject=Programas%20PACE%20UACh%20y%20UAys%C3%A9n%20realizan%20jornadas%20de%20difusi%C3%B3n%20de%20oferta%20de%20Educaci%C3%B3n%20Superior&#038;body=https:\/\/radiorevelacionfm.cl\/?p=10419' aria-hidden='false' data-av_icon='\ue805' data-av_iconfont='entypo-fontello' title='' data-avia-related-tooltip='Compartir por correo'><span class='avia_hidden_link_text'>Compartir por correo<\/span><\/a><\/li><\/ul><\/div><\/div>\n<div  style='height:50px' class='hr hr-invisible   avia-builder-el-8  el_after_av_social_share  el_before_av_comments_list '><span class='hr-inner ' ><span class='hr-inner-style'><\/span><\/span><\/div>\n<div  class='av-buildercomment  av-blog-meta-html-info-disabled av-blog-meta-tag-disabled  '><\/div>\n","protected":false},"excerpt":{"rendered":"","protected":false},"author":1,"featured_media":10420,"comment_status":"open","ping_status":"open","sticky":false,"template":"","format":"standard","meta":{"footnotes":""},"categories":[49],"tags":[],"class_list":["post-10419","post","type-post","status-publish","format-standard","has-post-thumbnail","hentry","category-educacion"],"jetpack_featured_media_url":"https:\/\/radiorevelacionfm.cl\/wp-content\/uploads\/2021\/11\/Todos-1-1.jpeg","_links":{"self":[{"href":"https:\/\/radiorevelacionfm.cl\/index.php?rest_route=\/wp\/v2\/posts\/10419","targetHints":{"allow":["GET"]}}],"collection":[{"href":"https:\/\/radiorevelacionfm.cl\/index.php?rest_route=\/wp\/v2\/posts"}],"about":[{"href":"https:\/\/radiorevelacionfm.cl\/index.php?rest_route=\/wp\/v2\/types\/post"}],"author":[{"embeddable":true,"href":"https:\/\/radiorevelacionfm.cl\/index.php?rest_route=\/wp\/v2\/users\/1"}],"replies":[{"embeddable":true,"href":"https:\/\/radiorevelacionfm.cl\/index.php?rest_route=%2Fwp%2Fv2%2Fcomments&post=10419"}],"version-history":[{"count":2,"href":"https:\/\/radiorevelacionfm.cl\/index.php?rest_route=\/wp\/v2\/posts\/10419\/revisions"}],"predecessor-version":[{"id":10460,"href":"https:\/\/radiorevelacionfm.cl\/index.php?rest_route=\/wp\/v2\/posts\/10419\/revisions\/10460"}],"wp:featuredmedia":[{"embeddable":true,"href":"https:\/\/radiorevelacionfm.cl\/index.php?rest_route=\/wp\/v2\/media\/10420"}],"wp:attachment":[{"href":"https:\/\/radiorevelacionfm.cl\/index.php?rest_route=%2Fwp%2Fv2%2Fmedia&parent=10419"}],"wp:term":[{"taxonomy":"category","embeddable":true,"href":"https:\/\/radiorevelacionfm.cl\/index.php?rest_route=%2Fwp%2Fv2%2Fcategories&post=10419"},{"taxonomy":"post_tag","embeddable":true,"href":"https:\/\/radiorevelacionfm.cl\/index.php?rest_route=%2Fwp%2Fv2%2Ftags&post=10419"}],"curies":[{"name":"wp","href":"https:\/\/api.w.org\/{rel}","templated":true}]}}