{"id":10416,"date":"2021-11-05T15:36:48","date_gmt":"2021-11-05T18:36:48","guid":{"rendered":"https:\/\/radiorevelacionfm.cl\/?p=10416"},"modified":"2021-11-05T15:36:48","modified_gmt":"2021-11-05T18:36:48","slug":"mujer-de-25-anos-fue-detenida-en-tiempo-record-por-la-pdi-siendo-formalizada-por-homicidio","status":"publish","type":"post","link":"https:\/\/radiorevelacionfm.cl\/?p=10416","title":{"rendered":"Mujer de 25 a\u00f1os fue detenida en tiempo r\u00e9cord por la PDI siendo formalizada por homicidio"},"content":{"rendered":"<div class=\"flex_column av_one_full  flex_column_div av-zero-column-padding first  avia-builder-el-0  el_before_av_one_full  avia-builder-el-first  \" style='border-radius:0px; '><div  class='avia-image-container  av-styling-    avia-builder-el-1  avia-builder-el-no-sibling  avia-align-center '  itemprop=\"image\" itemscope=\"itemscope\" itemtype=\"https:\/\/schema.org\/ImageObject\"  ><div class='avia-image-container-inner'><div class='avia-image-overlay-wrap'><img decoding=\"async\" class='wp-image-6365 avia-img-lazy-loading-not-6365 avia_image' src=\"https:\/\/radiorevelacionfm.cl\/wp-content\/uploads\/2021\/07\/PDI-Imagen-referencial-1-1.jpg\" alt='' title='PDI Imagen referencial (1) (1)' height=\"600\" width=\"900\"  itemprop=\"thumbnailUrl\" srcset=\"https:\/\/radiorevelacionfm.cl\/wp-content\/uploads\/2021\/07\/PDI-Imagen-referencial-1-1.jpg 900w, https:\/\/radiorevelacionfm.cl\/wp-content\/uploads\/2021\/07\/PDI-Imagen-referencial-1-1-300x200.jpg 300w, https:\/\/radiorevelacionfm.cl\/wp-content\/uploads\/2021\/07\/PDI-Imagen-referencial-1-1-768x512.jpg 768w, https:\/\/radiorevelacionfm.cl\/wp-content\/uploads\/2021\/07\/PDI-Imagen-referencial-1-1-705x470.jpg 705w, https:\/\/radiorevelacionfm.cl\/wp-content\/uploads\/2021\/07\/PDI-Imagen-referencial-1-1-600x400.jpg 600w\" sizes=\"(max-width: 900px) 100vw, 900px\" \/><\/div><\/div><\/div><\/div><div class=\"flex_column av_one_full  flex_column_div av-zero-column-padding first  avia-builder-el-2  el_after_av_one_full  el_before_av_one_full  column-top-margin\" style='border-radius:0px; '><section class=\"av_textblock_section \"  itemscope=\"itemscope\" itemtype=\"https:\/\/schema.org\/BlogPosting\" itemprop=\"blogPost\" ><div class='avia_textblock  '   itemprop=\"text\" ><p style=\"text-align: center;\"><strong><span style=\"font-size: 18pt;\">Mujer de 25 a\u00f1os fue detenida en tiempo r\u00e9cord por la PDI siendo formalizada por homicidio<\/span><\/strong><\/p>\n<div id=\"gtx-trans\" style=\"position: absolute; left: -50px; top: 4.31534px;\">\n<div class=\"gtx-trans-icon\"><\/div>\n<\/div>\n<\/div><\/section><\/div><div class=\"flex_column av_one_full  flex_column_div av-zero-column-padding first  avia-builder-el-4  el_after_av_one_full  el_before_av_hr  column-top-margin\" style='border-radius:0px; '><section class=\"av_textblock_section \"  itemscope=\"itemscope\" itemtype=\"https:\/\/schema.org\/BlogPosting\" itemprop=\"blogPost\" ><div class='avia_textblock  '   itemprop=\"text\" ><p style=\"text-align: justify;\">Durante la madrugada del jueves 4 de noviembre, detectives de la Brigada de Homicidios Coyhaique de la PDI, en un trabajo coordinado con el Ministerio P\u00fablico, lograron la detenci\u00f3n de una imputada de 25 a\u00f1os -con antecedentes policiales- por su presunta responsabilidad en el homicidio de un hombre de 32 a\u00f1os, quien fue abandonado en el hall de acceso del Hospital Regional de Coyhaique durante la madrugada del mi\u00e9rcoles.<\/p>\n<p style=\"text-align: justify;\">El Ministerio P\u00fablico, a trav\u00e9s del fiscal Alex Olivero N\u00fa\u00f1ez, solicit\u00f3 la concurrencia de la Brigada de Homicidios de la PDI para determinar las causas y circunstancias del hecho. La tarde del jueves, la Fiscal\u00eda procedi\u00f3 a formalizar la investigaci\u00f3n contra la imputada, ante el Juzgado de Garant\u00eda de Coyhaique.<\/p>\n<p style=\"text-align: justify;\">El jefe de la Brigada de Homicidios Coyhaique, subprefecto Mauro Guti\u00e9rrez, indic\u00f3 sobre el trabajo en el sitio del suceso y reconocimiento externo policial del fallecido que \u201cpresentaba una \u00fanica lesi\u00f3n en la regi\u00f3n precordial, correspondiente a una herida corto penetrante, estableciendo que \u00e9ste no presentaba lesiones de defensa\u201d.<\/p>\n<p style=\"text-align: justify;\">DILIGENCIAS<\/p>\n<p style=\"text-align: justify;\">En cuanto al trabajo de investigaci\u00f3n y an\u00e1lisis criminal desarrollado en torno a este caso, a fin de determinar la din\u00e1mica de los hechos, el jefe de la unidad especializada puntualiz\u00f3 que \u201cinicia con la indagaci\u00f3n sobre su identidad, logrando en primera instancia recabar antecedentes respecto de sus tatuajes, los cuales fueron analizados por Asesor\u00eda T\u00e9cnica de nuestra instituci\u00f3n, sumado al trabajo pericial en huellas del Laboratorio de Criminal\u00edstica Regional, logrando de esta manera obtener la identidad del fallecido\u201d.<\/p>\n<p style=\"text-align: justify;\">Adem\u00e1s, dentro de las primeras diligencias investigativas, \u201cse realiz\u00f3 la obtenci\u00f3n de las im\u00e1genes de las c\u00e1maras de seguridad del hospital, donde se observ\u00f3 que las personas que dejaron al lesionado correspond\u00edan a dos hombres y una mujer quienes, luego de dejar el cuerpo en el lugar, abandonaron el hospital en un veh\u00edculo en direcci\u00f3n desconocida\u201d, agreg\u00f3 el subprefecto Guti\u00e9rrez, indicando que \u201ccomo resultado del an\u00e1lisis de las c\u00e1maras de seguridad, se logra obtener la individualizaci\u00f3n de la mujer\u201d quien, luego de ser ubicada y contactada por los detectives, fue entrevistada por los polic\u00edas junto al fiscal a cargo de la investigaci\u00f3n.<\/p>\n<p style=\"text-align: justify;\">El jefe de la Brigada de Homicidios destac\u00f3 que, gracias al an\u00e1lisis criminal e inteligencia policial, se pudo esclarecer c\u00f3mo ocurrieron los hechos, coordinando con la Fiscal\u00eda Local de Coyhaique y el Tribunal la respectiva orden de detenci\u00f3n.<\/p>\n<p style=\"text-align: justify;\">AUDIENCIA<\/p>\n<p style=\"text-align: justify;\">La imputada fue detenida y puesta a disposici\u00f3n del Juzgado de Garant\u00eda de Coyhaique, el jueves a las 15:30 horas, para su control de detenci\u00f3n y formalizaci\u00f3n de la investigaci\u00f3n, instancia donde el fiscal Alex Olivero N\u00fa\u00f1ez expuso sobre los hechos que \u201cdurante la madrugada del 3 de noviembre, aproximadamente a las 04:30 horas, la v\u00edctima se encontraba compartiendo con la imputada y dos personas m\u00e1s en el domicilio de uno de ellos\u201d, coment\u00f3 el persecutor penal.<\/p>\n<p style=\"text-align: justify;\">\u201cEn esa circunstancia, se produce una discusi\u00f3n, entre la imputada y la v\u00edctima, procediendo la imputada a agredirlo sin motivo justificado, con un arma cortopunzante, con el \u00e1nimo de causarle la muerte, utilizando un cuchillo en la zona tor\u00e1cica\u201d, a\u00f1adi\u00f3 el fiscal Olivero.<\/p>\n<p style=\"text-align: justify;\">El abogado destac\u00f3, en este caso, el trabajo investigativo y pericial efectuado tanto por la PDI como por profesionales del Servicio M\u00e9dico Legal.<\/p>\n<p style=\"text-align: justify;\">En la audiencia, el fiscal del Ministerio P\u00fablico solicit\u00f3 al Tribunal la prisi\u00f3n preventiva de la imputada, instancia donde el juez subrogante del Juzgado de Garant\u00eda de Coyhaique, F\u00e9lix Asencio, determin\u00f3 la aplicaci\u00f3n de dicha medida cautelar, por considerar que la libertad de la imputada constituye un peligro para la seguridad de la sociedad, y orden\u00f3 su ingreso al Complejo Penitenciario de Coyhaique, fijando un plazo de investigaci\u00f3n de 90 d\u00edas.<\/p>\n<\/div><\/section><\/div><div  style='height:50px' class='hr hr-invisible   avia-builder-el-6  el_after_av_one_full  el_before_av_social_share '><span class='hr-inner ' ><span class='hr-inner-style'><\/span><\/span><\/div><\/p>\n<div  class='av-social-sharing-box  avia-builder-el-7  el_after_av_hr  el_before_av_hr  '><div class='av-share-box'><h5 class='av-share-link-description av-no-toc '>Compartir esta noticia<\/h5><ul class='av-share-box-list noLightbox'><li class='av-share-link av-social-link-facebook' ><a target=\"_blank\" aria-label=\"Compartir en Facebook\" href='https:\/\/www.facebook.com\/sharer.php?u=https:\/\/radiorevelacionfm.cl\/?p=10416&#038;t=Mujer%20de%2025%20a%C3%B1os%20fue%20detenida%20en%20tiempo%20r%C3%A9cord%20por%20la%20PDI%20siendo%20formalizada%20por%20homicidio' aria-hidden='false' data-av_icon='\ue8f3' data-av_iconfont='entypo-fontello' title='' data-avia-related-tooltip='Compartir en Facebook' rel=\"noopener\"><span class='avia_hidden_link_text'>Compartir en Facebook<\/span><\/a><\/li><li class='av-share-link av-social-link-twitter' ><a target=\"_blank\" aria-label=\"Compartir en Twitter\" href='https:\/\/twitter.com\/share?text=Mujer%20de%2025%20a%C3%B1os%20fue%20detenida%20en%20tiempo%20r%C3%A9cord%20por%20la%20PDI%20siendo%20formalizada%20por%20homicidio&#038;url=https:\/\/radiorevelacionfm.cl\/?p=10416' aria-hidden='false' data-av_icon='\ue8f1' data-av_iconfont='entypo-fontello' title='' data-avia-related-tooltip='Compartir en Twitter' rel=\"noopener\"><span class='avia_hidden_link_text'>Compartir en Twitter<\/span><\/a><\/li><li class='av-share-link av-social-link-whatsapp' ><a target=\"_blank\" aria-label=\"Compartir en Whatsapp\" href='https:\/\/api.whatsapp.com\/send?text=https:\/\/radiorevelacionfm.cl\/?p=10416' aria-hidden='false' data-av_icon='\uf232' data-av_iconfont='entypo-fontello' title='' data-avia-related-tooltip='Compartir en Whatsapp' rel=\"noopener\"><span class='avia_hidden_link_text'>Compartir en Whatsapp<\/span><\/a><\/li><li class='av-share-link av-social-link-linkedin' ><a target=\"_blank\" aria-label=\"Compartir en LinkedIn\" href='https:\/\/linkedin.com\/shareArticle?mini=true&#038;title=Mujer%20de%2025%20a%C3%B1os%20fue%20detenida%20en%20tiempo%20r%C3%A9cord%20por%20la%20PDI%20siendo%20formalizada%20por%20homicidio&#038;url=https:\/\/radiorevelacionfm.cl\/?p=10416' aria-hidden='false' data-av_icon='\ue8fc' data-av_iconfont='entypo-fontello' title='' data-avia-related-tooltip='Compartir en LinkedIn' rel=\"noopener\"><span class='avia_hidden_link_text'>Compartir en LinkedIn<\/span><\/a><\/li><li class='av-share-link av-social-link-mail' ><a  aria-label=\"Compartir por correo\" href='mailto:?subject=Mujer%20de%2025%20a%C3%B1os%20fue%20detenida%20en%20tiempo%20r%C3%A9cord%20por%20la%20PDI%20siendo%20formalizada%20por%20homicidio&#038;body=https:\/\/radiorevelacionfm.cl\/?p=10416' aria-hidden='false' data-av_icon='\ue805' data-av_iconfont='entypo-fontello' title='' data-avia-related-tooltip='Compartir por correo'><span class='avia_hidden_link_text'>Compartir por correo<\/span><\/a><\/li><\/ul><\/div><\/div>\n<div  style='height:50px' class='hr hr-invisible   avia-builder-el-8  el_after_av_social_share  el_before_av_comments_list '><span class='hr-inner ' ><span class='hr-inner-style'><\/span><\/span><\/div>\n<div  class='av-buildercomment  av-blog-meta-html-info-disabled av-blog-meta-tag-disabled  '><\/div>\n","protected":false},"excerpt":{"rendered":"","protected":false},"author":1,"featured_media":6365,"comment_status":"open","ping_status":"open","sticky":false,"template":"","format":"standard","meta":{"footnotes":""},"categories":[36],"tags":[],"class_list":["post-10416","post","type-post","status-publish","format-standard","has-post-thumbnail","hentry","category-policial"],"jetpack_featured_media_url":"https:\/\/radiorevelacionfm.cl\/wp-content\/uploads\/2021\/07\/PDI-Imagen-referencial-1-1.jpg","_links":{"self":[{"href":"https:\/\/radiorevelacionfm.cl\/index.php?rest_route=\/wp\/v2\/posts\/10416","targetHints":{"allow":["GET"]}}],"collection":[{"href":"https:\/\/radiorevelacionfm.cl\/index.php?rest_route=\/wp\/v2\/posts"}],"about":[{"href":"https:\/\/radiorevelacionfm.cl\/index.php?rest_route=\/wp\/v2\/types\/post"}],"author":[{"embeddable":true,"href":"https:\/\/radiorevelacionfm.cl\/index.php?rest_route=\/wp\/v2\/users\/1"}],"replies":[{"embeddable":true,"href":"https:\/\/radiorevelacionfm.cl\/index.php?rest_route=%2Fwp%2Fv2%2Fcomments&post=10416"}],"version-history":[{"count":2,"href":"https:\/\/radiorevelacionfm.cl\/index.php?rest_route=\/wp\/v2\/posts\/10416\/revisions"}],"predecessor-version":[{"id":10418,"href":"https:\/\/radiorevelacionfm.cl\/index.php?rest_route=\/wp\/v2\/posts\/10416\/revisions\/10418"}],"wp:featuredmedia":[{"embeddable":true,"href":"https:\/\/radiorevelacionfm.cl\/index.php?rest_route=\/wp\/v2\/media\/6365"}],"wp:attachment":[{"href":"https:\/\/radiorevelacionfm.cl\/index.php?rest_route=%2Fwp%2Fv2%2Fmedia&parent=10416"}],"wp:term":[{"taxonomy":"category","embeddable":true,"href":"https:\/\/radiorevelacionfm.cl\/index.php?rest_route=%2Fwp%2Fv2%2Fcategories&post=10416"},{"taxonomy":"post_tag","embeddable":true,"href":"https:\/\/radiorevelacionfm.cl\/index.php?rest_route=%2Fwp%2Fv2%2Ftags&post=10416"}],"curies":[{"name":"wp","href":"https:\/\/api.w.org\/{rel}","templated":true}]}}