{"id":10407,"date":"2021-11-05T14:59:27","date_gmt":"2021-11-05T17:59:27","guid":{"rendered":"https:\/\/radiorevelacionfm.cl\/?p=10407"},"modified":"2021-11-05T15:02:55","modified_gmt":"2021-11-05T18:02:55","slug":"cochrane-el-arvejillal-60-anos-despues","status":"publish","type":"post","link":"https:\/\/radiorevelacionfm.cl\/?p=10407","title":{"rendered":"Cochrane: \u201cEl Arvejillal\u201d, 60 a\u00f1os despu\u00e9s"},"content":{"rendered":"<div class=\"flex_column av_one_full  flex_column_div av-zero-column-padding first  avia-builder-el-0  el_before_av_one_full  avia-builder-el-first  \" style='border-radius:0px; '><div  class='avia-image-container  av-styling-    avia-builder-el-1  avia-builder-el-no-sibling  avia-align-center '  itemprop=\"image\" itemscope=\"itemscope\" itemtype=\"https:\/\/schema.org\/ImageObject\"  ><div class='avia-image-container-inner'><div class='avia-image-overlay-wrap'><img decoding=\"async\" class='wp-image-10411 avia-img-lazy-loading-not-10411 avia_image' src=\"https:\/\/radiorevelacionfm.cl\/wp-content\/uploads\/2021\/11\/d-2a-1_optimized.jpg\" alt='' title='d-(2)a-(1)_optimized' height=\"600\" width=\"1049\"  itemprop=\"thumbnailUrl\" srcset=\"https:\/\/radiorevelacionfm.cl\/wp-content\/uploads\/2021\/11\/d-2a-1_optimized.jpg 1049w, https:\/\/radiorevelacionfm.cl\/wp-content\/uploads\/2021\/11\/d-2a-1_optimized-300x172.jpg 300w, https:\/\/radiorevelacionfm.cl\/wp-content\/uploads\/2021\/11\/d-2a-1_optimized-1030x589.jpg 1030w, https:\/\/radiorevelacionfm.cl\/wp-content\/uploads\/2021\/11\/d-2a-1_optimized-768x439.jpg 768w, https:\/\/radiorevelacionfm.cl\/wp-content\/uploads\/2021\/11\/d-2a-1_optimized-705x403.jpg 705w, https:\/\/radiorevelacionfm.cl\/wp-content\/uploads\/2021\/11\/d-2a-1_optimized-600x343.jpg 600w\" sizes=\"(max-width: 1049px) 100vw, 1049px\" \/><\/div><\/div><\/div><\/div><div class=\"flex_column av_one_full  flex_column_div av-zero-column-padding first  avia-builder-el-2  el_after_av_one_full  el_before_av_one_full  column-top-margin\" style='border-radius:0px; '><section class=\"av_textblock_section \"  itemscope=\"itemscope\" itemtype=\"https:\/\/schema.org\/BlogPosting\" itemprop=\"blogPost\" ><div class='avia_textblock  '   itemprop=\"text\" ><p style=\"text-align: center;\"><strong><span style=\"font-size: 18pt;\">Cochrane: \u201cEl Arvejillal\u201d, 60 a\u00f1os despu\u00e9s<\/span><\/strong><\/p>\n<div id=\"gtx-trans\" style=\"position: absolute; left: -50px; top: 4.31534px;\">\n<div class=\"gtx-trans-icon\"><\/div>\n<\/div>\n<\/div><\/section><\/div><\/p>\n<div class=\"flex_column av_one_full  flex_column_div av-zero-column-padding first  avia-builder-el-4  el_after_av_one_full  el_before_av_hr  column-top-margin\" style='border-radius:0px; '><section class=\"av_textblock_section \"  itemscope=\"itemscope\" itemtype=\"https:\/\/schema.org\/BlogPosting\" itemprop=\"blogPost\" ><div class='avia_textblock  '   itemprop=\"text\" ><p style=\"font-weight: 400; text-align: justify;\">Tras varias suspensiones \u2014debido a la pandemia\u2014 se vivir\u00e1 este 6 y 7 de noviembre de 2021 un esperado fin de semana de reencuentro y fraternidad en la localidad de Cochrane con la presencia de m\u00e1s de 70 ex estudiantes de \u201cEl Arvejillal\u201d, iniciativa eclesial que por 10 a\u00f1os aport\u00f3 al desarrollo educacional, profesional y espiritual de j\u00f3venes patagones de los a\u00f1os 60.<\/p>\n<p style=\"font-weight: 400; text-align: justify;\">En el programa radial vicarial \u201cAys\u00e9n, tu pastor te habla\u201d, el padre Obispo Luis Infanti explic\u00f3 que \u201chace 60 a\u00f1os atr\u00e1s empezaba en \u2018El Arvejillal, en el actual sector de la balsa en Cochrane\u00b4. La llamada escuela agr\u00edcola \u2018San Jos\u00e9 de El Arvejillal\u2019, capitaneada por el padre Jos\u00e9 Vel\u00f3\u201d.<\/p>\n<p style=\"font-weight: 400; text-align: justify;\">\u201cEsta fue \u2014agreg\u00f3 el pastor de Ays\u00e9n\u2014 una experiencia de escuela agr\u00edcola que dur\u00f3 10 a\u00f1os por la que pasaron al menos un centenar de j\u00f3venes. Despu\u00e9s de esa experiencia como ex estudiantes nuca se han juntado \u00a1y eso es lo que queremos hacer!\u201d.<\/p>\n<p style=\"font-weight: 400; text-align: justify;\">\u201cYa fueron contactados la gran mayor\u00eda de estos ex estudiantes. Muchos de ellos viven en Cochrane y alrededores; en los pueblos del lago General Carrera; en Puerto Montt, Concepci\u00f3n; incluso en Argentina. Ellos han expresado un gran entusiasmo para reencontrarse porque ha sido una experiencia sumamente valiosa en sus vidas\u201d.<\/p>\n<p style=\"font-weight: 400; text-align: justify;\"><strong>Programa<\/strong><\/p>\n<p style=\"font-weight: 400; text-align: justify;\">\u201cTodo el d\u00eda s\u00e1bado \u2014dice el padre obispo\u2014 tendremos en el sal\u00f3n parroquial de Cochrane un encuentro para compartir testimonios, experiencias, an\u00e9cdotas, chistes, cantos, poes\u00edas; todo lo que signific\u00f3 una vivencia tan rica, fecunda y abundante como esta escuela; incluso van a estar algunos profesores presentes\u201d.<\/p>\n<p style=\"font-weight: 400; text-align: justify;\">\u201cEl domingo tendremos la misa en el mismo Arvejillal en el lugar donde estuvo la escuela ya que se conservan varias de las construcciones de aquella \u00e9poca y los \u00e1rboles frutales que plantaron\u201d.<\/p>\n<p style=\"font-weight: 400; text-align: justify;\">\u201cEste ser\u00e1 un momento \u2014enfatiza el padre obispo\u2014 muy grato donde podremos compartir la eucarist\u00eda, un rico de asado y nada de raro que aparezca alg\u00fan juego de truco o la taba.<\/p>\n<p style=\"font-weight: 400; text-align: justify;\">La comunidad de Cochrane est\u00e1 muy entusiasta y comprometida en acompa\u00f1ar, apoyar y participar en este evento; el alcalde de la ciudad ha manifestado tambi\u00e9n amplio inter\u00e9s como municipalidad para estar presente en momento que, dir\u00eda, es hist\u00f3rico\u201d.<\/p>\n<\/div><\/section><\/div>\n<div  style='height:50px' class='hr hr-invisible   avia-builder-el-6  el_after_av_one_full  el_before_av_social_share '><span class='hr-inner ' ><span class='hr-inner-style'><\/span><\/span><\/div>\n<div  class='av-social-sharing-box  avia-builder-el-7  el_after_av_hr  el_before_av_hr  '><div class='av-share-box'><h5 class='av-share-link-description av-no-toc '>Compartir esta noticia<\/h5><ul class='av-share-box-list noLightbox'><li class='av-share-link av-social-link-facebook' ><a target=\"_blank\" aria-label=\"Compartir en Facebook\" href='https:\/\/www.facebook.com\/sharer.php?u=https:\/\/radiorevelacionfm.cl\/?p=10407&#038;t=Cochrane%3A%20%E2%80%9CEl%20Arvejillal%E2%80%9D%2C%2060%20a%C3%B1os%20despu%C3%A9s' aria-hidden='false' data-av_icon='\ue8f3' data-av_iconfont='entypo-fontello' title='' data-avia-related-tooltip='Compartir en Facebook' rel=\"noopener\"><span class='avia_hidden_link_text'>Compartir en Facebook<\/span><\/a><\/li><li class='av-share-link av-social-link-twitter' ><a target=\"_blank\" aria-label=\"Compartir en Twitter\" href='https:\/\/twitter.com\/share?text=Cochrane%3A%20%E2%80%9CEl%20Arvejillal%E2%80%9D%2C%2060%20a%C3%B1os%20despu%C3%A9s&#038;url=https:\/\/radiorevelacionfm.cl\/?p=10407' aria-hidden='false' data-av_icon='\ue8f1' data-av_iconfont='entypo-fontello' title='' data-avia-related-tooltip='Compartir en Twitter' rel=\"noopener\"><span class='avia_hidden_link_text'>Compartir en Twitter<\/span><\/a><\/li><li class='av-share-link av-social-link-whatsapp' ><a target=\"_blank\" aria-label=\"Compartir en Whatsapp\" href='https:\/\/api.whatsapp.com\/send?text=https:\/\/radiorevelacionfm.cl\/?p=10407' aria-hidden='false' data-av_icon='\uf232' data-av_iconfont='entypo-fontello' title='' data-avia-related-tooltip='Compartir en Whatsapp' rel=\"noopener\"><span class='avia_hidden_link_text'>Compartir en Whatsapp<\/span><\/a><\/li><li class='av-share-link av-social-link-linkedin' ><a target=\"_blank\" aria-label=\"Compartir en LinkedIn\" href='https:\/\/linkedin.com\/shareArticle?mini=true&#038;title=Cochrane%3A%20%E2%80%9CEl%20Arvejillal%E2%80%9D%2C%2060%20a%C3%B1os%20despu%C3%A9s&#038;url=https:\/\/radiorevelacionfm.cl\/?p=10407' aria-hidden='false' data-av_icon='\ue8fc' data-av_iconfont='entypo-fontello' title='' data-avia-related-tooltip='Compartir en LinkedIn' rel=\"noopener\"><span class='avia_hidden_link_text'>Compartir en LinkedIn<\/span><\/a><\/li><li class='av-share-link av-social-link-mail' ><a  aria-label=\"Compartir por correo\" href='mailto:?subject=Cochrane%3A%20%E2%80%9CEl%20Arvejillal%E2%80%9D%2C%2060%20a%C3%B1os%20despu%C3%A9s&#038;body=https:\/\/radiorevelacionfm.cl\/?p=10407' aria-hidden='false' data-av_icon='\ue805' data-av_iconfont='entypo-fontello' title='' data-avia-related-tooltip='Compartir por correo'><span class='avia_hidden_link_text'>Compartir por correo<\/span><\/a><\/li><\/ul><\/div><\/div>\n<div  style='height:50px' class='hr hr-invisible   avia-builder-el-8  el_after_av_social_share  el_before_av_comments_list '><span class='hr-inner ' ><span class='hr-inner-style'><\/span><\/span><\/div>\n<div  class='av-buildercomment  av-blog-meta-html-info-disabled av-blog-meta-tag-disabled  '><\/div>\n","protected":false},"excerpt":{"rendered":"","protected":false},"author":1,"featured_media":10411,"comment_status":"open","ping_status":"open","sticky":false,"template":"","format":"standard","meta":{"footnotes":""},"categories":[38],"tags":[],"class_list":["post-10407","post","type-post","status-publish","format-standard","has-post-thumbnail","hentry","category-regional"],"jetpack_featured_media_url":"https:\/\/radiorevelacionfm.cl\/wp-content\/uploads\/2021\/11\/d-2a-1_optimized.jpg","_links":{"self":[{"href":"https:\/\/radiorevelacionfm.cl\/index.php?rest_route=\/wp\/v2\/posts\/10407","targetHints":{"allow":["GET"]}}],"collection":[{"href":"https:\/\/radiorevelacionfm.cl\/index.php?rest_route=\/wp\/v2\/posts"}],"about":[{"href":"https:\/\/radiorevelacionfm.cl\/index.php?rest_route=\/wp\/v2\/types\/post"}],"author":[{"embeddable":true,"href":"https:\/\/radiorevelacionfm.cl\/index.php?rest_route=\/wp\/v2\/users\/1"}],"replies":[{"embeddable":true,"href":"https:\/\/radiorevelacionfm.cl\/index.php?rest_route=%2Fwp%2Fv2%2Fcomments&post=10407"}],"version-history":[{"count":3,"href":"https:\/\/radiorevelacionfm.cl\/index.php?rest_route=\/wp\/v2\/posts\/10407\/revisions"}],"predecessor-version":[{"id":10422,"href":"https:\/\/radiorevelacionfm.cl\/index.php?rest_route=\/wp\/v2\/posts\/10407\/revisions\/10422"}],"wp:featuredmedia":[{"embeddable":true,"href":"https:\/\/radiorevelacionfm.cl\/index.php?rest_route=\/wp\/v2\/media\/10411"}],"wp:attachment":[{"href":"https:\/\/radiorevelacionfm.cl\/index.php?rest_route=%2Fwp%2Fv2%2Fmedia&parent=10407"}],"wp:term":[{"taxonomy":"category","embeddable":true,"href":"https:\/\/radiorevelacionfm.cl\/index.php?rest_route=%2Fwp%2Fv2%2Fcategories&post=10407"},{"taxonomy":"post_tag","embeddable":true,"href":"https:\/\/radiorevelacionfm.cl\/index.php?rest_route=%2Fwp%2Fv2%2Ftags&post=10407"}],"curies":[{"name":"wp","href":"https:\/\/api.w.org\/{rel}","templated":true}]}}