{"id":10403,"date":"2021-11-05T14:33:29","date_gmt":"2021-11-05T17:33:29","guid":{"rendered":"https:\/\/radiorevelacionfm.cl\/?p=10403"},"modified":"2021-11-05T14:33:29","modified_gmt":"2021-11-05T17:33:29","slug":"chao-colillas-proyecto-apunta-a-evitar-la-contaminacion-en-playas-rios-o-lagos-y-facilitar-el-reciclaje","status":"publish","type":"post","link":"https:\/\/radiorevelacionfm.cl\/?p=10403","title":{"rendered":"\u00abChao colillas\u00bb: proyecto apunta a evitar la contaminaci\u00f3n en playas, r\u00edos o lagos y facilitar el reciclaje"},"content":{"rendered":"<div class=\"flex_column av_one_full  flex_column_div av-zero-column-padding first  avia-builder-el-0  el_before_av_one_full  avia-builder-el-first  \" style='border-radius:0px; '><div  class='avia-image-container  av-styling-    avia-builder-el-1  avia-builder-el-no-sibling  avia-align-center '  itemprop=\"image\" itemscope=\"itemscope\" itemtype=\"https:\/\/schema.org\/ImageObject\"  ><div class='avia-image-container-inner'><div class='avia-image-overlay-wrap'><img decoding=\"async\" class='wp-image-10404 avia-img-lazy-loading-not-10404 avia_image' src=\"https:\/\/radiorevelacionfm.cl\/wp-content\/uploads\/2021\/11\/colillas-909x600-1_optimized.jpg\" alt='' title='colillas-909x600-(1)_optimized' height=\"600\" width=\"909\"  itemprop=\"thumbnailUrl\" srcset=\"https:\/\/radiorevelacionfm.cl\/wp-content\/uploads\/2021\/11\/colillas-909x600-1_optimized.jpg 909w, https:\/\/radiorevelacionfm.cl\/wp-content\/uploads\/2021\/11\/colillas-909x600-1_optimized-300x198.jpg 300w, https:\/\/radiorevelacionfm.cl\/wp-content\/uploads\/2021\/11\/colillas-909x600-1_optimized-768x507.jpg 768w, https:\/\/radiorevelacionfm.cl\/wp-content\/uploads\/2021\/11\/colillas-909x600-1_optimized-705x465.jpg 705w, https:\/\/radiorevelacionfm.cl\/wp-content\/uploads\/2021\/11\/colillas-909x600-1_optimized-600x396.jpg 600w\" sizes=\"(max-width: 909px) 100vw, 909px\" \/><\/div><\/div><\/div><\/div><div class=\"flex_column av_one_full  flex_column_div av-zero-column-padding first  avia-builder-el-2  el_after_av_one_full  el_before_av_one_full  column-top-margin\" style='border-radius:0px; '><section class=\"av_textblock_section \"  itemscope=\"itemscope\" itemtype=\"https:\/\/schema.org\/BlogPosting\" itemprop=\"blogPost\" ><div class='avia_textblock  '   itemprop=\"text\" ><p style=\"text-align: center;\"><strong><span style=\"font-size: 18pt;\">\u00abChao colillas\u00bb: proyecto apunta a evitar la contaminaci\u00f3n en playas, r\u00edos o lagos y facilitar el reciclaje<\/span><\/strong><\/p>\n<div id=\"gtx-trans\" style=\"position: absolute; left: -50px; top: 4.31534px;\">\n<div class=\"gtx-trans-icon\"><\/div>\n<\/div>\n<\/div><\/section><\/div><div class=\"flex_column av_one_full  flex_column_div av-zero-column-padding first  avia-builder-el-4  el_after_av_one_full  el_before_av_hr  column-top-margin\" style='border-radius:0px; '><section class=\"av_textblock_section \"  itemscope=\"itemscope\" itemtype=\"https:\/\/schema.org\/BlogPosting\" itemprop=\"blogPost\" ><div class='avia_textblock  '   itemprop=\"text\" ><p style=\"text-align: justify;\">El\u00a0proyecto que busca evitar la contaminaci\u00f3n de las playas, r\u00edos y lagos con colillas de cigarros, que tienen nocivos efectos en el agua y demoran a\u00f1os en desaparecer de estos lugares,\u00a0est\u00e1 cada vez m\u00e1s cerca de convertirse en ley, luego que la Sala del Senado aprobara por unanimidad la iniciativa.<\/p>\n<p style=\"text-align: justify;\">Ahora, debe ser analizada por la C\u00e1mara de Diputadas y Diputados en tercer tr\u00e1mite constitucional.<\/p>\n<p style=\"text-align: justify;\">Previo a la votaci\u00f3n,\u00a0<a href=\"https:\/\/sesiones.senado.cl\/#1635888170\">la presidenta de la Comisi\u00f3n de Medio Ambiente, senadora Ximena \u00d3rdenes<\/a>, explic\u00f3 los efectos que tiene la contaminaci\u00f3n por colillas en el entorno y sobre todo en las aguas y los principales cambios que se le hicieron a la iniciativa.<\/p>\n<p style=\"text-align: justify;\">En lo fundamental, el\u00a0proyecto proh\u00edbe fumar en playas de mar, r\u00edos o lagos y tambi\u00e9n proh\u00edbe arrojar filtros o colillas en esos lugares y en la v\u00eda p\u00fablica. La fiscalizaci\u00f3n se entrega a la polic\u00eda mar\u00edtima, inspectores municipales, autoridad sanitaria y cualquier ciudadano, pues se establece la facultad de todo ciudadano para hacer la denuncia por incumplimiento.<\/p>\n<p style=\"text-align: justify;\">Asimismo, establece que los filtros y las colillas que se comercialicen deber\u00e1n ser biodegradables y dispone que se deber\u00e1n instalar basureros especiales en lugares como establecimientos de educaci\u00f3n superior, aeropuertos, teatros, cines, centros comerciales entre otros.<\/p>\n<p style=\"text-align: justify;\">El proyecto tambi\u00e9n\u00a0aumenta las multas hasta 4 UTM y establece que se podr\u00e1 cumplir condena con servicio a la comunidad limpiando playas, lagos o r\u00edos.<\/p>\n<p style=\"text-align: justify;\">Entre los cambios realizados, se estableci\u00f3 la prohibici\u00f3n de arrojar desechos en bienes nacionales de uso p\u00fablico y bienes privados de uso compartido, entre otras disposiciones.<\/p>\n<\/div><\/section><\/div><div  style='height:50px' class='hr hr-invisible   avia-builder-el-6  el_after_av_one_full  el_before_av_social_share '><span class='hr-inner ' ><span class='hr-inner-style'><\/span><\/span><\/div><\/p>\n<div  class='av-social-sharing-box  avia-builder-el-7  el_after_av_hr  el_before_av_hr  '><div class='av-share-box'><h5 class='av-share-link-description av-no-toc '>Compartir esta noticia<\/h5><ul class='av-share-box-list noLightbox'><li class='av-share-link av-social-link-facebook' ><a target=\"_blank\" aria-label=\"Compartir en Facebook\" href='https:\/\/www.facebook.com\/sharer.php?u=https:\/\/radiorevelacionfm.cl\/?p=10403&#038;t=%C2%ABChao%20colillas%C2%BB%3A%20proyecto%20apunta%20a%20evitar%20la%20contaminaci%C3%B3n%20en%20playas%2C%20r%C3%ADos%20o%20lagos%20y%20facilitar%20el%20reciclaje' aria-hidden='false' data-av_icon='\ue8f3' data-av_iconfont='entypo-fontello' title='' data-avia-related-tooltip='Compartir en Facebook' rel=\"noopener\"><span class='avia_hidden_link_text'>Compartir en Facebook<\/span><\/a><\/li><li class='av-share-link av-social-link-twitter' ><a target=\"_blank\" aria-label=\"Compartir en Twitter\" href='https:\/\/twitter.com\/share?text=%C2%ABChao%20colillas%C2%BB%3A%20proyecto%20apunta%20a%20evitar%20la%20contaminaci%C3%B3n%20en%20playas%2C%20r%C3%ADos%20o%20lagos%20y%20facilitar%20el%20reciclaje&#038;url=https:\/\/radiorevelacionfm.cl\/?p=10403' aria-hidden='false' data-av_icon='\ue8f1' data-av_iconfont='entypo-fontello' title='' data-avia-related-tooltip='Compartir en Twitter' rel=\"noopener\"><span class='avia_hidden_link_text'>Compartir en Twitter<\/span><\/a><\/li><li class='av-share-link av-social-link-whatsapp' ><a target=\"_blank\" aria-label=\"Compartir en Whatsapp\" href='https:\/\/api.whatsapp.com\/send?text=https:\/\/radiorevelacionfm.cl\/?p=10403' aria-hidden='false' data-av_icon='\uf232' data-av_iconfont='entypo-fontello' title='' data-avia-related-tooltip='Compartir en Whatsapp' rel=\"noopener\"><span class='avia_hidden_link_text'>Compartir en Whatsapp<\/span><\/a><\/li><li class='av-share-link av-social-link-linkedin' ><a target=\"_blank\" aria-label=\"Compartir en LinkedIn\" href='https:\/\/linkedin.com\/shareArticle?mini=true&#038;title=%C2%ABChao%20colillas%C2%BB%3A%20proyecto%20apunta%20a%20evitar%20la%20contaminaci%C3%B3n%20en%20playas%2C%20r%C3%ADos%20o%20lagos%20y%20facilitar%20el%20reciclaje&#038;url=https:\/\/radiorevelacionfm.cl\/?p=10403' aria-hidden='false' data-av_icon='\ue8fc' data-av_iconfont='entypo-fontello' title='' data-avia-related-tooltip='Compartir en LinkedIn' rel=\"noopener\"><span class='avia_hidden_link_text'>Compartir en LinkedIn<\/span><\/a><\/li><li class='av-share-link av-social-link-mail' ><a  aria-label=\"Compartir por correo\" href='mailto:?subject=%C2%ABChao%20colillas%C2%BB%3A%20proyecto%20apunta%20a%20evitar%20la%20contaminaci%C3%B3n%20en%20playas%2C%20r%C3%ADos%20o%20lagos%20y%20facilitar%20el%20reciclaje&#038;body=https:\/\/radiorevelacionfm.cl\/?p=10403' aria-hidden='false' data-av_icon='\ue805' data-av_iconfont='entypo-fontello' title='' data-avia-related-tooltip='Compartir por correo'><span class='avia_hidden_link_text'>Compartir por correo<\/span><\/a><\/li><\/ul><\/div><\/div>\n<div  style='height:50px' class='hr hr-invisible   avia-builder-el-8  el_after_av_social_share  el_before_av_comments_list '><span class='hr-inner ' ><span class='hr-inner-style'><\/span><\/span><\/div>\n<div  class='av-buildercomment  av-blog-meta-html-info-disabled av-blog-meta-tag-disabled  '><\/div>\n","protected":false},"excerpt":{"rendered":"","protected":false},"author":1,"featured_media":10404,"comment_status":"open","ping_status":"open","sticky":false,"template":"","format":"standard","meta":{"footnotes":""},"categories":[39],"tags":[],"class_list":["post-10403","post","type-post","status-publish","format-standard","has-post-thumbnail","hentry","category-medio-ambiente"],"jetpack_featured_media_url":"https:\/\/radiorevelacionfm.cl\/wp-content\/uploads\/2021\/11\/colillas-909x600-1_optimized.jpg","_links":{"self":[{"href":"https:\/\/radiorevelacionfm.cl\/index.php?rest_route=\/wp\/v2\/posts\/10403","targetHints":{"allow":["GET"]}}],"collection":[{"href":"https:\/\/radiorevelacionfm.cl\/index.php?rest_route=\/wp\/v2\/posts"}],"about":[{"href":"https:\/\/radiorevelacionfm.cl\/index.php?rest_route=\/wp\/v2\/types\/post"}],"author":[{"embeddable":true,"href":"https:\/\/radiorevelacionfm.cl\/index.php?rest_route=\/wp\/v2\/users\/1"}],"replies":[{"embeddable":true,"href":"https:\/\/radiorevelacionfm.cl\/index.php?rest_route=%2Fwp%2Fv2%2Fcomments&post=10403"}],"version-history":[{"count":2,"href":"https:\/\/radiorevelacionfm.cl\/index.php?rest_route=\/wp\/v2\/posts\/10403\/revisions"}],"predecessor-version":[{"id":10406,"href":"https:\/\/radiorevelacionfm.cl\/index.php?rest_route=\/wp\/v2\/posts\/10403\/revisions\/10406"}],"wp:featuredmedia":[{"embeddable":true,"href":"https:\/\/radiorevelacionfm.cl\/index.php?rest_route=\/wp\/v2\/media\/10404"}],"wp:attachment":[{"href":"https:\/\/radiorevelacionfm.cl\/index.php?rest_route=%2Fwp%2Fv2%2Fmedia&parent=10403"}],"wp:term":[{"taxonomy":"category","embeddable":true,"href":"https:\/\/radiorevelacionfm.cl\/index.php?rest_route=%2Fwp%2Fv2%2Fcategories&post=10403"},{"taxonomy":"post_tag","embeddable":true,"href":"https:\/\/radiorevelacionfm.cl\/index.php?rest_route=%2Fwp%2Fv2%2Ftags&post=10403"}],"curies":[{"name":"wp","href":"https:\/\/api.w.org\/{rel}","templated":true}]}}