{"id":10399,"date":"2021-11-05T13:32:11","date_gmt":"2021-11-05T16:32:11","guid":{"rendered":"https:\/\/radiorevelacionfm.cl\/?p=10399"},"modified":"2021-11-05T13:32:11","modified_gmt":"2021-11-05T16:32:11","slug":"cesfam-realiza-talleres-para-adultos-mayores-de-la-junta-de-vecinos-ampliacion-bernardo-ohiggins","status":"publish","type":"post","link":"https:\/\/radiorevelacionfm.cl\/?p=10399","title":{"rendered":"Cesfam realiza talleres para adultos mayores de la Junta de Vecinos \u201cAmpliaci\u00f3n Bernardo O\u00b4Higgins\u201d"},"content":{"rendered":"<div class=\"flex_column av_one_full  flex_column_div av-zero-column-padding first  avia-builder-el-0  el_before_av_one_full  avia-builder-el-first  \" style='border-radius:0px; '><div  class='avia-image-container  av-styling-    avia-builder-el-1  avia-builder-el-no-sibling  avia-align-center '  itemprop=\"image\" itemscope=\"itemscope\" itemtype=\"https:\/\/schema.org\/ImageObject\"  ><div class='avia-image-container-inner'><div class='avia-image-overlay-wrap'><img decoding=\"async\" class='wp-image-10400 avia-img-lazy-loading-not-10400 avia_image' src=\"https:\/\/radiorevelacionfm.cl\/wp-content\/uploads\/2021\/11\/03-1-1_optimized.jpg\" alt='' title='03-(1)-(1)_optimized' height=\"600\" width=\"1067\"  itemprop=\"thumbnailUrl\" srcset=\"https:\/\/radiorevelacionfm.cl\/wp-content\/uploads\/2021\/11\/03-1-1_optimized.jpg 1067w, https:\/\/radiorevelacionfm.cl\/wp-content\/uploads\/2021\/11\/03-1-1_optimized-300x169.jpg 300w, https:\/\/radiorevelacionfm.cl\/wp-content\/uploads\/2021\/11\/03-1-1_optimized-1030x579.jpg 1030w, https:\/\/radiorevelacionfm.cl\/wp-content\/uploads\/2021\/11\/03-1-1_optimized-768x432.jpg 768w, https:\/\/radiorevelacionfm.cl\/wp-content\/uploads\/2021\/11\/03-1-1_optimized-705x396.jpg 705w, https:\/\/radiorevelacionfm.cl\/wp-content\/uploads\/2021\/11\/03-1-1_optimized-600x337.jpg 600w\" sizes=\"(max-width: 1067px) 100vw, 1067px\" \/><\/div><\/div><\/div><\/div><div class=\"flex_column av_one_full  flex_column_div av-zero-column-padding first  avia-builder-el-2  el_after_av_one_full  el_before_av_one_full  column-top-margin\" style='border-radius:0px; '><section class=\"av_textblock_section \"  itemscope=\"itemscope\" itemtype=\"https:\/\/schema.org\/BlogPosting\" itemprop=\"blogPost\" ><div class='avia_textblock  '   itemprop=\"text\" ><p style=\"text-align: center;\"><strong><span style=\"font-size: 18pt;\">Cesfam realiza talleres para adultos mayores de la Junta de Vecinos \u201cAmpliaci\u00f3n Bernardo O\u00b4Higgins\u201d<\/span><\/strong><\/p>\n<div id=\"gtx-trans\" style=\"position: absolute; left: -50px; top: 4.31534px;\">\n<div class=\"gtx-trans-icon\"><\/div>\n<\/div>\n<\/div><\/section><\/div><div class=\"flex_column av_one_full  flex_column_div av-zero-column-padding first  avia-builder-el-4  el_after_av_one_full  el_before_av_hr  column-top-margin\" style='border-radius:0px; '><section class=\"av_textblock_section \"  itemscope=\"itemscope\" itemtype=\"https:\/\/schema.org\/BlogPosting\" itemprop=\"blogPost\" ><div class='avia_textblock  '   itemprop=\"text\" ><p style=\"text-align: justify;\">Con la idea de potenciar sus funciones cognitivas, revitalizar el aspecto f\u00edsico, y la entrega de informaci\u00f3n para llevar una vida saludable en adultos mayores, el CESFAM V\u00edctor Domingo Silva ha desplegado una serie de talleres y charlas informativas para promover y lograr que este grupo etario alcance mayor independencia y tome m\u00e1s conocimientos en una serie de temas relacionados a su salud.<\/p>\n<p style=\"text-align: justify;\">Es as\u00ed, que a trav\u00e9s de charlas en el sistema m\u00fasculo esquel\u00e9tico, mejorar el equilibrio, reflejos, coordinaci\u00f3n, condici\u00f3n cardio-respiratoria y estimulaci\u00f3n cognitiva, incentiv\u00e1ndoles la vida saludable y mejorar su salud mental.<\/p>\n<p style=\"text-align: justify;\">Estas actividades est\u00e1n enmarcadas dentro de los Programas del \u201cAdulto Mayor\u201d y \u201cDependencia Severa\u201d, a trav\u00e9s de los cuales se pretende fortalecer la calidad de vida de la tercera edad y generar en ellos una serie de funcionalidades e informaci\u00f3n destinada a mejorarles la calidad de vida.<\/p>\n<p style=\"text-align: justify;\">Cristi\u00e1n Avenda\u00f1o, kinesi\u00f3logo del CESFAM V\u00edctor Domingo Silva, y encargado de llevar adelante estas iniciativas, se\u00f1al\u00f3 que \u201cla finalidad de estos talleres es incentivar los h\u00e1bitos de vida saludable y la condici\u00f3n f\u00edsica de los adultos mayores, adem\u00e1s de otorgar un espacio recreacional, esto es, sacarlos de sus hogares, hacerlos que participen, ya que fueron ellos quienes m\u00e1s se vieron afectados producto de esta pandemia, por lo que poco a poco hemos ido retomando los programas y a realizar ciertas prestaciones\u201d.<\/p>\n<p style=\"text-align: justify;\">Adem\u00e1s, el profesional se\u00f1al\u00f3 que est\u00e1 la disponibilidad de realizar m\u00e1s actividades con las organizaciones de adultos mayores y juntas de vecinos en el corto plazo para ir reactivando sus prestaciones como CESFAM.<\/p>\n<p style=\"text-align: justify;\">En tanto, Rafael Castillo de 66 a\u00f1os de edad, vecino de la \u201cAmpliaci\u00f3n Bernardo O`Higgins\u201d y activo participante de los talleres valor\u00f3 estas iniciativas impulsadas por el consultorio \u201cempezamos a asistir a reuniones, y nos informaron de este proyecto de actividades con profesionales del Consultorio V\u00edctor Domingo Silva, y as\u00ed me fui interiorizando de estos talleres. Por la edad, por la pandemia hab\u00edamos dejado de hacer actividad f\u00edsica, que nos afectaba nuestras actividades diarias\u201d.<\/p>\n<p style=\"text-align: justify;\">Finalmente, sobre el taller y la disposici\u00f3n del CESFAM para realizar estas jornadas, Beatriz Alarc\u00f3n, presidenta de la Junta de Vecinos \u201cAmpliaci\u00f3n Bernardo O`Higgins\u201d, se\u00f1al\u00f3 que \u201cnuestros adultos mayores est\u00e1n felices con estas capacitaciones y talleres, tambi\u00e9n las familias. Son ellos quienes durante gran parte de la pandemia han estado mayoritariamente encerrados. Estas actividades en definitiva les hacen muy bien\u201d.<\/p>\n<\/div><\/section><\/div><div  style='height:50px' class='hr hr-invisible   avia-builder-el-6  el_after_av_one_full  el_before_av_social_share '><span class='hr-inner ' ><span class='hr-inner-style'><\/span><\/span><\/div><\/p>\n<div  class='av-social-sharing-box  avia-builder-el-7  el_after_av_hr  el_before_av_hr  '><div class='av-share-box'><h5 class='av-share-link-description av-no-toc '>Compartir esta noticia<\/h5><ul class='av-share-box-list noLightbox'><li class='av-share-link av-social-link-facebook' ><a target=\"_blank\" aria-label=\"Compartir en Facebook\" href='https:\/\/www.facebook.com\/sharer.php?u=https:\/\/radiorevelacionfm.cl\/?p=10399&#038;t=Cesfam%20realiza%20talleres%20para%20adultos%20mayores%20de%20la%20Junta%20de%20Vecinos%20%E2%80%9CAmpliaci%C3%B3n%20Bernardo%20O%C2%B4Higgins%E2%80%9D' aria-hidden='false' data-av_icon='\ue8f3' data-av_iconfont='entypo-fontello' title='' data-avia-related-tooltip='Compartir en Facebook' rel=\"noopener\"><span class='avia_hidden_link_text'>Compartir en Facebook<\/span><\/a><\/li><li class='av-share-link av-social-link-twitter' ><a target=\"_blank\" aria-label=\"Compartir en Twitter\" href='https:\/\/twitter.com\/share?text=Cesfam%20realiza%20talleres%20para%20adultos%20mayores%20de%20la%20Junta%20de%20Vecinos%20%E2%80%9CAmpliaci%C3%B3n%20Bernardo%20O%C2%B4Higgins%E2%80%9D&#038;url=https:\/\/radiorevelacionfm.cl\/?p=10399' aria-hidden='false' data-av_icon='\ue8f1' data-av_iconfont='entypo-fontello' title='' data-avia-related-tooltip='Compartir en Twitter' rel=\"noopener\"><span class='avia_hidden_link_text'>Compartir en Twitter<\/span><\/a><\/li><li class='av-share-link av-social-link-whatsapp' ><a target=\"_blank\" aria-label=\"Compartir en Whatsapp\" href='https:\/\/api.whatsapp.com\/send?text=https:\/\/radiorevelacionfm.cl\/?p=10399' aria-hidden='false' data-av_icon='\uf232' data-av_iconfont='entypo-fontello' title='' data-avia-related-tooltip='Compartir en Whatsapp' rel=\"noopener\"><span class='avia_hidden_link_text'>Compartir en Whatsapp<\/span><\/a><\/li><li class='av-share-link av-social-link-linkedin' ><a target=\"_blank\" aria-label=\"Compartir en LinkedIn\" href='https:\/\/linkedin.com\/shareArticle?mini=true&#038;title=Cesfam%20realiza%20talleres%20para%20adultos%20mayores%20de%20la%20Junta%20de%20Vecinos%20%E2%80%9CAmpliaci%C3%B3n%20Bernardo%20O%C2%B4Higgins%E2%80%9D&#038;url=https:\/\/radiorevelacionfm.cl\/?p=10399' aria-hidden='false' data-av_icon='\ue8fc' data-av_iconfont='entypo-fontello' title='' data-avia-related-tooltip='Compartir en LinkedIn' rel=\"noopener\"><span class='avia_hidden_link_text'>Compartir en LinkedIn<\/span><\/a><\/li><li class='av-share-link av-social-link-mail' ><a  aria-label=\"Compartir por correo\" href='mailto:?subject=Cesfam%20realiza%20talleres%20para%20adultos%20mayores%20de%20la%20Junta%20de%20Vecinos%20%E2%80%9CAmpliaci%C3%B3n%20Bernardo%20O%C2%B4Higgins%E2%80%9D&#038;body=https:\/\/radiorevelacionfm.cl\/?p=10399' aria-hidden='false' data-av_icon='\ue805' data-av_iconfont='entypo-fontello' title='' data-avia-related-tooltip='Compartir por correo'><span class='avia_hidden_link_text'>Compartir por correo<\/span><\/a><\/li><\/ul><\/div><\/div>\n<div  style='height:50px' class='hr hr-invisible   avia-builder-el-8  el_after_av_social_share  el_before_av_comments_list '><span class='hr-inner ' ><span class='hr-inner-style'><\/span><\/span><\/div>\n<div  class='av-buildercomment  av-blog-meta-html-info-disabled av-blog-meta-tag-disabled  '><\/div>\n","protected":false},"excerpt":{"rendered":"","protected":false},"author":1,"featured_media":10400,"comment_status":"open","ping_status":"open","sticky":false,"template":"","format":"standard","meta":{"footnotes":""},"categories":[46],"tags":[],"class_list":["post-10399","post","type-post","status-publish","format-standard","has-post-thumbnail","hentry","category-salud"],"jetpack_featured_media_url":"https:\/\/radiorevelacionfm.cl\/wp-content\/uploads\/2021\/11\/03-1-1_optimized.jpg","_links":{"self":[{"href":"https:\/\/radiorevelacionfm.cl\/index.php?rest_route=\/wp\/v2\/posts\/10399","targetHints":{"allow":["GET"]}}],"collection":[{"href":"https:\/\/radiorevelacionfm.cl\/index.php?rest_route=\/wp\/v2\/posts"}],"about":[{"href":"https:\/\/radiorevelacionfm.cl\/index.php?rest_route=\/wp\/v2\/types\/post"}],"author":[{"embeddable":true,"href":"https:\/\/radiorevelacionfm.cl\/index.php?rest_route=\/wp\/v2\/users\/1"}],"replies":[{"embeddable":true,"href":"https:\/\/radiorevelacionfm.cl\/index.php?rest_route=%2Fwp%2Fv2%2Fcomments&post=10399"}],"version-history":[{"count":2,"href":"https:\/\/radiorevelacionfm.cl\/index.php?rest_route=\/wp\/v2\/posts\/10399\/revisions"}],"predecessor-version":[{"id":10402,"href":"https:\/\/radiorevelacionfm.cl\/index.php?rest_route=\/wp\/v2\/posts\/10399\/revisions\/10402"}],"wp:featuredmedia":[{"embeddable":true,"href":"https:\/\/radiorevelacionfm.cl\/index.php?rest_route=\/wp\/v2\/media\/10400"}],"wp:attachment":[{"href":"https:\/\/radiorevelacionfm.cl\/index.php?rest_route=%2Fwp%2Fv2%2Fmedia&parent=10399"}],"wp:term":[{"taxonomy":"category","embeddable":true,"href":"https:\/\/radiorevelacionfm.cl\/index.php?rest_route=%2Fwp%2Fv2%2Fcategories&post=10399"},{"taxonomy":"post_tag","embeddable":true,"href":"https:\/\/radiorevelacionfm.cl\/index.php?rest_route=%2Fwp%2Fv2%2Ftags&post=10399"}],"curies":[{"name":"wp","href":"https:\/\/api.w.org\/{rel}","templated":true}]}}