{"id":10377,"date":"2021-11-04T19:28:48","date_gmt":"2021-11-04T22:28:48","guid":{"rendered":"https:\/\/radiorevelacionfm.cl\/?p=10377"},"modified":"2021-11-04T19:44:58","modified_gmt":"2021-11-04T22:44:58","slug":"aysen-se-queda-con-plata-y-bronce-por-equipos-en-competencia-de-judo-en-los-juegos-araucania-chile-2021","status":"publish","type":"post","link":"https:\/\/radiorevelacionfm.cl\/?p=10377","title":{"rendered":"Ays\u00e9n se queda con plata y bronce por equipos en competencia de judo en los Juegos Araucan\u00eda Chile 2021"},"content":{"rendered":"<div class=\"flex_column av_one_full  flex_column_div av-zero-column-padding first  avia-builder-el-0  el_before_av_one_full  avia-builder-el-first  \" style='border-radius:0px; '><div  class='avia-image-container  av-styling-    avia-builder-el-1  avia-builder-el-no-sibling  avia-align-center '  itemprop=\"image\" itemscope=\"itemscope\" itemtype=\"https:\/\/schema.org\/ImageObject\"  ><div class='avia-image-container-inner'><div class='avia-image-overlay-wrap'><img decoding=\"async\" class='wp-image-10378 avia-img-lazy-loading-not-10378 avia_image' src=\"https:\/\/radiorevelacionfm.cl\/wp-content\/uploads\/2021\/11\/3-58a-1-1.jpg\" alt='' title='3 (58)a (1) (1)' height=\"600\" width=\"1026\"  itemprop=\"thumbnailUrl\" srcset=\"https:\/\/radiorevelacionfm.cl\/wp-content\/uploads\/2021\/11\/3-58a-1-1.jpg 1026w, https:\/\/radiorevelacionfm.cl\/wp-content\/uploads\/2021\/11\/3-58a-1-1-300x175.jpg 300w, https:\/\/radiorevelacionfm.cl\/wp-content\/uploads\/2021\/11\/3-58a-1-1-768x449.jpg 768w, https:\/\/radiorevelacionfm.cl\/wp-content\/uploads\/2021\/11\/3-58a-1-1-705x412.jpg 705w, https:\/\/radiorevelacionfm.cl\/wp-content\/uploads\/2021\/11\/3-58a-1-1-600x351.jpg 600w\" sizes=\"(max-width: 1026px) 100vw, 1026px\" \/><\/div><\/div><\/div><\/div>\n<div class=\"flex_column av_one_full  flex_column_div av-zero-column-padding first  avia-builder-el-2  el_after_av_one_full  el_before_av_one_full  column-top-margin\" style='border-radius:0px; '><section class=\"av_textblock_section \"  itemscope=\"itemscope\" itemtype=\"https:\/\/schema.org\/BlogPosting\" itemprop=\"blogPost\" ><div class='avia_textblock  '   itemprop=\"text\" ><p style=\"text-align: center;\"><strong><span style=\"font-size: 18pt;\">Ays\u00e9n se queda con plata y bronce por equipos en competencia de judo en los Juegos Araucan\u00eda Chile 2021<\/span><\/strong><\/p>\n<div id=\"gtx-trans\" style=\"position: absolute; left: -50px; top: 4.31534px;\">\n<div class=\"gtx-trans-icon\"><\/div>\n<\/div>\n<\/div><\/section><\/div>\n<div class=\"flex_column av_one_full  flex_column_div av-zero-column-padding first  avia-builder-el-4  el_after_av_one_full  el_before_av_hr  column-top-margin\" style='border-radius:0px; '><section class=\"av_textblock_section \"  itemscope=\"itemscope\" itemtype=\"https:\/\/schema.org\/BlogPosting\" itemprop=\"blogPost\" ><div class='avia_textblock  '   itemprop=\"text\" ><div>\n<p style=\"text-align: justify;\">La deportista Jade Ulloa logr\u00f3 la mejor actuaci\u00f3n individual al obtener el oro en la categor\u00eda -70 kilos.<\/p>\n<p style=\"text-align: justify;\">El equipo regional sum\u00f3 un total de 8 medallas en las diferentes categor\u00edas individuales y en la competencia por equipos las damas, obtuvieron el tercer lugar, mientras que los varones obtuvieron el vice campeonato en la \u00faltima jornada de competencia que se disput\u00f3 este mi\u00e9rcoles en la capital regional.<\/p>\n<p style=\"text-align: justify;\">Desde la Serem\u00eda del Deporte y del IND regional valoraron la participaci\u00f3n del equipo dirigido por el entrenador Reinaldo Figueroa, destacando adem\u00e1s la buena organizaci\u00f3n del evento en el que participaron deportistas de las regiones de \u00d1uble, Biob\u00edo, Araucan\u00eda, Los R\u00edos, Los Lagos, Magallanes y Ays\u00e9n.<\/p>\n<p style=\"text-align: justify;\">\u00abEstamos muy conformes con el desarrollo que tuvieron estos juegos, ya que es la primera vez que se organiza un campeonato de esta envergadura bajo las actuales condiciones sanitarias, el cual de realiz\u00f3 sin la asistencia de p\u00fablico, con el objetivo de resguardar la salud de los deportistas, t\u00e9cnicos, jueces y funcionarios del IND regional, agradecemos tambi\u00e9n el desempe\u00f1o de nuestro equipo de judo que siempre nos da muchas satisfacciones y esperamos que esta disciplina siga creciendo en la regi\u00f3n\u00bb, se\u00f1al\u00f3 el Seremi del Deporte, Rodrigo Cubilla Retamal.<\/p>\n<p style=\"text-align: justify;\">Asimismo, el Director Regional de IND, Jos\u00e9 Manuel Sep\u00falveda destac\u00f3 el nivel t\u00e9cnico de la competencia, agregando adem\u00e1s \u00abestos juegos est\u00e1n insertos en el Sistema Nacional de Competencias Deportivas, lo que muy relevante al momento de detectar talentos deportivos regionales y donde la prioridad es dar espacios de roce competitivo y desarrollo a aquellos deportistas que van destacando deportivamente\u00bb,<\/p>\n<p style=\"text-align: justify;\">RESULTADOS EQUIPO JUDO AYS\u00c9N<\/p>\n<p style=\"text-align: justify;\">Valentina Altamirano bronce categor\u00eda -48 kilos<\/p>\n<p style=\"text-align: justify;\">Jade Ulloa oro categor\u00eda -70 kilos<\/p>\n<p style=\"text-align: justify;\">Valentina Mu\u00f1oz bronce categor\u00eda -78 kilos<\/p>\n<p style=\"text-align: justify;\">Lucas Rojas bronce categor\u00eda -55 kilos<\/p>\n<p style=\"text-align: justify;\">Franklin Guajardo bronce categor\u00eda -66 kilos<\/p>\n<p style=\"text-align: justify;\">Lucas Ag\u00fcero bronce categor\u00eda -73 kilos<\/p>\n<p style=\"text-align: justify;\">Camilo Rivera plata categor\u00eda -81 kilos<\/p>\n<p style=\"text-align: justify;\">Noel Mu\u00f1oz plata categor\u00eda -90 kilos<\/p>\n<p style=\"text-align: justify;\">3er lugar por equipo damas<\/p>\n<p style=\"text-align: justify;\">2do lugar por equipo varones<\/p>\n<p style=\"text-align: justify;\">\n<\/div>\n<\/div><\/section><\/div><div  style='height:50px' class='hr hr-invisible   avia-builder-el-6  el_after_av_one_full  el_before_av_social_share '><span class='hr-inner ' ><span class='hr-inner-style'><\/span><\/span><\/div><\/p>\n<div  class='av-social-sharing-box  avia-builder-el-7  el_after_av_hr  el_before_av_hr  '><div class='av-share-box'><h5 class='av-share-link-description av-no-toc '>Compartir esta noticia<\/h5><ul class='av-share-box-list noLightbox'><li class='av-share-link av-social-link-facebook' ><a target=\"_blank\" aria-label=\"Compartir en Facebook\" href='https:\/\/www.facebook.com\/sharer.php?u=https:\/\/radiorevelacionfm.cl\/?p=10377&#038;t=Ays%C3%A9n%20se%20queda%20con%20plata%20y%20bronce%20por%20equipos%20en%20competencia%20de%20judo%20en%20los%20Juegos%20Araucan%C3%ADa%20Chile%202021' aria-hidden='false' data-av_icon='\ue8f3' data-av_iconfont='entypo-fontello' title='' data-avia-related-tooltip='Compartir en Facebook' rel=\"noopener\"><span class='avia_hidden_link_text'>Compartir en Facebook<\/span><\/a><\/li><li class='av-share-link av-social-link-twitter' ><a target=\"_blank\" aria-label=\"Compartir en Twitter\" href='https:\/\/twitter.com\/share?text=Ays%C3%A9n%20se%20queda%20con%20plata%20y%20bronce%20por%20equipos%20en%20competencia%20de%20judo%20en%20los%20Juegos%20Araucan%C3%ADa%20Chile%202021&#038;url=https:\/\/radiorevelacionfm.cl\/?p=10377' aria-hidden='false' data-av_icon='\ue8f1' data-av_iconfont='entypo-fontello' title='' data-avia-related-tooltip='Compartir en Twitter' rel=\"noopener\"><span class='avia_hidden_link_text'>Compartir en Twitter<\/span><\/a><\/li><li class='av-share-link av-social-link-whatsapp' ><a target=\"_blank\" aria-label=\"Compartir en Whatsapp\" href='https:\/\/api.whatsapp.com\/send?text=https:\/\/radiorevelacionfm.cl\/?p=10377' aria-hidden='false' data-av_icon='\uf232' data-av_iconfont='entypo-fontello' title='' data-avia-related-tooltip='Compartir en Whatsapp' rel=\"noopener\"><span class='avia_hidden_link_text'>Compartir en Whatsapp<\/span><\/a><\/li><li class='av-share-link av-social-link-linkedin' ><a target=\"_blank\" aria-label=\"Compartir en LinkedIn\" href='https:\/\/linkedin.com\/shareArticle?mini=true&#038;title=Ays%C3%A9n%20se%20queda%20con%20plata%20y%20bronce%20por%20equipos%20en%20competencia%20de%20judo%20en%20los%20Juegos%20Araucan%C3%ADa%20Chile%202021&#038;url=https:\/\/radiorevelacionfm.cl\/?p=10377' aria-hidden='false' data-av_icon='\ue8fc' data-av_iconfont='entypo-fontello' title='' data-avia-related-tooltip='Compartir en LinkedIn' rel=\"noopener\"><span class='avia_hidden_link_text'>Compartir en LinkedIn<\/span><\/a><\/li><li class='av-share-link av-social-link-mail' ><a  aria-label=\"Compartir por correo\" href='mailto:?subject=Ays%C3%A9n%20se%20queda%20con%20plata%20y%20bronce%20por%20equipos%20en%20competencia%20de%20judo%20en%20los%20Juegos%20Araucan%C3%ADa%20Chile%202021&#038;body=https:\/\/radiorevelacionfm.cl\/?p=10377' aria-hidden='false' data-av_icon='\ue805' data-av_iconfont='entypo-fontello' title='' data-avia-related-tooltip='Compartir por correo'><span class='avia_hidden_link_text'>Compartir por correo<\/span><\/a><\/li><\/ul><\/div><\/div>\n<div  style='height:50px' class='hr hr-invisible   avia-builder-el-8  el_after_av_social_share  el_before_av_comments_list '><span class='hr-inner ' ><span class='hr-inner-style'><\/span><\/span><\/div>\n<div  class='av-buildercomment  av-blog-meta-html-info-disabled av-blog-meta-tag-disabled  '><\/div>\n","protected":false},"excerpt":{"rendered":"","protected":false},"author":1,"featured_media":10378,"comment_status":"open","ping_status":"open","sticky":false,"template":"","format":"standard","meta":{"footnotes":""},"categories":[40],"tags":[],"class_list":["post-10377","post","type-post","status-publish","format-standard","has-post-thumbnail","hentry","category-deportes"],"jetpack_featured_media_url":"https:\/\/radiorevelacionfm.cl\/wp-content\/uploads\/2021\/11\/3-58a-1-1.jpg","_links":{"self":[{"href":"https:\/\/radiorevelacionfm.cl\/index.php?rest_route=\/wp\/v2\/posts\/10377","targetHints":{"allow":["GET"]}}],"collection":[{"href":"https:\/\/radiorevelacionfm.cl\/index.php?rest_route=\/wp\/v2\/posts"}],"about":[{"href":"https:\/\/radiorevelacionfm.cl\/index.php?rest_route=\/wp\/v2\/types\/post"}],"author":[{"embeddable":true,"href":"https:\/\/radiorevelacionfm.cl\/index.php?rest_route=\/wp\/v2\/users\/1"}],"replies":[{"embeddable":true,"href":"https:\/\/radiorevelacionfm.cl\/index.php?rest_route=%2Fwp%2Fv2%2Fcomments&post=10377"}],"version-history":[{"count":4,"href":"https:\/\/radiorevelacionfm.cl\/index.php?rest_route=\/wp\/v2\/posts\/10377\/revisions"}],"predecessor-version":[{"id":10380,"href":"https:\/\/radiorevelacionfm.cl\/index.php?rest_route=\/wp\/v2\/posts\/10377\/revisions\/10380"}],"wp:featuredmedia":[{"embeddable":true,"href":"https:\/\/radiorevelacionfm.cl\/index.php?rest_route=\/wp\/v2\/media\/10378"}],"wp:attachment":[{"href":"https:\/\/radiorevelacionfm.cl\/index.php?rest_route=%2Fwp%2Fv2%2Fmedia&parent=10377"}],"wp:term":[{"taxonomy":"category","embeddable":true,"href":"https:\/\/radiorevelacionfm.cl\/index.php?rest_route=%2Fwp%2Fv2%2Fcategories&post=10377"},{"taxonomy":"post_tag","embeddable":true,"href":"https:\/\/radiorevelacionfm.cl\/index.php?rest_route=%2Fwp%2Fv2%2Ftags&post=10377"}],"curies":[{"name":"wp","href":"https:\/\/api.w.org\/{rel}","templated":true}]}}