{"id":10373,"date":"2021-11-04T18:42:31","date_gmt":"2021-11-04T21:42:31","guid":{"rendered":"https:\/\/radiorevelacionfm.cl\/?p=10373"},"modified":"2021-11-04T18:42:31","modified_gmt":"2021-11-04T21:42:31","slug":"este-6-y-7-de-noviembre-club-de-rodeo-de-chile-chico-realizara-fecha-en-el-recinto-de-el-blanco","status":"publish","type":"post","link":"https:\/\/radiorevelacionfm.cl\/?p=10373","title":{"rendered":"Este 6 y 7 de noviembre: Club de Rodeo de Chile Chico realizar\u00e1 fecha en el recinto de El Blanco"},"content":{"rendered":"<div class=\"flex_column av_one_full  flex_column_div av-zero-column-padding first  avia-builder-el-0  el_before_av_one_full  avia-builder-el-first  \" style='border-radius:0px; '><div  class='avia-image-container  av-styling-    avia-builder-el-1  avia-builder-el-no-sibling  avia-align-center '  itemprop=\"image\" itemscope=\"itemscope\" itemtype=\"https:\/\/schema.org\/ImageObject\"  ><div class='avia-image-container-inner'><div class='avia-image-overlay-wrap'><img decoding=\"async\" class='wp-image-10374 avia-img-lazy-loading-not-10374 avia_image' src=\"https:\/\/radiorevelacionfm.cl\/wp-content\/uploads\/2021\/11\/fb_img_rodeo_optimized.jpg\" alt='' title='fb_img_rodeo_optimized' height=\"608\" width=\"1080\"  itemprop=\"thumbnailUrl\" srcset=\"https:\/\/radiorevelacionfm.cl\/wp-content\/uploads\/2021\/11\/fb_img_rodeo_optimized.jpg 1080w, https:\/\/radiorevelacionfm.cl\/wp-content\/uploads\/2021\/11\/fb_img_rodeo_optimized-300x169.jpg 300w, https:\/\/radiorevelacionfm.cl\/wp-content\/uploads\/2021\/11\/fb_img_rodeo_optimized-1030x580.jpg 1030w, https:\/\/radiorevelacionfm.cl\/wp-content\/uploads\/2021\/11\/fb_img_rodeo_optimized-768x432.jpg 768w, https:\/\/radiorevelacionfm.cl\/wp-content\/uploads\/2021\/11\/fb_img_rodeo_optimized-705x397.jpg 705w, https:\/\/radiorevelacionfm.cl\/wp-content\/uploads\/2021\/11\/fb_img_rodeo_optimized-600x338.jpg 600w\" sizes=\"(max-width: 1080px) 100vw, 1080px\" \/><\/div><\/div><\/div><\/div><div class=\"flex_column av_one_full  flex_column_div av-zero-column-padding first  avia-builder-el-2  el_after_av_one_full  el_before_av_one_full  column-top-margin\" style='border-radius:0px; '><section class=\"av_textblock_section \"  itemscope=\"itemscope\" itemtype=\"https:\/\/schema.org\/BlogPosting\" itemprop=\"blogPost\" ><div class='avia_textblock  '   itemprop=\"text\" ><p style=\"text-align: center;\"><strong><span style=\"font-size: 18pt;\">Este 6 y 7 de noviembre: Club de Rodeo de Chile Chico realizar\u00e1 fecha en el recinto de El Blanco<\/span><\/strong><\/p>\n<div id=\"gtx-trans\" style=\"position: absolute; left: -50px; top: 4.31534px;\">\n<div class=\"gtx-trans-icon\"><\/div>\n<\/div>\n<\/div><\/section><\/div><div class=\"flex_column av_one_full  flex_column_div av-zero-column-padding first  avia-builder-el-4  el_after_av_one_full  el_before_av_hr  column-top-margin\" style='border-radius:0px; '><section class=\"av_textblock_section \"  itemscope=\"itemscope\" itemtype=\"https:\/\/schema.org\/BlogPosting\" itemprop=\"blogPost\" ><div class='avia_textblock  '   itemprop=\"text\" ><p style=\"text-align: justify;\">Dadas las actuales condiciones en que se encuentran las instalaciones del Club de Rodeo de Chile Chico, d\u00f3nde tanto la medialuna como el casino, no re\u00fane las condiciones de seguridad m\u00ednimas y por estos d\u00edas se debe cumplir con la fecha asignada por la Asociaci\u00f3n Regional. Por ello, se ha programado la realizaci\u00f3n de su Rodeo Oficial en instalaciones del Club de Rodeo El Blanco para el s\u00e1bado 6 y domingo 7 de noviembre. Tal como lo inform\u00f3 el presidente del club de Chile Chico, Felipe Cea.<\/p>\n<p style=\"text-align: justify;\">\u201cLas instalaciones de nuestro club no cuentan con las condiciones que permitan garantizar la seguridad de las personas que van a vernos y menos de los jinetes que van a competir. As\u00ed es que, amablemente el presidente del club de El Blanco junto con el presidente de la Asociaci\u00f3n, gestionaron la facilitaci\u00f3n del club de rodeo de ese sector. Agradecerle mucho a ellos e invitar a la comunidad que pueda apoyarnos\u201d.<\/p>\n<p style=\"text-align: justify;\">Felipe Cea, agreg\u00f3 que esperan prontamente poder llevar a cabo alguna actividad en Chile Chico, ya que, el rodeo en la \u201cciudad del sol\u201d, convoca a mucha gente.<\/p>\n<p style=\"text-align: justify;\">\u201cProntamente nosotros vamos a tener nuestro evento all\u00e1, con nuestra gente, con nuestra familia, algo que tampoco es menor porque van como 50, 60 colleras, son como 100 jinetes que van a competir y se acompa\u00f1an de su familia. As\u00ed es que, tambi\u00e9n para la comunidad es beneficioso que se hagan este tipo de eventos dentro de la comuna de Chile Chico. Reiteramos la invitaci\u00f3n para la actividad en El Blanco y esperamos pronto hacer esta actividad en Chile Chico\u201d.<\/p>\n<p style=\"text-align: justify;\">En la medialuna de El Blanco, este s\u00e1bado 6 y domingo 7 de noviembre, se realizar\u00e1 la fecha anual de rodeo correspondiente al Club de Rodeo de Chile Chico. \u201cEsto nos lleva a plantear nuevamente a las autoridades, la necesidad de que se avance en nuestro proyecto de las nuevas instalaciones que dicho sea de paso, ya cuenta con RS\u201d, finalizan se\u00f1alando desde el Club de Rodeo de Chile Chico.<\/p>\n<\/div><\/section><\/div><div  style='height:50px' class='hr hr-invisible   avia-builder-el-6  el_after_av_one_full  el_before_av_social_share '><span class='hr-inner ' ><span class='hr-inner-style'><\/span><\/span><\/div><\/p>\n<div  class='av-social-sharing-box  avia-builder-el-7  el_after_av_hr  el_before_av_hr  '><div class='av-share-box'><h5 class='av-share-link-description av-no-toc '>Compartir esta noticia<\/h5><ul class='av-share-box-list noLightbox'><li class='av-share-link av-social-link-facebook' ><a target=\"_blank\" aria-label=\"Compartir en Facebook\" href='https:\/\/www.facebook.com\/sharer.php?u=https:\/\/radiorevelacionfm.cl\/?p=10373&#038;t=Este%206%20y%207%20de%20noviembre%3A%20Club%20de%20Rodeo%20de%20Chile%20Chico%20realizar%C3%A1%20fecha%20en%20el%20recinto%20de%20El%20Blanco' aria-hidden='false' data-av_icon='\ue8f3' data-av_iconfont='entypo-fontello' title='' data-avia-related-tooltip='Compartir en Facebook' rel=\"noopener\"><span class='avia_hidden_link_text'>Compartir en Facebook<\/span><\/a><\/li><li class='av-share-link av-social-link-twitter' ><a target=\"_blank\" aria-label=\"Compartir en Twitter\" href='https:\/\/twitter.com\/share?text=Este%206%20y%207%20de%20noviembre%3A%20Club%20de%20Rodeo%20de%20Chile%20Chico%20realizar%C3%A1%20fecha%20en%20el%20recinto%20de%20El%20Blanco&#038;url=https:\/\/radiorevelacionfm.cl\/?p=10373' aria-hidden='false' data-av_icon='\ue8f1' data-av_iconfont='entypo-fontello' title='' data-avia-related-tooltip='Compartir en Twitter' rel=\"noopener\"><span class='avia_hidden_link_text'>Compartir en Twitter<\/span><\/a><\/li><li class='av-share-link av-social-link-whatsapp' ><a target=\"_blank\" aria-label=\"Compartir en Whatsapp\" href='https:\/\/api.whatsapp.com\/send?text=https:\/\/radiorevelacionfm.cl\/?p=10373' aria-hidden='false' data-av_icon='\uf232' data-av_iconfont='entypo-fontello' title='' data-avia-related-tooltip='Compartir en Whatsapp' rel=\"noopener\"><span class='avia_hidden_link_text'>Compartir en Whatsapp<\/span><\/a><\/li><li class='av-share-link av-social-link-linkedin' ><a target=\"_blank\" aria-label=\"Compartir en LinkedIn\" href='https:\/\/linkedin.com\/shareArticle?mini=true&#038;title=Este%206%20y%207%20de%20noviembre%3A%20Club%20de%20Rodeo%20de%20Chile%20Chico%20realizar%C3%A1%20fecha%20en%20el%20recinto%20de%20El%20Blanco&#038;url=https:\/\/radiorevelacionfm.cl\/?p=10373' aria-hidden='false' data-av_icon='\ue8fc' data-av_iconfont='entypo-fontello' title='' data-avia-related-tooltip='Compartir en LinkedIn' rel=\"noopener\"><span class='avia_hidden_link_text'>Compartir en LinkedIn<\/span><\/a><\/li><li class='av-share-link av-social-link-mail' ><a  aria-label=\"Compartir por correo\" href='mailto:?subject=Este%206%20y%207%20de%20noviembre%3A%20Club%20de%20Rodeo%20de%20Chile%20Chico%20realizar%C3%A1%20fecha%20en%20el%20recinto%20de%20El%20Blanco&#038;body=https:\/\/radiorevelacionfm.cl\/?p=10373' aria-hidden='false' data-av_icon='\ue805' data-av_iconfont='entypo-fontello' title='' data-avia-related-tooltip='Compartir por correo'><span class='avia_hidden_link_text'>Compartir por correo<\/span><\/a><\/li><\/ul><\/div><\/div>\n<div  style='height:50px' class='hr hr-invisible   avia-builder-el-8  el_after_av_social_share  el_before_av_comments_list '><span class='hr-inner ' ><span class='hr-inner-style'><\/span><\/span><\/div>\n<div  class='av-buildercomment  av-blog-meta-html-info-disabled av-blog-meta-tag-disabled  '><\/div>\n","protected":false},"excerpt":{"rendered":"","protected":false},"author":1,"featured_media":10374,"comment_status":"open","ping_status":"open","sticky":false,"template":"","format":"standard","meta":{"footnotes":""},"categories":[38],"tags":[],"class_list":["post-10373","post","type-post","status-publish","format-standard","has-post-thumbnail","hentry","category-regional"],"jetpack_featured_media_url":"https:\/\/radiorevelacionfm.cl\/wp-content\/uploads\/2021\/11\/fb_img_rodeo_optimized.jpg","_links":{"self":[{"href":"https:\/\/radiorevelacionfm.cl\/index.php?rest_route=\/wp\/v2\/posts\/10373","targetHints":{"allow":["GET"]}}],"collection":[{"href":"https:\/\/radiorevelacionfm.cl\/index.php?rest_route=\/wp\/v2\/posts"}],"about":[{"href":"https:\/\/radiorevelacionfm.cl\/index.php?rest_route=\/wp\/v2\/types\/post"}],"author":[{"embeddable":true,"href":"https:\/\/radiorevelacionfm.cl\/index.php?rest_route=\/wp\/v2\/users\/1"}],"replies":[{"embeddable":true,"href":"https:\/\/radiorevelacionfm.cl\/index.php?rest_route=%2Fwp%2Fv2%2Fcomments&post=10373"}],"version-history":[{"count":2,"href":"https:\/\/radiorevelacionfm.cl\/index.php?rest_route=\/wp\/v2\/posts\/10373\/revisions"}],"predecessor-version":[{"id":10376,"href":"https:\/\/radiorevelacionfm.cl\/index.php?rest_route=\/wp\/v2\/posts\/10373\/revisions\/10376"}],"wp:featuredmedia":[{"embeddable":true,"href":"https:\/\/radiorevelacionfm.cl\/index.php?rest_route=\/wp\/v2\/media\/10374"}],"wp:attachment":[{"href":"https:\/\/radiorevelacionfm.cl\/index.php?rest_route=%2Fwp%2Fv2%2Fmedia&parent=10373"}],"wp:term":[{"taxonomy":"category","embeddable":true,"href":"https:\/\/radiorevelacionfm.cl\/index.php?rest_route=%2Fwp%2Fv2%2Fcategories&post=10373"},{"taxonomy":"post_tag","embeddable":true,"href":"https:\/\/radiorevelacionfm.cl\/index.php?rest_route=%2Fwp%2Fv2%2Ftags&post=10373"}],"curies":[{"name":"wp","href":"https:\/\/api.w.org\/{rel}","templated":true}]}}