{"id":10367,"date":"2021-11-04T18:17:45","date_gmt":"2021-11-04T21:17:45","guid":{"rendered":"https:\/\/radiorevelacionfm.cl\/?p=10367"},"modified":"2021-11-04T18:29:41","modified_gmt":"2021-11-04T21:29:41","slug":"anuncian-subvencion-del-90-en-pasajes-aereos-entre-chile-chico-coyhaique-para-viajes-de-emergencia","status":"publish","type":"post","link":"https:\/\/radiorevelacionfm.cl\/?p=10367","title":{"rendered":"Anuncian subvenci\u00f3n del 90% en pasajes a\u00e9reos entre Chile Chico-Coyhaique para viajes de emergencia"},"content":{"rendered":"<div class=\"flex_column av_one_full  flex_column_div av-zero-column-padding first  avia-builder-el-0  el_before_av_one_full  avia-builder-el-first  \" style='border-radius:0px; '><div  class='avia-image-container  av-styling-    avia-builder-el-1  avia-builder-el-no-sibling  avia-align-center '  itemprop=\"image\" itemscope=\"itemscope\" itemtype=\"https:\/\/schema.org\/ImageObject\"  ><div class='avia-image-container-inner'><div class='avia-image-overlay-wrap'><img decoding=\"async\" class='wp-image-10371 avia-img-lazy-loading-not-10371 avia_image' src=\"https:\/\/radiorevelacionfm.cl\/wp-content\/uploads\/2021\/11\/vuelos-chile-chico-2_optimized.jpg\" alt='' title='vuelos-chile-chico-(2)_optimized' height=\"600\" width=\"955\"  itemprop=\"thumbnailUrl\" srcset=\"https:\/\/radiorevelacionfm.cl\/wp-content\/uploads\/2021\/11\/vuelos-chile-chico-2_optimized.jpg 955w, https:\/\/radiorevelacionfm.cl\/wp-content\/uploads\/2021\/11\/vuelos-chile-chico-2_optimized-300x188.jpg 300w, https:\/\/radiorevelacionfm.cl\/wp-content\/uploads\/2021\/11\/vuelos-chile-chico-2_optimized-768x483.jpg 768w, https:\/\/radiorevelacionfm.cl\/wp-content\/uploads\/2021\/11\/vuelos-chile-chico-2_optimized-705x443.jpg 705w, https:\/\/radiorevelacionfm.cl\/wp-content\/uploads\/2021\/11\/vuelos-chile-chico-2_optimized-600x377.jpg 600w\" sizes=\"(max-width: 955px) 100vw, 955px\" \/><\/div><\/div><\/div><\/div><div class=\"flex_column av_one_full  flex_column_div av-zero-column-padding first  avia-builder-el-2  el_after_av_one_full  el_before_av_one_full  column-top-margin\" style='border-radius:0px; '><section class=\"av_textblock_section \"  itemscope=\"itemscope\" itemtype=\"https:\/\/schema.org\/BlogPosting\" itemprop=\"blogPost\" ><div class='avia_textblock  '   itemprop=\"text\" ><p style=\"text-align: center;\"><strong><span style=\"font-size: 18pt;\">Anuncian subvenci\u00f3n del 90% en pasajes a\u00e9reos entre Chile Chico-Coyhaique para viajes de emergencia <\/span><\/strong><\/p>\n<div id=\"gtx-trans\" style=\"position: absolute; left: -50px; top: 4.31534px;\">\n<div class=\"gtx-trans-icon\"><\/div>\n<\/div>\n<\/div><\/section><\/div><\/p>\n<div class=\"flex_column av_one_full  flex_column_div av-zero-column-padding first  avia-builder-el-4  el_after_av_one_full  el_before_av_hr  column-top-margin\" style='border-radius:0px; '><section class=\"av_textblock_section \"  itemscope=\"itemscope\" itemtype=\"https:\/\/schema.org\/BlogPosting\" itemprop=\"blogPost\" ><div class='avia_textblock  '   itemprop=\"text\" ><p style=\"text-align: justify;\">Luego de varias jornadas de intensas tratativas, la Delegada Presidencial de Ays\u00e9n, Margarita Ossa Rojas, junto al seremi de Transportes y Telecomunicaciones, Fabi\u00e1n Rojas, anunciaron la subvenci\u00f3n del 90% de valor de los pasajes a\u00e9reos para viajes de emergencia hasta el 31 de diciembre, gracias a un convenio entre el ministerio de Transportes y Telecomunicaciones y la Delegaci\u00f3n Provincial General Carrera.<\/p>\n<p style=\"text-align: justify;\">Seg\u00fan detall\u00f3 la Delegada Presidencial Regional, la medida fue posible \u201cluego de un proceso importante de trabajo y gesti\u00f3n, que se inicia desde el principio de la contingencia, hemos logrado obtener la subvenci\u00f3n del transporte a\u00e9reo para viajes catalogados de urgencia \u2013 como el fallecimiento de un familia y un tema m\u00e9dico \u2013 y vamos a tener un 90% de subvenci\u00f3n para de esta forma volver a reforzar e ir dividiendo los esfuerzos de desplazamiento desde Chile Chico a la capital regional\u201d, dijo.<\/p>\n<p style=\"text-align: justify;\">Adem\u00e1s de lo declarado por la Delegada Presidencial Regional, el seremiTT Fabi\u00e1n Rojas recalc\u00f3 el subsidio del 90% para pasajes a\u00e9reos en el trayecto Chile Chico y Coyhaique, el cual ser\u00e1 otorgado en casos de emergencia y que se mantendr\u00e1 hasta el 31 de diciembre, independiente del funcionamiento de las barcazas.<\/p>\n<p style=\"text-align: justify;\">\u201cComo Ministerio se ha podido desplegar un subsidio equivalente al 90% del valor del pasaje a\u00e9reo en la ruta Chile Chico \u2013 Coyhaique, la que se va a destinar en casos de urgencia para personas que tengan que trasladarse en ambos sentidos por temas m\u00e9dicos, fallecimiento de un familiar u otra situaci\u00f3n que la Delegaci\u00f3n Provincial de General Carrera va a acreditar. Obviamente esto est\u00e1 orientado a las personas con mayor vulnerabilidad social\u201d.<\/p>\n<p style=\"text-align: justify;\">Esta medida se agrega a las iniciativas implementadas para la conectividad de Chile Chico, como la habilitaci\u00f3n da la ruta terrestre por Argentina, as\u00ed como la contrataci\u00f3n de buses y lanchas.<\/p>\n<p style=\"text-align: justify;\">Desde Chile Chico, la Delegada Presidencial Provincial, Vanessa V\u00e1squez, especific\u00f3 que el subsidio \u201cpara los residentes de Chile Chico ser\u00e1 v\u00e1lido para aquellas personas que tengan una hora m\u00e9dica \u2013 ya sea en Coyhaique o en alguna parte del pa\u00eds \u2013 por la lamentable defunci\u00f3n de un pariente y alguna situaci\u00f3n de emergencia que va ser evaluada por el Departamento Social de la Delegaci\u00f3n Provincial, quienes le entregar\u00e1n un certificado con el cual podr\u00e1n comprar sus pasajes directamente en la empresa\u201d.<\/p>\n<p style=\"text-align: justify;\"><strong>Muestras PCR<\/strong><\/p>\n<p style=\"text-align: justify;\">Otra de las gestiones que inform\u00f3 la Delegada Ossa Rojas, tiene relaci\u00f3n con la priorizaci\u00f3n en los resultados de los ex\u00e1menes PCR para los habitantes de Chile Chico.<\/p>\n<p style=\"text-align: justify;\">\u201cTambi\u00e9n se ha gestionado que los resultados, como el env\u00edo de muestras, son prioritarios para los vecinos de Chile Chico; esperamos que puedan estar entre 24 y 36 horas y tener r\u00e1pidamente los resultados y as\u00ed desplazarse por la Ruta Chile-Chile\u201d, agreg\u00f3.<\/p>\n<p style=\"text-align: justify;\"><strong>Trabajos en Ruta<\/strong><\/p>\n<p style=\"text-align: justify;\">Desde el ministerio de Obras P\u00fablicas en tanto, precisaron que a la fecha las labores de remoci\u00f3n del alud y escombros en la Ruta 7, a la altura de Bah\u00eda Murta, va por buen camino.<\/p>\n<p style=\"text-align: justify;\">\u201cTuvimos un trabajo muy arduo la semana pasada, de martes a viernes, donde logramos remover m\u00e1s de 1.500 metros c\u00fabicos de material \u2013 capa vegetal, arboles, barro y la verdad fue un trabajo enorme. El s\u00e1bado al mediod\u00eda logramos dar conectividad y ese d\u00eda pasaron cerca de 550 veh\u00edculos luego de abierta la ruta, la cual es una ruta de emergencia y por lo tanto, no es la carretera que conocimos originalmente, es una ruta que permite la conectividad pero con algunas restricciones: Transito en una sola v\u00eda, con paleteros y apoyo de Carabineros y en horarios espec\u00edficos de 08.00 de la ma\u00f1ana a 20.00 horas b\u00e1sicamente por un tema de seguridad, porque es una ladera que a\u00fan est\u00e1 inestable y donde se va a estar trabajando en las pr\u00f3ximas semanas\u201d, se\u00f1al\u00f3.<\/p>\n<p style=\"text-align: justify;\">Por \u00faltimo, el seremi N\u00e9stor Mera, explic\u00f3 respecto de los trabajos en la barcaza Tehuelche que \u201cla empresa sigue trabajando en la mantenci\u00f3n mayor de la barcaza Tehuelche, han estado trabajando, haciendo compra de una serie de repuestos y en los pr\u00f3ximos d\u00edas veremos trabajos m\u00e1s intensos dentro de la propia nave\u201d, concluy\u00f3.<\/p>\n<\/div><\/section><\/div>\n<div  style='height:50px' class='hr hr-invisible   avia-builder-el-6  el_after_av_one_full  el_before_av_social_share '><span class='hr-inner ' ><span class='hr-inner-style'><\/span><\/span><\/div>\n<div  class='av-social-sharing-box  avia-builder-el-7  el_after_av_hr  el_before_av_hr  '><div class='av-share-box'><h5 class='av-share-link-description av-no-toc '>Compartir esta noticia<\/h5><ul class='av-share-box-list noLightbox'><li class='av-share-link av-social-link-facebook' ><a target=\"_blank\" aria-label=\"Compartir en Facebook\" href='https:\/\/www.facebook.com\/sharer.php?u=https:\/\/radiorevelacionfm.cl\/?p=10367&#038;t=Anuncian%20subvenci%C3%B3n%20del%2090%25%20en%20pasajes%20a%C3%A9reos%20entre%20Chile%20Chico-Coyhaique%20para%20viajes%20de%20emergencia' aria-hidden='false' data-av_icon='\ue8f3' data-av_iconfont='entypo-fontello' title='' data-avia-related-tooltip='Compartir en Facebook' rel=\"noopener\"><span class='avia_hidden_link_text'>Compartir en Facebook<\/span><\/a><\/li><li class='av-share-link av-social-link-twitter' ><a target=\"_blank\" aria-label=\"Compartir en Twitter\" href='https:\/\/twitter.com\/share?text=Anuncian%20subvenci%C3%B3n%20del%2090%25%20en%20pasajes%20a%C3%A9reos%20entre%20Chile%20Chico-Coyhaique%20para%20viajes%20de%20emergencia&#038;url=https:\/\/radiorevelacionfm.cl\/?p=10367' aria-hidden='false' data-av_icon='\ue8f1' data-av_iconfont='entypo-fontello' title='' data-avia-related-tooltip='Compartir en Twitter' rel=\"noopener\"><span class='avia_hidden_link_text'>Compartir en Twitter<\/span><\/a><\/li><li class='av-share-link av-social-link-whatsapp' ><a target=\"_blank\" aria-label=\"Compartir en Whatsapp\" href='https:\/\/api.whatsapp.com\/send?text=https:\/\/radiorevelacionfm.cl\/?p=10367' aria-hidden='false' data-av_icon='\uf232' data-av_iconfont='entypo-fontello' title='' data-avia-related-tooltip='Compartir en Whatsapp' rel=\"noopener\"><span class='avia_hidden_link_text'>Compartir en Whatsapp<\/span><\/a><\/li><li class='av-share-link av-social-link-linkedin' ><a target=\"_blank\" aria-label=\"Compartir en LinkedIn\" href='https:\/\/linkedin.com\/shareArticle?mini=true&#038;title=Anuncian%20subvenci%C3%B3n%20del%2090%25%20en%20pasajes%20a%C3%A9reos%20entre%20Chile%20Chico-Coyhaique%20para%20viajes%20de%20emergencia&#038;url=https:\/\/radiorevelacionfm.cl\/?p=10367' aria-hidden='false' data-av_icon='\ue8fc' data-av_iconfont='entypo-fontello' title='' data-avia-related-tooltip='Compartir en LinkedIn' rel=\"noopener\"><span class='avia_hidden_link_text'>Compartir en LinkedIn<\/span><\/a><\/li><li class='av-share-link av-social-link-mail' ><a  aria-label=\"Compartir por correo\" href='mailto:?subject=Anuncian%20subvenci%C3%B3n%20del%2090%25%20en%20pasajes%20a%C3%A9reos%20entre%20Chile%20Chico-Coyhaique%20para%20viajes%20de%20emergencia&#038;body=https:\/\/radiorevelacionfm.cl\/?p=10367' aria-hidden='false' data-av_icon='\ue805' data-av_iconfont='entypo-fontello' title='' data-avia-related-tooltip='Compartir por correo'><span class='avia_hidden_link_text'>Compartir por correo<\/span><\/a><\/li><\/ul><\/div><\/div>\n<div  style='height:50px' class='hr hr-invisible   avia-builder-el-8  el_after_av_social_share  el_before_av_comments_list '><span class='hr-inner ' ><span class='hr-inner-style'><\/span><\/span><\/div>\n<div  class='av-buildercomment  av-blog-meta-html-info-disabled av-blog-meta-tag-disabled  '><\/div>\n","protected":false},"excerpt":{"rendered":"","protected":false},"author":1,"featured_media":10371,"comment_status":"open","ping_status":"open","sticky":false,"template":"","format":"standard","meta":{"footnotes":""},"categories":[38],"tags":[],"class_list":["post-10367","post","type-post","status-publish","format-standard","has-post-thumbnail","hentry","category-regional"],"jetpack_featured_media_url":"https:\/\/radiorevelacionfm.cl\/wp-content\/uploads\/2021\/11\/vuelos-chile-chico-2_optimized.jpg","_links":{"self":[{"href":"https:\/\/radiorevelacionfm.cl\/index.php?rest_route=\/wp\/v2\/posts\/10367","targetHints":{"allow":["GET"]}}],"collection":[{"href":"https:\/\/radiorevelacionfm.cl\/index.php?rest_route=\/wp\/v2\/posts"}],"about":[{"href":"https:\/\/radiorevelacionfm.cl\/index.php?rest_route=\/wp\/v2\/types\/post"}],"author":[{"embeddable":true,"href":"https:\/\/radiorevelacionfm.cl\/index.php?rest_route=\/wp\/v2\/users\/1"}],"replies":[{"embeddable":true,"href":"https:\/\/radiorevelacionfm.cl\/index.php?rest_route=%2Fwp%2Fv2%2Fcomments&post=10367"}],"version-history":[{"count":3,"href":"https:\/\/radiorevelacionfm.cl\/index.php?rest_route=\/wp\/v2\/posts\/10367\/revisions"}],"predecessor-version":[{"id":10370,"href":"https:\/\/radiorevelacionfm.cl\/index.php?rest_route=\/wp\/v2\/posts\/10367\/revisions\/10370"}],"wp:featuredmedia":[{"embeddable":true,"href":"https:\/\/radiorevelacionfm.cl\/index.php?rest_route=\/wp\/v2\/media\/10371"}],"wp:attachment":[{"href":"https:\/\/radiorevelacionfm.cl\/index.php?rest_route=%2Fwp%2Fv2%2Fmedia&parent=10367"}],"wp:term":[{"taxonomy":"category","embeddable":true,"href":"https:\/\/radiorevelacionfm.cl\/index.php?rest_route=%2Fwp%2Fv2%2Fcategories&post=10367"},{"taxonomy":"post_tag","embeddable":true,"href":"https:\/\/radiorevelacionfm.cl\/index.php?rest_route=%2Fwp%2Fv2%2Ftags&post=10367"}],"curies":[{"name":"wp","href":"https:\/\/api.w.org\/{rel}","templated":true}]}}