{"id":10364,"date":"2021-11-05T09:30:54","date_gmt":"2021-11-05T12:30:54","guid":{"rendered":"https:\/\/radiorevelacionfm.cl\/?p=10364"},"modified":"2021-11-05T09:30:54","modified_gmt":"2021-11-05T12:30:54","slug":"aysen-y-magallanes-firman-primer-convenio-del-pais-que-establece-una-red-de-cooperacion-en-la-macrozona-austral","status":"publish","type":"post","link":"https:\/\/radiorevelacionfm.cl\/?p=10364","title":{"rendered":"Ays\u00e9n y Magallanes firman primer convenio del pa\u00eds que establece una red de cooperaci\u00f3n en la Macrozona Austral"},"content":{"rendered":"<div class=\"flex_column av_one_full  flex_column_div av-zero-column-padding first  avia-builder-el-0  el_before_av_one_full  avia-builder-el-first  \" style='border-radius:0px; '><div  class='avia-image-container  av-styling-    avia-builder-el-1  avia-builder-el-no-sibling  avia-align-center '  itemprop=\"image\" itemscope=\"itemscope\" itemtype=\"https:\/\/schema.org\/ImageObject\"  ><div class='avia-image-container-inner'><div class='avia-image-overlay-wrap'><img decoding=\"async\" class='wp-image-10365 avia-img-lazy-loading-not-10365 avia_image' src=\"https:\/\/radiorevelacionfm.cl\/wp-content\/uploads\/2021\/11\/Convenio-Aysen-Magallanes-2021-11-04-1-1.jpeg\" alt='' title='Convenio Aysen-Magallanes 2021-11-04 (1) (1)' height=\"600\" width=\"900\"  itemprop=\"thumbnailUrl\" srcset=\"https:\/\/radiorevelacionfm.cl\/wp-content\/uploads\/2021\/11\/Convenio-Aysen-Magallanes-2021-11-04-1-1.jpeg 900w, https:\/\/radiorevelacionfm.cl\/wp-content\/uploads\/2021\/11\/Convenio-Aysen-Magallanes-2021-11-04-1-1-300x200.jpeg 300w, https:\/\/radiorevelacionfm.cl\/wp-content\/uploads\/2021\/11\/Convenio-Aysen-Magallanes-2021-11-04-1-1-768x512.jpeg 768w, https:\/\/radiorevelacionfm.cl\/wp-content\/uploads\/2021\/11\/Convenio-Aysen-Magallanes-2021-11-04-1-1-705x470.jpeg 705w, https:\/\/radiorevelacionfm.cl\/wp-content\/uploads\/2021\/11\/Convenio-Aysen-Magallanes-2021-11-04-1-1-600x400.jpeg 600w\" sizes=\"(max-width: 900px) 100vw, 900px\" \/><\/div><\/div><\/div><\/div><div class=\"flex_column av_one_full  flex_column_div av-zero-column-padding first  avia-builder-el-2  el_after_av_one_full  el_before_av_one_full  column-top-margin\" style='border-radius:0px; '><section class=\"av_textblock_section \"  itemscope=\"itemscope\" itemtype=\"https:\/\/schema.org\/BlogPosting\" itemprop=\"blogPost\" ><div class='avia_textblock  '   itemprop=\"text\" ><p style=\"text-align: center;\"><strong><span style=\"font-size: 18pt;\">Ays\u00e9n y Magallanes firman primer convenio del pa\u00eds que establece una red de cooperaci\u00f3n en la Macrozona Austral <\/span><\/strong><\/p>\n<div id=\"gtx-trans\" style=\"position: absolute; left: -50px; top: 4.31534px;\">\n<div class=\"gtx-trans-icon\"><\/div>\n<\/div>\n<\/div><\/section><\/div><div class=\"flex_column av_one_full  flex_column_div av-zero-column-padding first  avia-builder-el-4  el_after_av_one_full  el_before_av_hr  column-top-margin\" style='border-radius:0px; '><section class=\"av_textblock_section \"  itemscope=\"itemscope\" itemtype=\"https:\/\/schema.org\/BlogPosting\" itemprop=\"blogPost\" ><div class='avia_textblock  '   itemprop=\"text\" ><p style=\"text-align: justify;\">La ma\u00f1ana de este jueves y en dependencias de la Universidad de Magallanes, se realiz\u00f3 la in\u00e9dita firma de convenio entre las regiones de Ays\u00e9n y Magallanes como un paso firme y concreto en la descentralizaci\u00f3n.<\/p>\n<p style=\"text-align: justify;\">El convenio de colaboraci\u00f3n firmado por los Gobiernos Regionales de Ays\u00e9n y Magallanes, adem\u00e1s de la Universidad de Ays\u00e9n y la Universidad de Magallanes establece una red de cooperaci\u00f3n de la Macrozona Austral en ciencia, tecnolog\u00eda, innovaci\u00f3n y promoci\u00f3n en la generaci\u00f3n de conocimiento com\u00fan.<\/p>\n<p style=\"text-align: justify;\">Para la Gobernadora Andrea Mac\u00edas, este es el primer hito hist\u00f3rico en que se comienza a pensar Chile desde los territorios. \u00abPara nosotros como Gobierno Regional de Ays\u00e9n este es un hito fundamental. Cuando Chile vuelve a poner en valor los territorios y su gente es que surgen estos modelos de colaboraci\u00f3n. Hoy logramos avanzar en este convenio que es el primer paso para que toda la capacidad y conocimientos de ambas instituciones se colaboren. Estamos pasando por procesos bien complejos y de todo orden; sociales, medioambientales, por lo que queremos compartir las necesidades comunes y protegernos mutuamente\u00bb, afirm\u00f3 agregando que tambi\u00e9n \u00abEs importante que todos aquellos que estamos en lugares de tomas de decisi\u00f3n contemos con toda la informaci\u00f3n fundamentada y que mejor que sean nuestras Universidades estatales quienes tienen un compromiso con nuestro desarrollo\u00bb.<\/p>\n<p style=\"text-align: justify;\">Por su parte, el Gobernador de Magallanes Jorge Flies reforz\u00f3 la historia de necesidades comunes que tiene el territorio m\u00e1s austral del pa\u00eds. \u00abEn el marco del segundo encuentro de Gobernadores Nacionales, nos encontramos con esta firma de convenio con la Universidad de Ays\u00e9n y el Gobierno Regional. Aqu\u00ed estamos hablando del m\u00e1s del 33% del territorio nacional, la zona m\u00e1s austral, con proyecci\u00f3n ant\u00e1rtica, con las principales reservas de agua de Chile, poblaciones peque\u00f1as y necesidades muy comunes. Por eso, queremos potenciar la academia y el potencial que ambas Universidades van a desarrollar en el territorio, orientado en el trabajo de la instalaci\u00f3n de los Gobiernos Regionales, en los \u00e1mbitos de ciencia, educaci\u00f3n y en los procesos de competencias\u00bb, dijo.<\/p>\n<p style=\"text-align: justify;\"><b>Universidades al servicio de las comunidades<\/b><\/p>\n<p style=\"text-align: justify;\">Importante aporte es el que realizar\u00e1n las Universidades estatales de ambas regiones que ser\u00e1n las encargadas de apoyar el proceso de descentralizaci\u00f3n que es el desaf\u00edo de ambas regiones.<\/p>\n<p style=\"text-align: justify;\">As\u00ed lo reafirm\u00f3 el Rector de la Universidad de Magallanes, Juan Oyarzo en la oportunidad. \u00abNosotros estamos realizando un convenio con una Universidad nueva y cu\u00e1nto nos hubiera servido a nosotros tener esta misma posibilidad cuando est\u00e1bamos reci\u00e9n partiendo. Tendremos la total disposici\u00f3n de entregar a la Universidad de Ays\u00e9n toda la experiencia, el conocimiento, la investigaci\u00f3n. Ahora, sin el apoyo de los Gobiernos Regionales esto puede ser letra muerta, por eso es tan importante contar con el apoyo de ambos Gobernadores\u00bb.<\/p>\n<p style=\"text-align: justify;\">Natacha Pino, Rectora de la Universidad de Ays\u00e9n, recalc\u00f3 este primer paso que marcar\u00e1 el trabajo colaborativo tambi\u00e9n para el resto de las macrozonas del pa\u00eds. \u00abReconocer que este es un gran hito, porque es lo que siempre hay que hacer, las cosas desde los propios territorios hacia el pa\u00eds. Coordinar acciones conjuntas y crear conocimiento compartido, para ponerlo a disposici\u00f3n todo lo que las Universidades podemos hacer. Esta es la primera instancia que tenemos en el pa\u00eds de uni\u00f3n como macrozona. La idea inicial es tener un plan para avanzar en \u00e1mbitos como la ciencia, investigaci\u00f3n y formaci\u00f3n de estudiantes. Al inicio del continente, hay un grupo de Universidades, profesionales y Gobiernos Regionales dispuestos a avanzar en una mejor macrozona\u00bb, puntualiz\u00f3.<\/p>\n<div style=\"text-align: justify;\"><\/div>\n<\/div><\/section><\/div><div  style='height:50px' class='hr hr-invisible   avia-builder-el-6  el_after_av_one_full  el_before_av_social_share '><span class='hr-inner ' ><span class='hr-inner-style'><\/span><\/span><\/div><\/p>\n<div  class='av-social-sharing-box  avia-builder-el-7  el_after_av_hr  el_before_av_hr  '><div class='av-share-box'><h5 class='av-share-link-description av-no-toc '>Compartir esta noticia<\/h5><ul class='av-share-box-list noLightbox'><li class='av-share-link av-social-link-facebook' ><a target=\"_blank\" aria-label=\"Compartir en Facebook\" href='https:\/\/www.facebook.com\/sharer.php?u=https:\/\/radiorevelacionfm.cl\/?p=10364&#038;t=Ays%C3%A9n%20y%20Magallanes%20firman%20primer%20convenio%20del%20pa%C3%ADs%20que%20establece%20una%20red%20de%20cooperaci%C3%B3n%20en%20la%20Macrozona%20Austral' aria-hidden='false' data-av_icon='\ue8f3' data-av_iconfont='entypo-fontello' title='' data-avia-related-tooltip='Compartir en Facebook' rel=\"noopener\"><span class='avia_hidden_link_text'>Compartir en Facebook<\/span><\/a><\/li><li class='av-share-link av-social-link-twitter' ><a target=\"_blank\" aria-label=\"Compartir en Twitter\" href='https:\/\/twitter.com\/share?text=Ays%C3%A9n%20y%20Magallanes%20firman%20primer%20convenio%20del%20pa%C3%ADs%20que%20establece%20una%20red%20de%20cooperaci%C3%B3n%20en%20la%20Macrozona%20Austral&#038;url=https:\/\/radiorevelacionfm.cl\/?p=10364' aria-hidden='false' data-av_icon='\ue8f1' data-av_iconfont='entypo-fontello' title='' data-avia-related-tooltip='Compartir en Twitter' rel=\"noopener\"><span class='avia_hidden_link_text'>Compartir en Twitter<\/span><\/a><\/li><li class='av-share-link av-social-link-whatsapp' ><a target=\"_blank\" aria-label=\"Compartir en Whatsapp\" href='https:\/\/api.whatsapp.com\/send?text=https:\/\/radiorevelacionfm.cl\/?p=10364' aria-hidden='false' data-av_icon='\uf232' data-av_iconfont='entypo-fontello' title='' data-avia-related-tooltip='Compartir en Whatsapp' rel=\"noopener\"><span class='avia_hidden_link_text'>Compartir en Whatsapp<\/span><\/a><\/li><li class='av-share-link av-social-link-linkedin' ><a target=\"_blank\" aria-label=\"Compartir en LinkedIn\" href='https:\/\/linkedin.com\/shareArticle?mini=true&#038;title=Ays%C3%A9n%20y%20Magallanes%20firman%20primer%20convenio%20del%20pa%C3%ADs%20que%20establece%20una%20red%20de%20cooperaci%C3%B3n%20en%20la%20Macrozona%20Austral&#038;url=https:\/\/radiorevelacionfm.cl\/?p=10364' aria-hidden='false' data-av_icon='\ue8fc' data-av_iconfont='entypo-fontello' title='' data-avia-related-tooltip='Compartir en LinkedIn' rel=\"noopener\"><span class='avia_hidden_link_text'>Compartir en LinkedIn<\/span><\/a><\/li><li class='av-share-link av-social-link-mail' ><a  aria-label=\"Compartir por correo\" href='mailto:?subject=Ays%C3%A9n%20y%20Magallanes%20firman%20primer%20convenio%20del%20pa%C3%ADs%20que%20establece%20una%20red%20de%20cooperaci%C3%B3n%20en%20la%20Macrozona%20Austral&#038;body=https:\/\/radiorevelacionfm.cl\/?p=10364' aria-hidden='false' data-av_icon='\ue805' data-av_iconfont='entypo-fontello' title='' data-avia-related-tooltip='Compartir por correo'><span class='avia_hidden_link_text'>Compartir por correo<\/span><\/a><\/li><\/ul><\/div><\/div>\n<div  style='height:50px' class='hr hr-invisible   avia-builder-el-8  el_after_av_social_share  el_before_av_comments_list '><span class='hr-inner ' ><span class='hr-inner-style'><\/span><\/span><\/div>\n<div  class='av-buildercomment  av-blog-meta-html-info-disabled av-blog-meta-tag-disabled  '><\/div>\n","protected":false},"excerpt":{"rendered":"","protected":false},"author":1,"featured_media":10365,"comment_status":"open","ping_status":"open","sticky":false,"template":"","format":"standard","meta":{"footnotes":""},"categories":[38],"tags":[],"class_list":["post-10364","post","type-post","status-publish","format-standard","has-post-thumbnail","hentry","category-regional"],"jetpack_featured_media_url":"https:\/\/radiorevelacionfm.cl\/wp-content\/uploads\/2021\/11\/Convenio-Aysen-Magallanes-2021-11-04-1-1.jpeg","_links":{"self":[{"href":"https:\/\/radiorevelacionfm.cl\/index.php?rest_route=\/wp\/v2\/posts\/10364","targetHints":{"allow":["GET"]}}],"collection":[{"href":"https:\/\/radiorevelacionfm.cl\/index.php?rest_route=\/wp\/v2\/posts"}],"about":[{"href":"https:\/\/radiorevelacionfm.cl\/index.php?rest_route=\/wp\/v2\/types\/post"}],"author":[{"embeddable":true,"href":"https:\/\/radiorevelacionfm.cl\/index.php?rest_route=\/wp\/v2\/users\/1"}],"replies":[{"embeddable":true,"href":"https:\/\/radiorevelacionfm.cl\/index.php?rest_route=%2Fwp%2Fv2%2Fcomments&post=10364"}],"version-history":[{"count":2,"href":"https:\/\/radiorevelacionfm.cl\/index.php?rest_route=\/wp\/v2\/posts\/10364\/revisions"}],"predecessor-version":[{"id":10394,"href":"https:\/\/radiorevelacionfm.cl\/index.php?rest_route=\/wp\/v2\/posts\/10364\/revisions\/10394"}],"wp:featuredmedia":[{"embeddable":true,"href":"https:\/\/radiorevelacionfm.cl\/index.php?rest_route=\/wp\/v2\/media\/10365"}],"wp:attachment":[{"href":"https:\/\/radiorevelacionfm.cl\/index.php?rest_route=%2Fwp%2Fv2%2Fmedia&parent=10364"}],"wp:term":[{"taxonomy":"category","embeddable":true,"href":"https:\/\/radiorevelacionfm.cl\/index.php?rest_route=%2Fwp%2Fv2%2Fcategories&post=10364"},{"taxonomy":"post_tag","embeddable":true,"href":"https:\/\/radiorevelacionfm.cl\/index.php?rest_route=%2Fwp%2Fv2%2Ftags&post=10364"}],"curies":[{"name":"wp","href":"https:\/\/api.w.org\/{rel}","templated":true}]}}