{"id":10358,"date":"2021-11-04T17:21:20","date_gmt":"2021-11-04T20:21:20","guid":{"rendered":"https:\/\/radiorevelacionfm.cl\/?p=10358"},"modified":"2021-11-04T17:21:20","modified_gmt":"2021-11-04T20:21:20","slug":"calisto-presenta-proyecto-que-disminuye-en-un-50-el-impuesto-especifico-de-los-combustibles-en-zonas-extremas","status":"publish","type":"post","link":"https:\/\/radiorevelacionfm.cl\/?p=10358","title":{"rendered":"Calisto presenta proyecto que disminuye en un 50% el Impuesto Espec\u00edfico de los combustibles en Zonas Extremas"},"content":{"rendered":"<div class=\"flex_column av_one_full  flex_column_div av-zero-column-padding first  avia-builder-el-0  el_before_av_one_full  avia-builder-el-first  \" style='border-radius:0px; '><div  class='avia-image-container  av-styling-    avia-builder-el-1  avia-builder-el-no-sibling  avia-align-center '  itemprop=\"image\" itemscope=\"itemscope\" itemtype=\"https:\/\/schema.org\/ImageObject\"  ><div class='avia-image-container-inner'><div class='avia-image-overlay-wrap'><img decoding=\"async\" class='wp-image-6047 avia-img-lazy-loading-not-6047 avia_image' src=\"https:\/\/radiorevelacionfm.cl\/wp-content\/uploads\/2021\/07\/Combustibles.jpg\" alt='' title='Combustibles' height=\"600\" width=\"900\"  itemprop=\"thumbnailUrl\" srcset=\"https:\/\/radiorevelacionfm.cl\/wp-content\/uploads\/2021\/07\/Combustibles.jpg 900w, https:\/\/radiorevelacionfm.cl\/wp-content\/uploads\/2021\/07\/Combustibles-300x200.jpg 300w, https:\/\/radiorevelacionfm.cl\/wp-content\/uploads\/2021\/07\/Combustibles-768x512.jpg 768w, https:\/\/radiorevelacionfm.cl\/wp-content\/uploads\/2021\/07\/Combustibles-705x470.jpg 705w, https:\/\/radiorevelacionfm.cl\/wp-content\/uploads\/2021\/07\/Combustibles-600x400.jpg 600w\" sizes=\"(max-width: 900px) 100vw, 900px\" \/><\/div><\/div><\/div><\/div><div class=\"flex_column av_one_full  flex_column_div av-zero-column-padding first  avia-builder-el-2  el_after_av_one_full  el_before_av_one_full  column-top-margin\" style='border-radius:0px; '><section class=\"av_textblock_section \"  itemscope=\"itemscope\" itemtype=\"https:\/\/schema.org\/BlogPosting\" itemprop=\"blogPost\" ><div class='avia_textblock  '   itemprop=\"text\" ><p style=\"text-align: center;\"><span style=\"font-size: 18pt;\"><b><span lang=\"ES\">Calisto presenta proyecto que disminuye en un 50% el Impuesto Espec\u00edfico de los combustibles en Zonas Extremas<\/span><\/b><\/span><\/p>\n<div id=\"gtx-trans\" style=\"position: absolute; left: -50px; top: 4.31534px;\">\n<div class=\"gtx-trans-icon\"><\/div>\n<\/div>\n<\/div><\/section><\/div><div class=\"flex_column av_one_full  flex_column_div av-zero-column-padding first  avia-builder-el-4  el_after_av_one_full  el_before_av_hr  column-top-margin\" style='border-radius:0px; '><section class=\"av_textblock_section \"  itemscope=\"itemscope\" itemtype=\"https:\/\/schema.org\/BlogPosting\" itemprop=\"blogPost\" ><div class='avia_textblock  '   itemprop=\"text\" ><p style=\"font-weight: 400; text-align: justify;\">Aunque valor\u00f3 el anuncio del Gobierno de considerar a Ays\u00e9n en el beneficio de congelar el precio de los combustibles que regir\u00e1 para Magallanes, el diputado Miguel \u00c1ngel Calisto asegur\u00f3 que es necesario ir m\u00e1s all\u00e1, por lo que present\u00f3, junto a la diputada magall\u00e1nica Sandra Amar y el diputado representante de Palena y Chilo\u00e9, Alejandro Bernales, un proyecto de ley que disminuye en un 50% el impuesto espec\u00edfico a los combustibles en las Zonas Extremas.<\/p>\n<p style=\"font-weight: 400; text-align: justify;\">Seg\u00fan el legislador, \u201ctras varias gestiones y presiones por parte de los gremios de transporte a nivel regional, logramos que se congelen los precios del combustible en Ays\u00e9n. Junto a los dirigentes, iniciamos una campa\u00f1a hace cerca de una semana, cuando el Gobierno tom\u00f3 la decisi\u00f3n de congelar los precios en Magallanes, y no entend\u00edamos que no se aplicara la misma medida en Ays\u00e9n, tomando en cuenta que vivimos en las mismas condiciones de aislamiento o peores\u201d.<\/p>\n<p style=\"font-weight: 400; text-align: justify;\">\u201cPor eso me parece bien que se haya revertido la decisi\u00f3n. Sin embargo, esto no es suficiente, por eso hemos presentado proyectos e indicaciones para reducir el impuesto espec\u00edfico, que es el factor que aumenta el valor del combustible. Estos proyectos fueron rechazados. Ahora presentamos, junto a la Diputada Sandra Amar y el diputado Bernales, una iniciativa que pide disminuir en un 50% el impuesto espec\u00edfico en las Zonas Extremas\u201d, se\u00f1al\u00f3.<\/p>\n<p style=\"font-weight: 400; text-align: justify;\">Calisto agreg\u00f3 que \u201chemos tenido varias conversaciones con el ejecutivo para que se pueda entender que en las Zonas Extremas tenemos condiciones distintas, y debemos tener un trato distinto respecto al valor del combustible\u201d.<\/p>\n<p style=\"font-weight: 400; text-align: justify;\">\u201cLo mismo hemos dicho respecto al precio del gas. No es posible que en Magallanes tengan un valor subsidiado del gas, y nosotros paguemos los valores m\u00e1s caros de Chile. Por eso vamos a seguir en nuestra pelea con fuerza, para lograr que Ays\u00e9n tambi\u00e9n tenga una rebaja en el precio del gas, tal como lo hemos logrado ahora con el precio de los combustibles. Creemos que el Gobierno central debe entender que en las Zonas Extremas tenemos condiciones distintas\u201d, afirm\u00f3 el legislador.<\/p>\n<p style=\"font-weight: 400; text-align: justify;\">Finalmente, el diputado Calisto se\u00f1al\u00f3 que \u201clamentamos que el candidato presidencial Gabriel Boric haya votado en contra el proyecto que buscaba disminuir el impuesto espec\u00edfico. Incluso, es m\u00e1s, se ha dado a conocer en su programa de Gobierno que quiere aumentar este gravamen. Si ese aumento es para los Santiaguinos y la gente de Las Condes, me parece bien, pero en las Zonas Extremas, que vivimos en p\u00e9simas condiciones, donde el combustible es fundamental para los pescadores, para los campesinos y para la gente en general, es un impacto directo al bolsillo de \u00a0los m\u00e1s pobres y la clase media\u201d.<\/p>\n<\/div><\/section><\/div><div  style='height:50px' class='hr hr-invisible   avia-builder-el-6  el_after_av_one_full  el_before_av_social_share '><span class='hr-inner ' ><span class='hr-inner-style'><\/span><\/span><\/div><\/p>\n<div  class='av-social-sharing-box  avia-builder-el-7  el_after_av_hr  el_before_av_hr  '><div class='av-share-box'><h5 class='av-share-link-description av-no-toc '>Compartir esta noticia<\/h5><ul class='av-share-box-list noLightbox'><li class='av-share-link av-social-link-facebook' ><a target=\"_blank\" aria-label=\"Compartir en Facebook\" href='https:\/\/www.facebook.com\/sharer.php?u=https:\/\/radiorevelacionfm.cl\/?p=10358&#038;t=Calisto%20presenta%20proyecto%20que%20disminuye%20en%20un%2050%25%20el%20Impuesto%20Espec%C3%ADfico%20de%20los%20combustibles%20en%20Zonas%20Extremas' aria-hidden='false' data-av_icon='\ue8f3' data-av_iconfont='entypo-fontello' title='' data-avia-related-tooltip='Compartir en Facebook' rel=\"noopener\"><span class='avia_hidden_link_text'>Compartir en Facebook<\/span><\/a><\/li><li class='av-share-link av-social-link-twitter' ><a target=\"_blank\" aria-label=\"Compartir en Twitter\" href='https:\/\/twitter.com\/share?text=Calisto%20presenta%20proyecto%20que%20disminuye%20en%20un%2050%25%20el%20Impuesto%20Espec%C3%ADfico%20de%20los%20combustibles%20en%20Zonas%20Extremas&#038;url=https:\/\/radiorevelacionfm.cl\/?p=10358' aria-hidden='false' data-av_icon='\ue8f1' data-av_iconfont='entypo-fontello' title='' data-avia-related-tooltip='Compartir en Twitter' rel=\"noopener\"><span class='avia_hidden_link_text'>Compartir en Twitter<\/span><\/a><\/li><li class='av-share-link av-social-link-whatsapp' ><a target=\"_blank\" aria-label=\"Compartir en Whatsapp\" href='https:\/\/api.whatsapp.com\/send?text=https:\/\/radiorevelacionfm.cl\/?p=10358' aria-hidden='false' data-av_icon='\uf232' data-av_iconfont='entypo-fontello' title='' data-avia-related-tooltip='Compartir en Whatsapp' rel=\"noopener\"><span class='avia_hidden_link_text'>Compartir en Whatsapp<\/span><\/a><\/li><li class='av-share-link av-social-link-linkedin' ><a target=\"_blank\" aria-label=\"Compartir en LinkedIn\" href='https:\/\/linkedin.com\/shareArticle?mini=true&#038;title=Calisto%20presenta%20proyecto%20que%20disminuye%20en%20un%2050%25%20el%20Impuesto%20Espec%C3%ADfico%20de%20los%20combustibles%20en%20Zonas%20Extremas&#038;url=https:\/\/radiorevelacionfm.cl\/?p=10358' aria-hidden='false' data-av_icon='\ue8fc' data-av_iconfont='entypo-fontello' title='' data-avia-related-tooltip='Compartir en LinkedIn' rel=\"noopener\"><span class='avia_hidden_link_text'>Compartir en LinkedIn<\/span><\/a><\/li><li class='av-share-link av-social-link-mail' ><a  aria-label=\"Compartir por correo\" href='mailto:?subject=Calisto%20presenta%20proyecto%20que%20disminuye%20en%20un%2050%25%20el%20Impuesto%20Espec%C3%ADfico%20de%20los%20combustibles%20en%20Zonas%20Extremas&#038;body=https:\/\/radiorevelacionfm.cl\/?p=10358' aria-hidden='false' data-av_icon='\ue805' data-av_iconfont='entypo-fontello' title='' data-avia-related-tooltip='Compartir por correo'><span class='avia_hidden_link_text'>Compartir por correo<\/span><\/a><\/li><\/ul><\/div><\/div>\n<div  style='height:50px' class='hr hr-invisible   avia-builder-el-8  el_after_av_social_share  el_before_av_comments_list '><span class='hr-inner ' ><span class='hr-inner-style'><\/span><\/span><\/div>\n<div  class='av-buildercomment  av-blog-meta-html-info-disabled av-blog-meta-tag-disabled  '><\/div>\n","protected":false},"excerpt":{"rendered":"","protected":false},"author":1,"featured_media":6047,"comment_status":"open","ping_status":"open","sticky":false,"template":"","format":"standard","meta":{"footnotes":""},"categories":[35],"tags":[],"class_list":["post-10358","post","type-post","status-publish","format-standard","has-post-thumbnail","hentry","category-politica"],"jetpack_featured_media_url":"https:\/\/radiorevelacionfm.cl\/wp-content\/uploads\/2021\/07\/Combustibles.jpg","_links":{"self":[{"href":"https:\/\/radiorevelacionfm.cl\/index.php?rest_route=\/wp\/v2\/posts\/10358","targetHints":{"allow":["GET"]}}],"collection":[{"href":"https:\/\/radiorevelacionfm.cl\/index.php?rest_route=\/wp\/v2\/posts"}],"about":[{"href":"https:\/\/radiorevelacionfm.cl\/index.php?rest_route=\/wp\/v2\/types\/post"}],"author":[{"embeddable":true,"href":"https:\/\/radiorevelacionfm.cl\/index.php?rest_route=\/wp\/v2\/users\/1"}],"replies":[{"embeddable":true,"href":"https:\/\/radiorevelacionfm.cl\/index.php?rest_route=%2Fwp%2Fv2%2Fcomments&post=10358"}],"version-history":[{"count":2,"href":"https:\/\/radiorevelacionfm.cl\/index.php?rest_route=\/wp\/v2\/posts\/10358\/revisions"}],"predecessor-version":[{"id":10360,"href":"https:\/\/radiorevelacionfm.cl\/index.php?rest_route=\/wp\/v2\/posts\/10358\/revisions\/10360"}],"wp:featuredmedia":[{"embeddable":true,"href":"https:\/\/radiorevelacionfm.cl\/index.php?rest_route=\/wp\/v2\/media\/6047"}],"wp:attachment":[{"href":"https:\/\/radiorevelacionfm.cl\/index.php?rest_route=%2Fwp%2Fv2%2Fmedia&parent=10358"}],"wp:term":[{"taxonomy":"category","embeddable":true,"href":"https:\/\/radiorevelacionfm.cl\/index.php?rest_route=%2Fwp%2Fv2%2Fcategories&post=10358"},{"taxonomy":"post_tag","embeddable":true,"href":"https:\/\/radiorevelacionfm.cl\/index.php?rest_route=%2Fwp%2Fv2%2Ftags&post=10358"}],"curies":[{"name":"wp","href":"https:\/\/api.w.org\/{rel}","templated":true}]}}