{"id":10351,"date":"2021-11-04T15:13:33","date_gmt":"2021-11-04T18:13:33","guid":{"rendered":"https:\/\/radiorevelacionfm.cl\/?p=10351"},"modified":"2021-11-04T15:13:33","modified_gmt":"2021-11-04T18:13:33","slug":"adultos-mayores-y-cuidadores-de-personas-con-dependencia-pueden-excusarse-hasta-hoy-de-ser-vocal-de-mesa","status":"publish","type":"post","link":"https:\/\/radiorevelacionfm.cl\/?p=10351","title":{"rendered":"Adultos mayores y cuidadores de personas con dependencia pueden excusarse hasta hoy de ser vocal de mesa"},"content":{"rendered":"<div class=\"flex_column av_one_full  flex_column_div av-zero-column-padding first  avia-builder-el-0  el_before_av_one_full  avia-builder-el-first  \" style='border-radius:0px; '><div  class='avia-image-container  av-styling-    avia-builder-el-1  avia-builder-el-no-sibling  avia-align-center '  itemprop=\"image\" itemscope=\"itemscope\" itemtype=\"https:\/\/schema.org\/ImageObject\"  ><div class='avia-image-container-inner'><div class='avia-image-overlay-wrap'><img decoding=\"async\" class='wp-image-10352 avia-img-lazy-loading-not-10352 avia_image' src=\"https:\/\/radiorevelacionfm.cl\/wp-content\/uploads\/2021\/11\/dideco-1_optimized.jpg\" alt='' title='dideco-(1)_optimized' height=\"600\" width=\"900\"  itemprop=\"thumbnailUrl\" srcset=\"https:\/\/radiorevelacionfm.cl\/wp-content\/uploads\/2021\/11\/dideco-1_optimized.jpg 900w, https:\/\/radiorevelacionfm.cl\/wp-content\/uploads\/2021\/11\/dideco-1_optimized-300x200.jpg 300w, https:\/\/radiorevelacionfm.cl\/wp-content\/uploads\/2021\/11\/dideco-1_optimized-768x512.jpg 768w, https:\/\/radiorevelacionfm.cl\/wp-content\/uploads\/2021\/11\/dideco-1_optimized-705x470.jpg 705w, https:\/\/radiorevelacionfm.cl\/wp-content\/uploads\/2021\/11\/dideco-1_optimized-600x400.jpg 600w\" sizes=\"(max-width: 900px) 100vw, 900px\" \/><\/div><\/div><\/div><\/div><div class=\"flex_column av_one_full  flex_column_div av-zero-column-padding first  avia-builder-el-2  el_after_av_one_full  el_before_av_one_full  column-top-margin\" style='border-radius:0px; '><section class=\"av_textblock_section \"  itemscope=\"itemscope\" itemtype=\"https:\/\/schema.org\/BlogPosting\" itemprop=\"blogPost\" ><div class='avia_textblock  '   itemprop=\"text\" ><p style=\"text-align: center;\"><span style=\"font-size: 18pt;\"><strong>Adultos mayores y cuidadores de personas con dependencia pueden excusarse hasta hoy de ser vocal de mesa<\/strong><\/span><\/p>\n<div id=\"gtx-trans\" style=\"position: absolute; left: -50px; top: 4.31534px;\">\n<div class=\"gtx-trans-icon\"><\/div>\n<\/div>\n<\/div><\/section><\/div><div class=\"flex_column av_one_full  flex_column_div av-zero-column-padding first  avia-builder-el-4  el_after_av_one_full  el_before_av_hr  column-top-margin\" style='border-radius:0px; '><section class=\"av_textblock_section \"  itemscope=\"itemscope\" itemtype=\"https:\/\/schema.org\/BlogPosting\" itemprop=\"blogPost\" ><div class='avia_textblock  '   itemprop=\"text\" ><p style=\"text-align: justify;\">Hoy es el \u00faltimo d\u00eda para presentar su excusa quienes no puedan cumplir con su labor de vocales de mesa designados por las Juntas Electorales para las pr\u00f3ximas Elecciones Presidenciales, Parlamentarias y de Consejeras y Consejeros Regionales de 2021.<\/p>\n<p style=\"text-align: justify;\">Al respecto la ministra de Desarrollo Social y Familia, Karla Rubilar, se\u00f1al\u00f3 que \u201cquienes no puedan cumplir con su deber c\u00edvico y presenten como argumento el ser una persona mayor de 60 a\u00f1os; estar embarazada, ser padre o madre de hijos menores de 2 a\u00f1os; se desempe\u00f1en como cuidadores de adultos mayores, personas con dependencia o discapacidad y tambi\u00e9n laboren en Establecimientos de Larga Estad\u00eda, pueden presentar sus excusas para restarse de cumplir con su deber c\u00edvico\u201d.<\/p>\n<p style=\"text-align: justify;\">La ley N\u00b0 18.700, tambi\u00e9n contempla como causales de inasistencia al rol de vocal, estar ausente del pa\u00eds o radicado a una distancia de m\u00e1s de 300 kil\u00f3metros; estar f\u00edsica o mentalmente imposibilitado de ejercer la funci\u00f3n y cumplir labores en establecimientos hospitalarios en los mismos d\u00edas en que funcionen las Mesas Receptoras de Sufragios, entre otras.<\/p>\n<p style=\"text-align: justify;\">\u201cQueremos que estas elecciones sean una reafirmaci\u00f3n de nuestro esp\u00edritu democr\u00e1tico, por eso es muy importante relevar la importancia de tener la tercera dosis contra el COVID 19. Como Gobierno estamos comprometidos con llevar a cabo un proceso eleccionario impecable, y que, con el resguardo que todos debemos tener, sea seguro desde el punto de vista sanitario\u201d, agreg\u00f3 la ministra Rubilar.<\/p>\n<p style=\"text-align: justify;\">Las personas que sin excusarse no concurran a desempe\u00f1ar su funci\u00f3n como vocal de mesa para las elecciones del 21 de noviembre pr\u00f3ximo, se exponen a una multa que va desde las 2 a 8 U.T.M:$105.000 a $ 422.000 aproximadamente.<\/p>\n<p style=\"text-align: justify;\">El pr\u00f3ximo\u202fs\u00e1bado 6 de noviembre\u202fse publicar\u00e1 la n\u00f3mina de vocales reemplazantes, para quienes seg\u00fan la ley electoral, no se contempla la presentaci\u00f3n de excusas.<\/p>\n<\/div><\/section><\/div><div  style='height:50px' class='hr hr-invisible   avia-builder-el-6  el_after_av_one_full  el_before_av_social_share '><span class='hr-inner ' ><span class='hr-inner-style'><\/span><\/span><\/div><\/p>\n<div  class='av-social-sharing-box  avia-builder-el-7  el_after_av_hr  el_before_av_hr  '><div class='av-share-box'><h5 class='av-share-link-description av-no-toc '>Compartir esta noticia<\/h5><ul class='av-share-box-list noLightbox'><li class='av-share-link av-social-link-facebook' ><a target=\"_blank\" aria-label=\"Compartir en Facebook\" href='https:\/\/www.facebook.com\/sharer.php?u=https:\/\/radiorevelacionfm.cl\/?p=10351&#038;t=Adultos%20mayores%20y%20cuidadores%20de%20personas%20con%20dependencia%20pueden%20excusarse%20hasta%20hoy%20de%20ser%20vocal%20de%20mesa' aria-hidden='false' data-av_icon='\ue8f3' data-av_iconfont='entypo-fontello' title='' data-avia-related-tooltip='Compartir en Facebook' rel=\"noopener\"><span class='avia_hidden_link_text'>Compartir en Facebook<\/span><\/a><\/li><li class='av-share-link av-social-link-twitter' ><a target=\"_blank\" aria-label=\"Compartir en Twitter\" href='https:\/\/twitter.com\/share?text=Adultos%20mayores%20y%20cuidadores%20de%20personas%20con%20dependencia%20pueden%20excusarse%20hasta%20hoy%20de%20ser%20vocal%20de%20mesa&#038;url=https:\/\/radiorevelacionfm.cl\/?p=10351' aria-hidden='false' data-av_icon='\ue8f1' data-av_iconfont='entypo-fontello' title='' data-avia-related-tooltip='Compartir en Twitter' rel=\"noopener\"><span class='avia_hidden_link_text'>Compartir en Twitter<\/span><\/a><\/li><li class='av-share-link av-social-link-whatsapp' ><a target=\"_blank\" aria-label=\"Compartir en Whatsapp\" href='https:\/\/api.whatsapp.com\/send?text=https:\/\/radiorevelacionfm.cl\/?p=10351' aria-hidden='false' data-av_icon='\uf232' data-av_iconfont='entypo-fontello' title='' data-avia-related-tooltip='Compartir en Whatsapp' rel=\"noopener\"><span class='avia_hidden_link_text'>Compartir en Whatsapp<\/span><\/a><\/li><li class='av-share-link av-social-link-linkedin' ><a target=\"_blank\" aria-label=\"Compartir en LinkedIn\" href='https:\/\/linkedin.com\/shareArticle?mini=true&#038;title=Adultos%20mayores%20y%20cuidadores%20de%20personas%20con%20dependencia%20pueden%20excusarse%20hasta%20hoy%20de%20ser%20vocal%20de%20mesa&#038;url=https:\/\/radiorevelacionfm.cl\/?p=10351' aria-hidden='false' data-av_icon='\ue8fc' data-av_iconfont='entypo-fontello' title='' data-avia-related-tooltip='Compartir en LinkedIn' rel=\"noopener\"><span class='avia_hidden_link_text'>Compartir en LinkedIn<\/span><\/a><\/li><li class='av-share-link av-social-link-mail' ><a  aria-label=\"Compartir por correo\" href='mailto:?subject=Adultos%20mayores%20y%20cuidadores%20de%20personas%20con%20dependencia%20pueden%20excusarse%20hasta%20hoy%20de%20ser%20vocal%20de%20mesa&#038;body=https:\/\/radiorevelacionfm.cl\/?p=10351' aria-hidden='false' data-av_icon='\ue805' data-av_iconfont='entypo-fontello' title='' data-avia-related-tooltip='Compartir por correo'><span class='avia_hidden_link_text'>Compartir por correo<\/span><\/a><\/li><\/ul><\/div><\/div>\n<div  style='height:50px' class='hr hr-invisible   avia-builder-el-8  el_after_av_social_share  el_before_av_comments_list '><span class='hr-inner ' ><span class='hr-inner-style'><\/span><\/span><\/div>\n<div  class='av-buildercomment  av-blog-meta-html-info-disabled av-blog-meta-tag-disabled  '><\/div>\n","protected":false},"excerpt":{"rendered":"","protected":false},"author":1,"featured_media":10352,"comment_status":"open","ping_status":"open","sticky":false,"template":"","format":"standard","meta":{"footnotes":""},"categories":[38],"tags":[],"class_list":["post-10351","post","type-post","status-publish","format-standard","has-post-thumbnail","hentry","category-regional"],"jetpack_featured_media_url":"https:\/\/radiorevelacionfm.cl\/wp-content\/uploads\/2021\/11\/dideco-1_optimized.jpg","_links":{"self":[{"href":"https:\/\/radiorevelacionfm.cl\/index.php?rest_route=\/wp\/v2\/posts\/10351","targetHints":{"allow":["GET"]}}],"collection":[{"href":"https:\/\/radiorevelacionfm.cl\/index.php?rest_route=\/wp\/v2\/posts"}],"about":[{"href":"https:\/\/radiorevelacionfm.cl\/index.php?rest_route=\/wp\/v2\/types\/post"}],"author":[{"embeddable":true,"href":"https:\/\/radiorevelacionfm.cl\/index.php?rest_route=\/wp\/v2\/users\/1"}],"replies":[{"embeddable":true,"href":"https:\/\/radiorevelacionfm.cl\/index.php?rest_route=%2Fwp%2Fv2%2Fcomments&post=10351"}],"version-history":[{"count":2,"href":"https:\/\/radiorevelacionfm.cl\/index.php?rest_route=\/wp\/v2\/posts\/10351\/revisions"}],"predecessor-version":[{"id":10354,"href":"https:\/\/radiorevelacionfm.cl\/index.php?rest_route=\/wp\/v2\/posts\/10351\/revisions\/10354"}],"wp:featuredmedia":[{"embeddable":true,"href":"https:\/\/radiorevelacionfm.cl\/index.php?rest_route=\/wp\/v2\/media\/10352"}],"wp:attachment":[{"href":"https:\/\/radiorevelacionfm.cl\/index.php?rest_route=%2Fwp%2Fv2%2Fmedia&parent=10351"}],"wp:term":[{"taxonomy":"category","embeddable":true,"href":"https:\/\/radiorevelacionfm.cl\/index.php?rest_route=%2Fwp%2Fv2%2Fcategories&post=10351"},{"taxonomy":"post_tag","embeddable":true,"href":"https:\/\/radiorevelacionfm.cl\/index.php?rest_route=%2Fwp%2Fv2%2Ftags&post=10351"}],"curies":[{"name":"wp","href":"https:\/\/api.w.org\/{rel}","templated":true}]}}