{"id":10342,"date":"2021-11-04T14:43:24","date_gmt":"2021-11-04T17:43:24","guid":{"rendered":"https:\/\/radiorevelacionfm.cl\/?p=10342"},"modified":"2021-11-04T14:43:24","modified_gmt":"2021-11-04T17:43:24","slug":"invitan-a-participar-en-seminario-gratuito-de-mediacion-artistica","status":"publish","type":"post","link":"https:\/\/radiorevelacionfm.cl\/?p=10342","title":{"rendered":"Invitan a participar en Seminario gratuito de Mediaci\u00f3n Art\u00edstica"},"content":{"rendered":"<div class=\"flex_column av_one_full  flex_column_div av-zero-column-padding first  avia-builder-el-0  el_before_av_one_full  avia-builder-el-first  \" style='border-radius:0px; '><div  class='avia-image-container  av-styling-    avia-builder-el-1  avia-builder-el-no-sibling  avia-align-center '  itemprop=\"image\" itemscope=\"itemscope\" itemtype=\"https:\/\/schema.org\/ImageObject\"  ><div class='avia-image-container-inner'><div class='avia-image-overlay-wrap'><img decoding=\"async\" class='wp-image-10343 avia-img-lazy-loading-not-10343 avia_image' src=\"https:\/\/radiorevelacionfm.cl\/wp-content\/uploads\/2021\/11\/Maria-Ines-Silva1-1-1.jpg\" alt='' title='Mar\u00eda In\u00e9s Silva1 (1) (1)' height=\"600\" width=\"881\"  itemprop=\"thumbnailUrl\" srcset=\"https:\/\/radiorevelacionfm.cl\/wp-content\/uploads\/2021\/11\/Maria-Ines-Silva1-1-1.jpg 881w, https:\/\/radiorevelacionfm.cl\/wp-content\/uploads\/2021\/11\/Maria-Ines-Silva1-1-1-300x204.jpg 300w, https:\/\/radiorevelacionfm.cl\/wp-content\/uploads\/2021\/11\/Maria-Ines-Silva1-1-1-768x523.jpg 768w, https:\/\/radiorevelacionfm.cl\/wp-content\/uploads\/2021\/11\/Maria-Ines-Silva1-1-1-705x480.jpg 705w, https:\/\/radiorevelacionfm.cl\/wp-content\/uploads\/2021\/11\/Maria-Ines-Silva1-1-1-600x409.jpg 600w\" sizes=\"(max-width: 881px) 100vw, 881px\" \/><\/div><\/div><\/div><\/div><div class=\"flex_column av_one_full  flex_column_div av-zero-column-padding first  avia-builder-el-2  el_after_av_one_full  el_before_av_one_full  column-top-margin\" style='border-radius:0px; '><section class=\"av_textblock_section \"  itemscope=\"itemscope\" itemtype=\"https:\/\/schema.org\/BlogPosting\" itemprop=\"blogPost\" ><div class='avia_textblock  '   itemprop=\"text\" ><p style=\"text-align: center;\"><span style=\"font-size: 18pt;\"><b>Invitan a participar en Seminario gratuito de Mediaci\u00f3n Art\u00edstica<\/b><\/span><\/p>\n<div id=\"gtx-trans\" style=\"position: absolute; left: -50px; top: 4.31534px;\">\n<div class=\"gtx-trans-icon\"><\/div>\n<\/div>\n<\/div><\/section><\/div><div class=\"flex_column av_one_full  flex_column_div av-zero-column-padding first  avia-builder-el-4  el_after_av_one_full  el_before_av_hr  column-top-margin\" style='border-radius:0px; '><section class=\"av_textblock_section \"  itemscope=\"itemscope\" itemtype=\"https:\/\/schema.org\/BlogPosting\" itemprop=\"blogPost\" ><div class='avia_textblock  '   itemprop=\"text\" ><p style=\"text-align: justify;\">Ser\u00e1n ocho las expertas en mediaci\u00f3n art\u00edstica, de Chile y el extranjero, que dar\u00e1n vida a esta primera versi\u00f3n del Seminario de Mediaci\u00f3n Art\u00edstica organizado en conjunto por la Red Patagonia Cultural, compuesta por las universidades p\u00fablicas y regionales de Los Lagos, Ays\u00e9n y Magallanes, y por la Red Territorio Teatral, con sede en la Regi\u00f3n de Los Lagos.<\/p>\n<p style=\"text-align: justify;\">La convocatoria surge a partir de la necesidad de instalar la mediaci\u00f3n art\u00edstica como un aspecto relevante y primordial a la hora de acercar y comunicar de mejor manera la experiencia art\u00edstica con los p\u00fablicos, pero al mismo tiempo, de visibilizar la necesidad que los espacios culturales trabajen la gesti\u00f3n de p\u00fablicos profesionalmente y sostenidamente.<\/p>\n<p style=\"text-align: justify;\">El seminario -que es gratuito- se compone de tres paneles de expertas, los d\u00edas 8, 10 y 12 de noviembre en la jornada de la ma\u00f1ana, mientras que por las tardes se dar\u00e1 paso a talleres con los participantes, en el cual se puede participar inscribi\u00e9ndose previamente al correo\u00a0<a href=\"mailto:vanessa.alvarez@ulagos.cl\" target=\"_blank\" rel=\"noopener\">vanessa.alvarez@ulagos.<wbr \/>cl<\/a><\/p>\n<p style=\"text-align: justify;\">El director de la Red Territorio Teatral, Fernando Araneda, valor\u00f3 la iniciativa y destac\u00f3 \u201cque la academia e instituciones de educaci\u00f3n no formal, est\u00e9n en conjunto poniendo en valor la mediaci\u00f3n art\u00edstica como campo de conocimiento que se ha desarrollado a trav\u00e9s de la experiencia, del ensayo y error, para poder generar estrategias que cautiven, mantengan y fidelicen a los p\u00fablicos\u201d, relevando el trabajo de la Red Patagonia Cultural \u201cpor lo que para nosotros es un privilegio poder colaborar en la realizaci\u00f3n de este seminario\u201d.<\/p>\n<p style=\"text-align: justify;\"><b>Temas y expositoras<\/b><\/p>\n<p style=\"text-align: justify;\">El lunes 8 de noviembre se dar\u00e1 inicio en formato online a la primera jornada al panel de expertas con la participaci\u00f3n de Mar\u00eda Jos\u00e9 Mira, jefa de Comunidades y Audiencias del Teatro del Lago, Mar\u00eda In\u00e9s Silva, coordinadora del Diplomado en Mediaci\u00f3n Cultural y Desarrollo de P\u00fablicos de la Universidad de Chile, y Leda Quintana, educadora, poeta y mediadora cultural de Per\u00fa.<\/p>\n<p style=\"text-align: justify;\">En tanto que, en la segunda jornada, el mi\u00e9rcoles 10, el panel de expertas estar\u00e1 integrado por Soledad Lagos, dramaturga, cr\u00edtica teatral y doctora en Filosof\u00eda y Letras, Nitzam\u00e9 Mayorga, actriz y productora teatral de la Universidad de Magallanes, y Melissa Giorgio, encargada del Gran Teatro Nacional del Per\u00fa, actriz, locutora y productora.<\/p>\n<p style=\"text-align: justify;\">Finalmente, la jornada de finalizaci\u00f3n del 12 de noviembre estar\u00e1 integrado por Daniela Carrillo, productora y mediadora teatral, de gran experiencia en cuadernillos pedag\u00f3gicos, Pamela Martinovic, encargada de Galer\u00eda Activa de Balmaceda Arte Joven, Regi\u00f3n de Los Lagos, y la acad\u00e9mica Mar\u00eda In\u00e9s Silva nuevamente.<\/p>\n<\/div><\/section><\/div><div  style='height:50px' class='hr hr-invisible   avia-builder-el-6  el_after_av_one_full  el_before_av_social_share '><span class='hr-inner ' ><span class='hr-inner-style'><\/span><\/span><\/div><\/p>\n<div  class='av-social-sharing-box  avia-builder-el-7  el_after_av_hr  el_before_av_hr  '><div class='av-share-box'><h5 class='av-share-link-description av-no-toc '>Compartir esta noticia<\/h5><ul class='av-share-box-list noLightbox'><li class='av-share-link av-social-link-facebook' ><a target=\"_blank\" aria-label=\"Compartir en Facebook\" href='https:\/\/www.facebook.com\/sharer.php?u=https:\/\/radiorevelacionfm.cl\/?p=10342&#038;t=Invitan%20a%20participar%20en%20Seminario%20gratuito%20de%20Mediaci%C3%B3n%20Art%C3%ADstica' aria-hidden='false' data-av_icon='\ue8f3' data-av_iconfont='entypo-fontello' title='' data-avia-related-tooltip='Compartir en Facebook' rel=\"noopener\"><span class='avia_hidden_link_text'>Compartir en Facebook<\/span><\/a><\/li><li class='av-share-link av-social-link-twitter' ><a target=\"_blank\" aria-label=\"Compartir en Twitter\" href='https:\/\/twitter.com\/share?text=Invitan%20a%20participar%20en%20Seminario%20gratuito%20de%20Mediaci%C3%B3n%20Art%C3%ADstica&#038;url=https:\/\/radiorevelacionfm.cl\/?p=10342' aria-hidden='false' data-av_icon='\ue8f1' data-av_iconfont='entypo-fontello' title='' data-avia-related-tooltip='Compartir en Twitter' rel=\"noopener\"><span class='avia_hidden_link_text'>Compartir en Twitter<\/span><\/a><\/li><li class='av-share-link av-social-link-whatsapp' ><a target=\"_blank\" aria-label=\"Compartir en Whatsapp\" href='https:\/\/api.whatsapp.com\/send?text=https:\/\/radiorevelacionfm.cl\/?p=10342' aria-hidden='false' data-av_icon='\uf232' data-av_iconfont='entypo-fontello' title='' data-avia-related-tooltip='Compartir en Whatsapp' rel=\"noopener\"><span class='avia_hidden_link_text'>Compartir en Whatsapp<\/span><\/a><\/li><li class='av-share-link av-social-link-linkedin' ><a target=\"_blank\" aria-label=\"Compartir en LinkedIn\" href='https:\/\/linkedin.com\/shareArticle?mini=true&#038;title=Invitan%20a%20participar%20en%20Seminario%20gratuito%20de%20Mediaci%C3%B3n%20Art%C3%ADstica&#038;url=https:\/\/radiorevelacionfm.cl\/?p=10342' aria-hidden='false' data-av_icon='\ue8fc' data-av_iconfont='entypo-fontello' title='' data-avia-related-tooltip='Compartir en LinkedIn' rel=\"noopener\"><span class='avia_hidden_link_text'>Compartir en LinkedIn<\/span><\/a><\/li><li class='av-share-link av-social-link-mail' ><a  aria-label=\"Compartir por correo\" href='mailto:?subject=Invitan%20a%20participar%20en%20Seminario%20gratuito%20de%20Mediaci%C3%B3n%20Art%C3%ADstica&#038;body=https:\/\/radiorevelacionfm.cl\/?p=10342' aria-hidden='false' data-av_icon='\ue805' data-av_iconfont='entypo-fontello' title='' data-avia-related-tooltip='Compartir por correo'><span class='avia_hidden_link_text'>Compartir por correo<\/span><\/a><\/li><\/ul><\/div><\/div>\n<div  style='height:50px' class='hr hr-invisible   avia-builder-el-8  el_after_av_social_share  el_before_av_comments_list '><span class='hr-inner ' ><span class='hr-inner-style'><\/span><\/span><\/div>\n<div  class='av-buildercomment  av-blog-meta-html-info-disabled av-blog-meta-tag-disabled  '><\/div>\n","protected":false},"excerpt":{"rendered":"","protected":false},"author":1,"featured_media":10343,"comment_status":"open","ping_status":"open","sticky":false,"template":"","format":"standard","meta":{"footnotes":""},"categories":[52],"tags":[],"class_list":["post-10342","post","type-post","status-publish","format-standard","has-post-thumbnail","hentry","category-cultura"],"jetpack_featured_media_url":"https:\/\/radiorevelacionfm.cl\/wp-content\/uploads\/2021\/11\/Maria-Ines-Silva1-1-1.jpg","_links":{"self":[{"href":"https:\/\/radiorevelacionfm.cl\/index.php?rest_route=\/wp\/v2\/posts\/10342","targetHints":{"allow":["GET"]}}],"collection":[{"href":"https:\/\/radiorevelacionfm.cl\/index.php?rest_route=\/wp\/v2\/posts"}],"about":[{"href":"https:\/\/radiorevelacionfm.cl\/index.php?rest_route=\/wp\/v2\/types\/post"}],"author":[{"embeddable":true,"href":"https:\/\/radiorevelacionfm.cl\/index.php?rest_route=\/wp\/v2\/users\/1"}],"replies":[{"embeddable":true,"href":"https:\/\/radiorevelacionfm.cl\/index.php?rest_route=%2Fwp%2Fv2%2Fcomments&post=10342"}],"version-history":[{"count":2,"href":"https:\/\/radiorevelacionfm.cl\/index.php?rest_route=\/wp\/v2\/posts\/10342\/revisions"}],"predecessor-version":[{"id":10346,"href":"https:\/\/radiorevelacionfm.cl\/index.php?rest_route=\/wp\/v2\/posts\/10342\/revisions\/10346"}],"wp:featuredmedia":[{"embeddable":true,"href":"https:\/\/radiorevelacionfm.cl\/index.php?rest_route=\/wp\/v2\/media\/10343"}],"wp:attachment":[{"href":"https:\/\/radiorevelacionfm.cl\/index.php?rest_route=%2Fwp%2Fv2%2Fmedia&parent=10342"}],"wp:term":[{"taxonomy":"category","embeddable":true,"href":"https:\/\/radiorevelacionfm.cl\/index.php?rest_route=%2Fwp%2Fv2%2Fcategories&post=10342"},{"taxonomy":"post_tag","embeddable":true,"href":"https:\/\/radiorevelacionfm.cl\/index.php?rest_route=%2Fwp%2Fv2%2Ftags&post=10342"}],"curies":[{"name":"wp","href":"https:\/\/api.w.org\/{rel}","templated":true}]}}