{"id":10338,"date":"2021-11-04T12:54:57","date_gmt":"2021-11-04T15:54:57","guid":{"rendered":"https:\/\/radiorevelacionfm.cl\/?p=10338"},"modified":"2021-11-04T12:54:57","modified_gmt":"2021-11-04T15:54:57","slug":"autoridades-constaron-los-avances-de-reparacion-de-las-barcazas-pilchero-y-la-tehuelche","status":"publish","type":"post","link":"https:\/\/radiorevelacionfm.cl\/?p=10338","title":{"rendered":"Autoridades constaron los avances de reparaci\u00f3n de las barcazas Pilchero y La Tehuelche"},"content":{"rendered":"<div class=\"flex_column av_one_full  flex_column_div av-zero-column-padding first  avia-builder-el-0  el_before_av_one_full  avia-builder-el-first  \" style='border-radius:0px; '><div  class='avia-image-container  av-styling-    avia-builder-el-1  avia-builder-el-no-sibling  avia-align-center '  itemprop=\"image\" itemscope=\"itemscope\" itemtype=\"https:\/\/schema.org\/ImageObject\"  ><div class='avia-image-container-inner'><div class='avia-image-overlay-wrap'><img decoding=\"async\" class='wp-image-10339 avia-img-lazy-loading-not-10339 avia_image' src=\"https:\/\/radiorevelacionfm.cl\/wp-content\/uploads\/2021\/11\/Avances2-2021-11-03-1-1.jpeg\" alt='' title='Avances2 2021-11-03 (1) (1)' height=\"600\" width=\"840\"  itemprop=\"thumbnailUrl\" srcset=\"https:\/\/radiorevelacionfm.cl\/wp-content\/uploads\/2021\/11\/Avances2-2021-11-03-1-1.jpeg 840w, https:\/\/radiorevelacionfm.cl\/wp-content\/uploads\/2021\/11\/Avances2-2021-11-03-1-1-300x214.jpeg 300w, https:\/\/radiorevelacionfm.cl\/wp-content\/uploads\/2021\/11\/Avances2-2021-11-03-1-1-768x549.jpeg 768w, https:\/\/radiorevelacionfm.cl\/wp-content\/uploads\/2021\/11\/Avances2-2021-11-03-1-1-260x185.jpeg 260w, https:\/\/radiorevelacionfm.cl\/wp-content\/uploads\/2021\/11\/Avances2-2021-11-03-1-1-705x504.jpeg 705w, https:\/\/radiorevelacionfm.cl\/wp-content\/uploads\/2021\/11\/Avances2-2021-11-03-1-1-600x429.jpeg 600w\" sizes=\"(max-width: 840px) 100vw, 840px\" \/><\/div><\/div><\/div><\/div><div class=\"flex_column av_one_full  flex_column_div av-zero-column-padding first  avia-builder-el-2  el_after_av_one_full  el_before_av_one_full  column-top-margin\" style='border-radius:0px; '><section class=\"av_textblock_section \"  itemscope=\"itemscope\" itemtype=\"https:\/\/schema.org\/BlogPosting\" itemprop=\"blogPost\" ><div class='avia_textblock  '   itemprop=\"text\" ><p style=\"text-align: center;\"><strong><span style=\"font-size: 18pt;\">Autoridades constaron los avances de reparaci\u00f3n de las barcazas Pilchero y La Tehuelche<\/span><\/strong><\/p>\n<div id=\"gtx-trans\" style=\"position: absolute; left: -50px; top: 4.31534px;\">\n<div class=\"gtx-trans-icon\"><\/div>\n<\/div>\n<\/div><\/section><\/div><div class=\"flex_column av_one_full  flex_column_div av-zero-column-padding first  avia-builder-el-4  el_after_av_one_full  el_before_av_hr  column-top-margin\" style='border-radius:0px; '><section class=\"av_textblock_section \"  itemscope=\"itemscope\" itemtype=\"https:\/\/schema.org\/BlogPosting\" itemprop=\"blogPost\" ><div class='avia_textblock  '   itemprop=\"text\" ><p style=\"text-align: justify;\">Este mi\u00e9rcoles por la tarde, la Delegada Presidencial Regional, Margarita Ossa, junto al Seremi de Transportes, Fabi\u00e1n Rojas, se desplazaron hasta Puerto Ingeniero Ib\u00e1\u00f1ez para inspeccionar los avances de conectividad lacustre con Chile Chico, luego de la puesta en marcha del plan de contingencia que abarca el refuerzo de dos lanchas r\u00e1pidas con capacidad para 22 personas cada una, y as\u00ed retornar la conexi\u00f3n entre las ciudades pertenecientes a la Regi\u00f3n de Ays\u00e9n.<\/p>\n<p style=\"text-align: justify;\">\u201cNosotros como Gobierno y equipo estamos trabajando en conocer cu\u00e1les son las condiciones de las lanchas pero, por sobre todo, ser muy precavidos para poder resguardar la seguridad de las personas. Adem\u00e1s, aprovechamos junto al Seremi de Transportes hacer una inspecci\u00f3n a las barcazas que se encuentran en este minuto en reparaci\u00f3n en el puerto \u2013tanto Pilchero y La Tehuelche\u2013, conversar con los capitanes y conocer los tiempos que van a llevar cada una de estas reparaciones, y saber efectivamente cu\u00e1les han sido los avances\u201d, recalc\u00f3 Ossa.<\/p>\n<p style=\"text-align: justify;\">Por su parte, el Seremi de Transportes, Fabi\u00e1n Rojas, destac\u00f3 que \u201chemos venido para dar la tranquilidad de que cualquier condici\u00f3n que atente contra la seguridad de nuestros pasajeros que utilizan cualquier sistema de embarcaci\u00f3n, se van a tomar las medidas para que los viajes sean lo m\u00e1s seguros posibles\u201d.<\/p>\n<p style=\"text-align: justify;\">Asimismo, las autoridades regionales constataron los avances de la barcaza Pilchero, la cual este jueves 4 de noviembre iniciar\u00e1 las pruebas y calibraciones respectivas con la instalaci\u00f3n de los acoples. \u201cEsperamos que este viernes en la ma\u00f1ana la Comisi\u00f3n Local de Inspecci\u00f3n de Nave de la Armada pueda inspeccionar la nave y, si est\u00e1 todo conforme, entregar nuevamente el zarpe de la barcaza Pilchero\u201d, a\u00f1adi\u00f3 Rojas.<\/p>\n<p style=\"text-align: justify;\">Cabe destacar que este martes la Delegada Presidencial Regional anunci\u00f3 la apertura del tr\u00e1nsito excepcional de personas entre los pasos fronterizos Jeinimeni y Huemules y viceversa, a trav\u00e9s del territorio argentino, por un m\u00e1ximo de 10 horas, en la modalidad \u201cPa\u00eds a Pa\u00eds\u201d, entre los horarios de 08:00 a 12:30, cuyo cierre de ambos pasos ser\u00e1 hasta las 20:00 horas, como medida de facilitar el proceso y traslado de los vecinos y visitantes que han visto perjudicados a ra\u00edz del corte en la Ruta 7 y la falla en la barcaza Pilchero.<\/p>\n<\/div><\/section><\/div><div  style='height:50px' class='hr hr-invisible   avia-builder-el-6  el_after_av_one_full  el_before_av_social_share '><span class='hr-inner ' ><span class='hr-inner-style'><\/span><\/span><\/div><\/p>\n<div  class='av-social-sharing-box  avia-builder-el-7  el_after_av_hr  el_before_av_hr  '><div class='av-share-box'><h5 class='av-share-link-description av-no-toc '>Compartir esta noticia<\/h5><ul class='av-share-box-list noLightbox'><li class='av-share-link av-social-link-facebook' ><a target=\"_blank\" aria-label=\"Compartir en Facebook\" href='https:\/\/www.facebook.com\/sharer.php?u=https:\/\/radiorevelacionfm.cl\/?p=10338&#038;t=Autoridades%20constaron%20los%20avances%20de%20reparaci%C3%B3n%20de%20las%20barcazas%20Pilchero%20y%20La%20Tehuelche' aria-hidden='false' data-av_icon='\ue8f3' data-av_iconfont='entypo-fontello' title='' data-avia-related-tooltip='Compartir en Facebook' rel=\"noopener\"><span class='avia_hidden_link_text'>Compartir en Facebook<\/span><\/a><\/li><li class='av-share-link av-social-link-twitter' ><a target=\"_blank\" aria-label=\"Compartir en Twitter\" href='https:\/\/twitter.com\/share?text=Autoridades%20constaron%20los%20avances%20de%20reparaci%C3%B3n%20de%20las%20barcazas%20Pilchero%20y%20La%20Tehuelche&#038;url=https:\/\/radiorevelacionfm.cl\/?p=10338' aria-hidden='false' data-av_icon='\ue8f1' data-av_iconfont='entypo-fontello' title='' data-avia-related-tooltip='Compartir en Twitter' rel=\"noopener\"><span class='avia_hidden_link_text'>Compartir en Twitter<\/span><\/a><\/li><li class='av-share-link av-social-link-whatsapp' ><a target=\"_blank\" aria-label=\"Compartir en Whatsapp\" href='https:\/\/api.whatsapp.com\/send?text=https:\/\/radiorevelacionfm.cl\/?p=10338' aria-hidden='false' data-av_icon='\uf232' data-av_iconfont='entypo-fontello' title='' data-avia-related-tooltip='Compartir en Whatsapp' rel=\"noopener\"><span class='avia_hidden_link_text'>Compartir en Whatsapp<\/span><\/a><\/li><li class='av-share-link av-social-link-linkedin' ><a target=\"_blank\" aria-label=\"Compartir en LinkedIn\" href='https:\/\/linkedin.com\/shareArticle?mini=true&#038;title=Autoridades%20constaron%20los%20avances%20de%20reparaci%C3%B3n%20de%20las%20barcazas%20Pilchero%20y%20La%20Tehuelche&#038;url=https:\/\/radiorevelacionfm.cl\/?p=10338' aria-hidden='false' data-av_icon='\ue8fc' data-av_iconfont='entypo-fontello' title='' data-avia-related-tooltip='Compartir en LinkedIn' rel=\"noopener\"><span class='avia_hidden_link_text'>Compartir en LinkedIn<\/span><\/a><\/li><li class='av-share-link av-social-link-mail' ><a  aria-label=\"Compartir por correo\" href='mailto:?subject=Autoridades%20constaron%20los%20avances%20de%20reparaci%C3%B3n%20de%20las%20barcazas%20Pilchero%20y%20La%20Tehuelche&#038;body=https:\/\/radiorevelacionfm.cl\/?p=10338' aria-hidden='false' data-av_icon='\ue805' data-av_iconfont='entypo-fontello' title='' data-avia-related-tooltip='Compartir por correo'><span class='avia_hidden_link_text'>Compartir por correo<\/span><\/a><\/li><\/ul><\/div><\/div>\n<div  style='height:50px' class='hr hr-invisible   avia-builder-el-8  el_after_av_social_share  el_before_av_comments_list '><span class='hr-inner ' ><span class='hr-inner-style'><\/span><\/span><\/div>\n<div  class='av-buildercomment  av-blog-meta-html-info-disabled av-blog-meta-tag-disabled  '><\/div>\n","protected":false},"excerpt":{"rendered":"","protected":false},"author":1,"featured_media":10339,"comment_status":"open","ping_status":"open","sticky":false,"template":"","format":"standard","meta":{"footnotes":""},"categories":[38],"tags":[],"class_list":["post-10338","post","type-post","status-publish","format-standard","has-post-thumbnail","hentry","category-regional"],"jetpack_featured_media_url":"https:\/\/radiorevelacionfm.cl\/wp-content\/uploads\/2021\/11\/Avances2-2021-11-03-1-1.jpeg","_links":{"self":[{"href":"https:\/\/radiorevelacionfm.cl\/index.php?rest_route=\/wp\/v2\/posts\/10338","targetHints":{"allow":["GET"]}}],"collection":[{"href":"https:\/\/radiorevelacionfm.cl\/index.php?rest_route=\/wp\/v2\/posts"}],"about":[{"href":"https:\/\/radiorevelacionfm.cl\/index.php?rest_route=\/wp\/v2\/types\/post"}],"author":[{"embeddable":true,"href":"https:\/\/radiorevelacionfm.cl\/index.php?rest_route=\/wp\/v2\/users\/1"}],"replies":[{"embeddable":true,"href":"https:\/\/radiorevelacionfm.cl\/index.php?rest_route=%2Fwp%2Fv2%2Fcomments&post=10338"}],"version-history":[{"count":2,"href":"https:\/\/radiorevelacionfm.cl\/index.php?rest_route=\/wp\/v2\/posts\/10338\/revisions"}],"predecessor-version":[{"id":10341,"href":"https:\/\/radiorevelacionfm.cl\/index.php?rest_route=\/wp\/v2\/posts\/10338\/revisions\/10341"}],"wp:featuredmedia":[{"embeddable":true,"href":"https:\/\/radiorevelacionfm.cl\/index.php?rest_route=\/wp\/v2\/media\/10339"}],"wp:attachment":[{"href":"https:\/\/radiorevelacionfm.cl\/index.php?rest_route=%2Fwp%2Fv2%2Fmedia&parent=10338"}],"wp:term":[{"taxonomy":"category","embeddable":true,"href":"https:\/\/radiorevelacionfm.cl\/index.php?rest_route=%2Fwp%2Fv2%2Fcategories&post=10338"},{"taxonomy":"post_tag","embeddable":true,"href":"https:\/\/radiorevelacionfm.cl\/index.php?rest_route=%2Fwp%2Fv2%2Ftags&post=10338"}],"curies":[{"name":"wp","href":"https:\/\/api.w.org\/{rel}","templated":true}]}}