{"id":10334,"date":"2021-11-04T11:20:15","date_gmt":"2021-11-04T14:20:15","guid":{"rendered":"https:\/\/radiorevelacionfm.cl\/?p=10334"},"modified":"2021-11-04T11:20:15","modified_gmt":"2021-11-04T14:20:15","slug":"ordenes-y-sandoval-valoran-decision-del-gobierno-de-incluir-a-la-region-aysen-en-beneficio-de-congelamiento-del-precio-de-los-combustibles","status":"publish","type":"post","link":"https:\/\/radiorevelacionfm.cl\/?p=10334","title":{"rendered":"\u00d3rdenes y Sandoval valoran decisi\u00f3n del Gobierno de incluir a la regi\u00f3n Ays\u00e9n en beneficio de congelamiento del precio de los combustibles"},"content":{"rendered":"<div class=\"flex_column av_one_full  flex_column_div av-zero-column-padding first  avia-builder-el-0  el_before_av_one_full  avia-builder-el-first  \" style='border-radius:0px; '><div  class='avia-image-container  av-styling-    avia-builder-el-1  avia-builder-el-no-sibling  avia-align-center '  itemprop=\"image\" itemscope=\"itemscope\" itemtype=\"https:\/\/schema.org\/ImageObject\"  ><div class='avia-image-container-inner'><div class='avia-image-overlay-wrap'><img decoding=\"async\" class='wp-image-10335 avia-img-lazy-loading-not-10335 avia_image' src=\"https:\/\/radiorevelacionfm.cl\/wp-content\/uploads\/2021\/11\/SENADORES-SANDOVAL-Y-ORDENES1-1-1.jpg\" alt='' title='SENADORES SANDOVAL Y \u00d3RDENES1 (1) (1)' height=\"600\" width=\"1003\"  itemprop=\"thumbnailUrl\" srcset=\"https:\/\/radiorevelacionfm.cl\/wp-content\/uploads\/2021\/11\/SENADORES-SANDOVAL-Y-ORDENES1-1-1.jpg 1003w, https:\/\/radiorevelacionfm.cl\/wp-content\/uploads\/2021\/11\/SENADORES-SANDOVAL-Y-ORDENES1-1-1-300x179.jpg 300w, https:\/\/radiorevelacionfm.cl\/wp-content\/uploads\/2021\/11\/SENADORES-SANDOVAL-Y-ORDENES1-1-1-768x459.jpg 768w, https:\/\/radiorevelacionfm.cl\/wp-content\/uploads\/2021\/11\/SENADORES-SANDOVAL-Y-ORDENES1-1-1-705x422.jpg 705w, https:\/\/radiorevelacionfm.cl\/wp-content\/uploads\/2021\/11\/SENADORES-SANDOVAL-Y-ORDENES1-1-1-600x359.jpg 600w\" sizes=\"(max-width: 1003px) 100vw, 1003px\" \/><\/div><\/div><\/div><\/div><div class=\"flex_column av_one_full  flex_column_div av-zero-column-padding first  avia-builder-el-2  el_after_av_one_full  el_before_av_one_full  column-top-margin\" style='border-radius:0px; '><section class=\"av_textblock_section \"  itemscope=\"itemscope\" itemtype=\"https:\/\/schema.org\/BlogPosting\" itemprop=\"blogPost\" ><div class='avia_textblock  '   itemprop=\"text\" ><p style=\"text-align: center;\"><span style=\"font-size: 18pt;\"><strong>\u00d3rdenes y Sandoval valoran decisi\u00f3n del Gobierno de incluir a la regi\u00f3n Ays\u00e9n en beneficio de congelamiento del precio de los combustibles <\/strong><\/span><\/p>\n<div id=\"gtx-trans\" style=\"position: absolute; left: -50px; top: 4.31534px;\">\n<div class=\"gtx-trans-icon\"><\/div>\n<\/div>\n<\/div><\/section><\/div><div class=\"flex_column av_one_full  flex_column_div av-zero-column-padding first  avia-builder-el-4  el_after_av_one_full  el_before_av_hr  column-top-margin\" style='border-radius:0px; '><section class=\"av_textblock_section \"  itemscope=\"itemscope\" itemtype=\"https:\/\/schema.org\/BlogPosting\" itemprop=\"blogPost\" ><div class='avia_textblock  '   itemprop=\"text\" ><p style=\"text-align: justify;\">Parlamentarios realizaron gestiones conjuntas para arribar a esta medida, la que incluso consider\u00f3 un proyecto de acuerdo que fue apoyado de manera transversal por la C\u00e1mara Alta.<\/p>\n<p style=\"text-align: justify;\">\u201cUna positiva noticia recibimos junto a la senadora Ximena \u00d3rdenes, por parte del subsecretario de Energ\u00eda, Francisco L\u00f3pez, respecto a la decisi\u00f3n del Gobierno de incorporar a la regi\u00f3n de Ays\u00e9n en el plan de congelamiento del precio de los combustibles\u201d. Con estas palabras, el senador David Sandoval destac\u00f3 la decisi\u00f3n del Ejecutivo de extender a Ays\u00e9n el beneficio que ya hab\u00eda sido considerado en los \u00faltimos d\u00edas, para la regi\u00f3n de Magallanes.<\/p>\n<p style=\"text-align: justify;\">El parlamentario se\u00f1al\u00f3 que se trata de un tema \u201cque hab\u00eda gatillado un gran inter\u00e9s y presiones desde la regi\u00f3n por transportistas, usuarios y la comunidad en general\u201d, recalcando que esto impacta directamente en distintos \u00e1mbitos, recordando adem\u00e1s que el precio de las bencinas alcanza en algunas localidades incluso los $1.200\/lt, lo que hab\u00eda generado una v\u00e1lida y profunda molestia por parte de sus habitantes.<\/p>\n<p style=\"text-align: justify;\">Para la senadora Ximena \u00d3rdenes, en tanto, el congelamiento de precios en Magallanes hab\u00eda dejado atr\u00e1s a nuestra regi\u00f3n, raz\u00f3n por la cual junto al senador Sandoval realizaron una serie de gestiones, principalmente ante el ministerio de Energ\u00eda, para que esto \u201cse ampl\u00ede y se reconozca a la regi\u00f3n de Ays\u00e9n\u201d.<\/p>\n<p style=\"text-align: justify;\">Sandoval adem\u00e1s, puntualiz\u00f3 que la instancia se aplicar\u00e1 a partir de este jueves 4 de noviembre, e implica que se mantendr\u00e1n los precios vigentes. \u201cNos alegramos por la respuesta que tuvo el Gobierno a nuestras peticiones y nos alegramos por toda la comunidad regional\u201d, indic\u00f3.<\/p>\n<p style=\"text-align: justify;\">En la misma l\u00ednea, \u00d3rdenes se\u00f1al\u00f3 que se trata de una medida positiva. \u201cTiene que tener una soluci\u00f3n en el largo plazo, pero mientras se busca una salida, creo que es importante que se haya reconocido a la regi\u00f3n de Ays\u00e9n tambi\u00e9n en el congelamiento del precio de los combustibles\u201d, subray\u00f3.<\/p>\n<p style=\"text-align: justify;\">Cabe se\u00f1alar que durante los \u00faltimos d\u00edas, ambos parlamentarios hab\u00edan realizado intensas gestiones para concretar esta iniciativa, llegando incluso a presentar un proyecto de acuerdo, apoyado transversalmente y de manera un\u00e1nime, por senadores de todas las bancadas, donde precisamente ped\u00edan al Ejecutivo incorporar a la zona en este plan.<\/p>\n<\/div><\/section><\/div><div  style='height:50px' class='hr hr-invisible   avia-builder-el-6  el_after_av_one_full  el_before_av_social_share '><span class='hr-inner ' ><span class='hr-inner-style'><\/span><\/span><\/div><\/p>\n<div  class='av-social-sharing-box  avia-builder-el-7  el_after_av_hr  el_before_av_hr  '><div class='av-share-box'><h5 class='av-share-link-description av-no-toc '>Compartir esta noticia<\/h5><ul class='av-share-box-list noLightbox'><li class='av-share-link av-social-link-facebook' ><a target=\"_blank\" aria-label=\"Compartir en Facebook\" href='https:\/\/www.facebook.com\/sharer.php?u=https:\/\/radiorevelacionfm.cl\/?p=10334&#038;t=%C3%93rdenes%20y%20Sandoval%20valoran%20decisi%C3%B3n%20del%20Gobierno%20de%20incluir%20a%20la%20regi%C3%B3n%20Ays%C3%A9n%20en%20beneficio%20de%20congelamiento%20del%20precio%20de%20los%20combustibles' aria-hidden='false' data-av_icon='\ue8f3' data-av_iconfont='entypo-fontello' title='' data-avia-related-tooltip='Compartir en Facebook' rel=\"noopener\"><span class='avia_hidden_link_text'>Compartir en Facebook<\/span><\/a><\/li><li class='av-share-link av-social-link-twitter' ><a target=\"_blank\" aria-label=\"Compartir en Twitter\" href='https:\/\/twitter.com\/share?text=%C3%93rdenes%20y%20Sandoval%20valoran%20decisi%C3%B3n%20del%20Gobierno%20de%20incluir%20a%20la%20regi%C3%B3n%20Ays%C3%A9n%20en%20beneficio%20de%20congelamiento%20del%20precio%20de%20los%20combustibles&#038;url=https:\/\/radiorevelacionfm.cl\/?p=10334' aria-hidden='false' data-av_icon='\ue8f1' data-av_iconfont='entypo-fontello' title='' data-avia-related-tooltip='Compartir en Twitter' rel=\"noopener\"><span class='avia_hidden_link_text'>Compartir en Twitter<\/span><\/a><\/li><li class='av-share-link av-social-link-whatsapp' ><a target=\"_blank\" aria-label=\"Compartir en Whatsapp\" href='https:\/\/api.whatsapp.com\/send?text=https:\/\/radiorevelacionfm.cl\/?p=10334' aria-hidden='false' data-av_icon='\uf232' data-av_iconfont='entypo-fontello' title='' data-avia-related-tooltip='Compartir en Whatsapp' rel=\"noopener\"><span class='avia_hidden_link_text'>Compartir en Whatsapp<\/span><\/a><\/li><li class='av-share-link av-social-link-linkedin' ><a target=\"_blank\" aria-label=\"Compartir en LinkedIn\" href='https:\/\/linkedin.com\/shareArticle?mini=true&#038;title=%C3%93rdenes%20y%20Sandoval%20valoran%20decisi%C3%B3n%20del%20Gobierno%20de%20incluir%20a%20la%20regi%C3%B3n%20Ays%C3%A9n%20en%20beneficio%20de%20congelamiento%20del%20precio%20de%20los%20combustibles&#038;url=https:\/\/radiorevelacionfm.cl\/?p=10334' aria-hidden='false' data-av_icon='\ue8fc' data-av_iconfont='entypo-fontello' title='' data-avia-related-tooltip='Compartir en LinkedIn' rel=\"noopener\"><span class='avia_hidden_link_text'>Compartir en LinkedIn<\/span><\/a><\/li><li class='av-share-link av-social-link-mail' ><a  aria-label=\"Compartir por correo\" href='mailto:?subject=%C3%93rdenes%20y%20Sandoval%20valoran%20decisi%C3%B3n%20del%20Gobierno%20de%20incluir%20a%20la%20regi%C3%B3n%20Ays%C3%A9n%20en%20beneficio%20de%20congelamiento%20del%20precio%20de%20los%20combustibles&#038;body=https:\/\/radiorevelacionfm.cl\/?p=10334' aria-hidden='false' data-av_icon='\ue805' data-av_iconfont='entypo-fontello' title='' data-avia-related-tooltip='Compartir por correo'><span class='avia_hidden_link_text'>Compartir por correo<\/span><\/a><\/li><\/ul><\/div><\/div>\n<div  style='height:50px' class='hr hr-invisible   avia-builder-el-8  el_after_av_social_share  el_before_av_comments_list '><span class='hr-inner ' ><span class='hr-inner-style'><\/span><\/span><\/div>\n<div  class='av-buildercomment  av-blog-meta-html-info-disabled av-blog-meta-tag-disabled  '><\/div>\n","protected":false},"excerpt":{"rendered":"","protected":false},"author":1,"featured_media":10335,"comment_status":"open","ping_status":"open","sticky":false,"template":"","format":"standard","meta":{"footnotes":""},"categories":[35],"tags":[],"class_list":["post-10334","post","type-post","status-publish","format-standard","has-post-thumbnail","hentry","category-politica"],"jetpack_featured_media_url":"https:\/\/radiorevelacionfm.cl\/wp-content\/uploads\/2021\/11\/SENADORES-SANDOVAL-Y-ORDENES1-1-1.jpg","_links":{"self":[{"href":"https:\/\/radiorevelacionfm.cl\/index.php?rest_route=\/wp\/v2\/posts\/10334","targetHints":{"allow":["GET"]}}],"collection":[{"href":"https:\/\/radiorevelacionfm.cl\/index.php?rest_route=\/wp\/v2\/posts"}],"about":[{"href":"https:\/\/radiorevelacionfm.cl\/index.php?rest_route=\/wp\/v2\/types\/post"}],"author":[{"embeddable":true,"href":"https:\/\/radiorevelacionfm.cl\/index.php?rest_route=\/wp\/v2\/users\/1"}],"replies":[{"embeddable":true,"href":"https:\/\/radiorevelacionfm.cl\/index.php?rest_route=%2Fwp%2Fv2%2Fcomments&post=10334"}],"version-history":[{"count":2,"href":"https:\/\/radiorevelacionfm.cl\/index.php?rest_route=\/wp\/v2\/posts\/10334\/revisions"}],"predecessor-version":[{"id":10337,"href":"https:\/\/radiorevelacionfm.cl\/index.php?rest_route=\/wp\/v2\/posts\/10334\/revisions\/10337"}],"wp:featuredmedia":[{"embeddable":true,"href":"https:\/\/radiorevelacionfm.cl\/index.php?rest_route=\/wp\/v2\/media\/10335"}],"wp:attachment":[{"href":"https:\/\/radiorevelacionfm.cl\/index.php?rest_route=%2Fwp%2Fv2%2Fmedia&parent=10334"}],"wp:term":[{"taxonomy":"category","embeddable":true,"href":"https:\/\/radiorevelacionfm.cl\/index.php?rest_route=%2Fwp%2Fv2%2Fcategories&post=10334"},{"taxonomy":"post_tag","embeddable":true,"href":"https:\/\/radiorevelacionfm.cl\/index.php?rest_route=%2Fwp%2Fv2%2Ftags&post=10334"}],"curies":[{"name":"wp","href":"https:\/\/api.w.org\/{rel}","templated":true}]}}