{"id":10326,"date":"2021-11-04T09:56:37","date_gmt":"2021-11-04T12:56:37","guid":{"rendered":"https:\/\/radiorevelacionfm.cl\/?p=10326"},"modified":"2021-11-04T09:56:37","modified_gmt":"2021-11-04T12:56:37","slug":"vialidad-refuerza-equipos-maquinarias-y-trabajos-de-conservacion-vial-en-diversas-rutas-de-la-region-de-aysen","status":"publish","type":"post","link":"https:\/\/radiorevelacionfm.cl\/?p=10326","title":{"rendered":"Vialidad refuerza equipos, maquinarias y trabajos de conservaci\u00f3n vial en diversas rutas de la regi\u00f3n de Ays\u00e9n"},"content":{"rendered":"<div class=\"flex_column av_one_full  flex_column_div av-zero-column-padding first  avia-builder-el-0  el_before_av_one_full  avia-builder-el-first  \" style='border-radius:0px; '><div  class='avia-image-container  av-styling-    avia-builder-el-1  avia-builder-el-no-sibling  avia-align-center '  itemprop=\"image\" itemscope=\"itemscope\" itemtype=\"https:\/\/schema.org\/ImageObject\"  ><div class='avia-image-container-inner'><div class='avia-image-overlay-wrap'><img decoding=\"async\" class='wp-image-10327 avia-img-lazy-loading-not-10327 avia_image' src=\"https:\/\/radiorevelacionfm.cl\/wp-content\/uploads\/2021\/11\/IMG_Rutas1i-1-1.jpg\" alt='' title='IMG_Rutas1i (1) (1)' height=\"600\" width=\"851\"  itemprop=\"thumbnailUrl\" srcset=\"https:\/\/radiorevelacionfm.cl\/wp-content\/uploads\/2021\/11\/IMG_Rutas1i-1-1.jpg 851w, https:\/\/radiorevelacionfm.cl\/wp-content\/uploads\/2021\/11\/IMG_Rutas1i-1-1-300x212.jpg 300w, https:\/\/radiorevelacionfm.cl\/wp-content\/uploads\/2021\/11\/IMG_Rutas1i-1-1-768x541.jpg 768w, https:\/\/radiorevelacionfm.cl\/wp-content\/uploads\/2021\/11\/IMG_Rutas1i-1-1-705x497.jpg 705w, https:\/\/radiorevelacionfm.cl\/wp-content\/uploads\/2021\/11\/IMG_Rutas1i-1-1-600x423.jpg 600w\" sizes=\"(max-width: 851px) 100vw, 851px\" \/><\/div><\/div><\/div><\/div><div class=\"flex_column av_one_full  flex_column_div av-zero-column-padding first  avia-builder-el-2  el_after_av_one_full  el_before_av_one_full  column-top-margin\" style='border-radius:0px; '><section class=\"av_textblock_section \"  itemscope=\"itemscope\" itemtype=\"https:\/\/schema.org\/BlogPosting\" itemprop=\"blogPost\" ><div class='avia_textblock  '   itemprop=\"text\" ><p style=\"text-align: center;\"><span style=\"font-size: 18pt;\"><strong>Vialidad refuerza equipos, maquinarias y trabajos de conservaci\u00f3n vial en diversas rutas de la regi\u00f3n de Ays\u00e9n<\/strong><\/span><\/p>\n<div id=\"gtx-trans\" style=\"position: absolute; left: -50px; top: 4.31534px;\">\n<div class=\"gtx-trans-icon\"><\/div>\n<\/div>\n<\/div><\/section><\/div><div class=\"flex_column av_one_full  flex_column_div av-zero-column-padding first  avia-builder-el-4  el_after_av_one_full  el_before_av_hr  column-top-margin\" style='border-radius:0px; '><section class=\"av_textblock_section \"  itemscope=\"itemscope\" itemtype=\"https:\/\/schema.org\/BlogPosting\" itemprop=\"blogPost\" ><div class='avia_textblock  '   itemprop=\"text\" ><p style=\"text-align: justify;\">El Director Regional de Vialidad del Ministerio de Obras P\u00fablicas Jaime Alarc\u00f3n dio a conocer una actualizaci\u00f3n de los trabajos que se est\u00e1n llevando a efecto en diversos sectores de la regi\u00f3n de Ays\u00e9n, con el objetivo de dar continuidad al trabajo permanente que realizan en materia de conservaci\u00f3n semanal de los caminos y reforzar estas labores con m\u00e1s equipos, maquinarias y trabajos en los sectores que han sido afectados por el \u00faltimo frente clim\u00e1tico ocurrido en la regi\u00f3n de Ays\u00e9n.<\/p>\n<p style=\"text-align: justify;\">Consultado por estas labores, Jaime Alarc\u00f3n afirm\u00f3: \u201cHoy seguimos trabajando en el km 794 de la ruta 7 Sur, a la altura del cruce a Bah\u00eda Murta en donde tuvimos una remoci\u00f3n en masa de gran volumen, para mejorar las condiciones de conectividad del sector. Continuamos regulando el tr\u00e1nsito con paleteros en ese lugar, se mantiene la Ruta abierta con luz d\u00eda como medida de seguridad para nuestros usuarios y para nuestro personal, en horario de 08:00 a 20:00 horas y en Cerro Castillo cerramos la Ruta a las 18:00 horas, y en los pr\u00f3ximos d\u00edas tendremos la evaluaci\u00f3n definitiva de los trabajos que hay que realizar para poder restituir el estado original de esta Ruta\u201d.<\/p>\n<p style=\"text-align: justify;\">Con relaci\u00f3n a otros frentes de trabajo, el Director Regional de Vialidad indic\u00f3 que \u201cse est\u00e1 trabajando en la conservaci\u00f3n de la Ruta 7 Sur y en la Ruta 265 CH que une Chile Chico y Guadal, y en ese tramo tenemos tres motoniveladoras trabajando en reperfilado simple y con compactaci\u00f3n; tambi\u00e9n tenemos maquinaria en el tramo desde Murta a Cerro Castillo y desde Murta a Puerto R\u00edo Tranquilo, y desde Puerto R\u00edo Tranquilo hacia el sector El Mait\u00e9n con distintos equipos para realizar las conservaciones correspondientes y mejorar las condiciones de los caminos, lo que continuaremos realizando en forma permanente en toda la red vial regional, la que abarca m\u00e1s de 3.500 kil\u00f3metros\u201d.<\/p>\n<\/div><\/section><\/div><div  style='height:50px' class='hr hr-invisible   avia-builder-el-6  el_after_av_one_full  el_before_av_social_share '><span class='hr-inner ' ><span class='hr-inner-style'><\/span><\/span><\/div><\/p>\n<div  class='av-social-sharing-box  avia-builder-el-7  el_after_av_hr  el_before_av_hr  '><div class='av-share-box'><h5 class='av-share-link-description av-no-toc '>Compartir esta noticia<\/h5><ul class='av-share-box-list noLightbox'><li class='av-share-link av-social-link-facebook' ><a target=\"_blank\" aria-label=\"Compartir en Facebook\" href='https:\/\/www.facebook.com\/sharer.php?u=https:\/\/radiorevelacionfm.cl\/?p=10326&#038;t=Vialidad%20refuerza%20equipos%2C%20maquinarias%20y%20trabajos%20de%20conservaci%C3%B3n%20vial%20en%20diversas%20rutas%20de%20la%20regi%C3%B3n%20de%20Ays%C3%A9n' aria-hidden='false' data-av_icon='\ue8f3' data-av_iconfont='entypo-fontello' title='' data-avia-related-tooltip='Compartir en Facebook' rel=\"noopener\"><span class='avia_hidden_link_text'>Compartir en Facebook<\/span><\/a><\/li><li class='av-share-link av-social-link-twitter' ><a target=\"_blank\" aria-label=\"Compartir en Twitter\" href='https:\/\/twitter.com\/share?text=Vialidad%20refuerza%20equipos%2C%20maquinarias%20y%20trabajos%20de%20conservaci%C3%B3n%20vial%20en%20diversas%20rutas%20de%20la%20regi%C3%B3n%20de%20Ays%C3%A9n&#038;url=https:\/\/radiorevelacionfm.cl\/?p=10326' aria-hidden='false' data-av_icon='\ue8f1' data-av_iconfont='entypo-fontello' title='' data-avia-related-tooltip='Compartir en Twitter' rel=\"noopener\"><span class='avia_hidden_link_text'>Compartir en Twitter<\/span><\/a><\/li><li class='av-share-link av-social-link-whatsapp' ><a target=\"_blank\" aria-label=\"Compartir en Whatsapp\" href='https:\/\/api.whatsapp.com\/send?text=https:\/\/radiorevelacionfm.cl\/?p=10326' aria-hidden='false' data-av_icon='\uf232' data-av_iconfont='entypo-fontello' title='' data-avia-related-tooltip='Compartir en Whatsapp' rel=\"noopener\"><span class='avia_hidden_link_text'>Compartir en Whatsapp<\/span><\/a><\/li><li class='av-share-link av-social-link-linkedin' ><a target=\"_blank\" aria-label=\"Compartir en LinkedIn\" href='https:\/\/linkedin.com\/shareArticle?mini=true&#038;title=Vialidad%20refuerza%20equipos%2C%20maquinarias%20y%20trabajos%20de%20conservaci%C3%B3n%20vial%20en%20diversas%20rutas%20de%20la%20regi%C3%B3n%20de%20Ays%C3%A9n&#038;url=https:\/\/radiorevelacionfm.cl\/?p=10326' aria-hidden='false' data-av_icon='\ue8fc' data-av_iconfont='entypo-fontello' title='' data-avia-related-tooltip='Compartir en LinkedIn' rel=\"noopener\"><span class='avia_hidden_link_text'>Compartir en LinkedIn<\/span><\/a><\/li><li class='av-share-link av-social-link-mail' ><a  aria-label=\"Compartir por correo\" href='mailto:?subject=Vialidad%20refuerza%20equipos%2C%20maquinarias%20y%20trabajos%20de%20conservaci%C3%B3n%20vial%20en%20diversas%20rutas%20de%20la%20regi%C3%B3n%20de%20Ays%C3%A9n&#038;body=https:\/\/radiorevelacionfm.cl\/?p=10326' aria-hidden='false' data-av_icon='\ue805' data-av_iconfont='entypo-fontello' title='' data-avia-related-tooltip='Compartir por correo'><span class='avia_hidden_link_text'>Compartir por correo<\/span><\/a><\/li><\/ul><\/div><\/div>\n<div  style='height:50px' class='hr hr-invisible   avia-builder-el-8  el_after_av_social_share  el_before_av_comments_list '><span class='hr-inner ' ><span class='hr-inner-style'><\/span><\/span><\/div>\n<div  class='av-buildercomment  av-blog-meta-html-info-disabled av-blog-meta-tag-disabled  '><\/div>\n","protected":false},"excerpt":{"rendered":"","protected":false},"author":1,"featured_media":10327,"comment_status":"open","ping_status":"open","sticky":false,"template":"","format":"standard","meta":{"footnotes":""},"categories":[38],"tags":[],"class_list":["post-10326","post","type-post","status-publish","format-standard","has-post-thumbnail","hentry","category-regional"],"jetpack_featured_media_url":"https:\/\/radiorevelacionfm.cl\/wp-content\/uploads\/2021\/11\/IMG_Rutas1i-1-1.jpg","_links":{"self":[{"href":"https:\/\/radiorevelacionfm.cl\/index.php?rest_route=\/wp\/v2\/posts\/10326","targetHints":{"allow":["GET"]}}],"collection":[{"href":"https:\/\/radiorevelacionfm.cl\/index.php?rest_route=\/wp\/v2\/posts"}],"about":[{"href":"https:\/\/radiorevelacionfm.cl\/index.php?rest_route=\/wp\/v2\/types\/post"}],"author":[{"embeddable":true,"href":"https:\/\/radiorevelacionfm.cl\/index.php?rest_route=\/wp\/v2\/users\/1"}],"replies":[{"embeddable":true,"href":"https:\/\/radiorevelacionfm.cl\/index.php?rest_route=%2Fwp%2Fv2%2Fcomments&post=10326"}],"version-history":[{"count":2,"href":"https:\/\/radiorevelacionfm.cl\/index.php?rest_route=\/wp\/v2\/posts\/10326\/revisions"}],"predecessor-version":[{"id":10329,"href":"https:\/\/radiorevelacionfm.cl\/index.php?rest_route=\/wp\/v2\/posts\/10326\/revisions\/10329"}],"wp:featuredmedia":[{"embeddable":true,"href":"https:\/\/radiorevelacionfm.cl\/index.php?rest_route=\/wp\/v2\/media\/10327"}],"wp:attachment":[{"href":"https:\/\/radiorevelacionfm.cl\/index.php?rest_route=%2Fwp%2Fv2%2Fmedia&parent=10326"}],"wp:term":[{"taxonomy":"category","embeddable":true,"href":"https:\/\/radiorevelacionfm.cl\/index.php?rest_route=%2Fwp%2Fv2%2Fcategories&post=10326"},{"taxonomy":"post_tag","embeddable":true,"href":"https:\/\/radiorevelacionfm.cl\/index.php?rest_route=%2Fwp%2Fv2%2Ftags&post=10326"}],"curies":[{"name":"wp","href":"https:\/\/api.w.org\/{rel}","templated":true}]}}