{"id":10322,"date":"2021-11-03T22:08:01","date_gmt":"2021-11-04T01:08:01","guid":{"rendered":"https:\/\/radiorevelacionfm.cl\/?p=10322"},"modified":"2021-11-03T22:08:01","modified_gmt":"2021-11-04T01:08:01","slug":"casos-covid-se-duplican-en-lapso-de-una-semana-en-la-region-de-aysen","status":"publish","type":"post","link":"https:\/\/radiorevelacionfm.cl\/?p=10322","title":{"rendered":"Casos COVID+ se duplican en lapso de una semana en la regi\u00f3n de Ays\u00e9n"},"content":{"rendered":"<div class=\"flex_column av_one_full  flex_column_div av-zero-column-padding first  avia-builder-el-0  el_before_av_one_full  avia-builder-el-first  \" style='border-radius:0px; '><div  class='avia-image-container  av-styling-    avia-builder-el-1  avia-builder-el-no-sibling  avia-align-center '  itemprop=\"image\" itemscope=\"itemscope\" itemtype=\"https:\/\/schema.org\/ImageObject\"  ><div class='avia-image-container-inner'><div class='avia-image-overlay-wrap'><img decoding=\"async\" class='wp-image-4399 avia-img-lazy-loading-not-4399 avia_image' src=\"https:\/\/radiorevelacionfm.cl\/wp-content\/uploads\/2021\/05\/UCI-Hospital-Coyhaique-1.jpg\" alt='' title='UCI Hospital Coyhaique-1' height=\"600\" width=\"900\"  itemprop=\"thumbnailUrl\" srcset=\"https:\/\/radiorevelacionfm.cl\/wp-content\/uploads\/2021\/05\/UCI-Hospital-Coyhaique-1.jpg 900w, https:\/\/radiorevelacionfm.cl\/wp-content\/uploads\/2021\/05\/UCI-Hospital-Coyhaique-1-300x200.jpg 300w, https:\/\/radiorevelacionfm.cl\/wp-content\/uploads\/2021\/05\/UCI-Hospital-Coyhaique-1-768x512.jpg 768w, https:\/\/radiorevelacionfm.cl\/wp-content\/uploads\/2021\/05\/UCI-Hospital-Coyhaique-1-705x470.jpg 705w, https:\/\/radiorevelacionfm.cl\/wp-content\/uploads\/2021\/05\/UCI-Hospital-Coyhaique-1-600x400.jpg 600w\" sizes=\"(max-width: 900px) 100vw, 900px\" \/><\/div><\/div><\/div><\/div><div class=\"flex_column av_one_full  flex_column_div av-zero-column-padding first  avia-builder-el-2  el_after_av_one_full  el_before_av_one_full  column-top-margin\" style='border-radius:0px; '><section class=\"av_textblock_section \"  itemscope=\"itemscope\" itemtype=\"https:\/\/schema.org\/BlogPosting\" itemprop=\"blogPost\" ><div class='avia_textblock  '   itemprop=\"text\" ><p style=\"text-align: center;\"><span style=\"font-size: 18pt;\"><strong>Casos COVID+ se duplican en lapso de una semana en la regi\u00f3n de Ays\u00e9n\u00a0<\/strong><\/span><\/p>\n<div id=\"gtx-trans\" style=\"position: absolute; left: -50px; top: 4.31534px;\">\n<div class=\"gtx-trans-icon\"><\/div>\n<\/div>\n<\/div><\/section><\/div><div class=\"flex_column av_one_full  flex_column_div av-zero-column-padding first  avia-builder-el-4  el_after_av_one_full  el_before_av_hr  column-top-margin\" style='border-radius:0px; '><section class=\"av_textblock_section \"  itemscope=\"itemscope\" itemtype=\"https:\/\/schema.org\/BlogPosting\" itemprop=\"blogPost\" ><div class='avia_textblock  '   itemprop=\"text\" ><p style=\"text-align: justify;\">En el transcurso de los \u00faltimos d\u00edas, la regi\u00f3n de Ays\u00e9n ha presentado un aumento de casos por COVID-19, donde en el transcurso de una semana los casos por esta enfermedad se han duplicado; generando incluso la hospitalizaci\u00f3n de pacientes y su traslado a otros centros de salud del pa\u00eds, tal como ocurri\u00f3 este martes con la derivaci\u00f3n de un paciente a la d\u00e9cima regi\u00f3n, quien pese a mantenerse estable, contin\u00faa conectado a ventilaci\u00f3n mec\u00e1nica invasiva.<\/p>\n<p style=\"text-align: justify;\">Frente a esta situaci\u00f3n, la Seremi de Salud (s), Gloria Beecher, hizo un llamado a la comunidad para que refuerce las medidas de autocuidado frente al COVID-19.\u00a0 \u201cHemos avanzado en la cobertura de vacunaci\u00f3n por COVID-19, sin embargo esto no implica que debamos bajar la guardia con los resguardos sanitarios a nivel individual y colectivo, prueba de ello es que en el lapso de una semana pasamos de 58 a 123 casos activos, adem\u00e1s a trav\u00e9s del Servicio de Salud Ays\u00e9n se gestion\u00f3 en las \u00faltimas horas el traslado de un paciente a Puerto Montt. Es por eso que debemos seguir manteniendo las medidas b\u00e1sicas de autocuidado, como el lavado frecuente de manos y el uso de la mascarilla, adem\u00e1s de cumplir con los esquemas de vacunaci\u00f3n y la consulta oportuna a los centros de salud frente a cualquier tipo de s\u00edntoma asociado a COVID-19, porque as\u00ed no solo estamos cuidando a nuestras familias, sino que a toda nuestra comunidad\u201d.<\/p>\n<p style=\"text-align: justify;\">Cabe se\u00f1alar que durante este mi\u00e9rcoles, se dieron a conocer 18 nuevos casos por COVID-19, los cuales se concentran en las comunas de Coyhaique y Ays\u00e9n, por lo que se hace necesario que la comunidad colabore aplicando las medidas de autocuidado, con el objeto de que en los pr\u00f3ximos d\u00edas se pueda percibir una disminuci\u00f3n de casos y una mayor desocupaci\u00f3n de camas cr\u00edticas en el Hospital Regional Coyhaique.<\/p>\n<p style=\"text-align: justify;\">Asimismo, los equipos de salud contin\u00faan trabajando en la B\u00fasqueda Activa de Casos a trav\u00e9s de la toma de PCR para personas asintom\u00e1ticas, ex\u00e1menes que son de car\u00e1cter gratuito y que solo requieren que la persona presente su c\u00e9dula de identidad, y que en el caso de menores de edad, sean acompa\u00f1ados por un adulto.<\/p>\n<\/div><\/section><\/div><div  style='height:50px' class='hr hr-invisible   avia-builder-el-6  el_after_av_one_full  el_before_av_social_share '><span class='hr-inner ' ><span class='hr-inner-style'><\/span><\/span><\/div><\/p>\n<div  class='av-social-sharing-box  avia-builder-el-7  el_after_av_hr  el_before_av_hr  '><div class='av-share-box'><h5 class='av-share-link-description av-no-toc '>Compartir esta noticia<\/h5><ul class='av-share-box-list noLightbox'><li class='av-share-link av-social-link-facebook' ><a target=\"_blank\" aria-label=\"Compartir en Facebook\" href='https:\/\/www.facebook.com\/sharer.php?u=https:\/\/radiorevelacionfm.cl\/?p=10322&#038;t=Casos%20COVID%2B%20se%20duplican%20en%20lapso%20de%20una%20semana%20en%20la%20regi%C3%B3n%20de%20Ays%C3%A9n' aria-hidden='false' data-av_icon='\ue8f3' data-av_iconfont='entypo-fontello' title='' data-avia-related-tooltip='Compartir en Facebook' rel=\"noopener\"><span class='avia_hidden_link_text'>Compartir en Facebook<\/span><\/a><\/li><li class='av-share-link av-social-link-twitter' ><a target=\"_blank\" aria-label=\"Compartir en Twitter\" href='https:\/\/twitter.com\/share?text=Casos%20COVID%2B%20se%20duplican%20en%20lapso%20de%20una%20semana%20en%20la%20regi%C3%B3n%20de%20Ays%C3%A9n&#038;url=https:\/\/radiorevelacionfm.cl\/?p=10322' aria-hidden='false' data-av_icon='\ue8f1' data-av_iconfont='entypo-fontello' title='' data-avia-related-tooltip='Compartir en Twitter' rel=\"noopener\"><span class='avia_hidden_link_text'>Compartir en Twitter<\/span><\/a><\/li><li class='av-share-link av-social-link-whatsapp' ><a target=\"_blank\" aria-label=\"Compartir en Whatsapp\" href='https:\/\/api.whatsapp.com\/send?text=https:\/\/radiorevelacionfm.cl\/?p=10322' aria-hidden='false' data-av_icon='\uf232' data-av_iconfont='entypo-fontello' title='' data-avia-related-tooltip='Compartir en Whatsapp' rel=\"noopener\"><span class='avia_hidden_link_text'>Compartir en Whatsapp<\/span><\/a><\/li><li class='av-share-link av-social-link-linkedin' ><a target=\"_blank\" aria-label=\"Compartir en LinkedIn\" href='https:\/\/linkedin.com\/shareArticle?mini=true&#038;title=Casos%20COVID%2B%20se%20duplican%20en%20lapso%20de%20una%20semana%20en%20la%20regi%C3%B3n%20de%20Ays%C3%A9n&#038;url=https:\/\/radiorevelacionfm.cl\/?p=10322' aria-hidden='false' data-av_icon='\ue8fc' data-av_iconfont='entypo-fontello' title='' data-avia-related-tooltip='Compartir en LinkedIn' rel=\"noopener\"><span class='avia_hidden_link_text'>Compartir en LinkedIn<\/span><\/a><\/li><li class='av-share-link av-social-link-mail' ><a  aria-label=\"Compartir por correo\" href='mailto:?subject=Casos%20COVID%2B%20se%20duplican%20en%20lapso%20de%20una%20semana%20en%20la%20regi%C3%B3n%20de%20Ays%C3%A9n&#038;body=https:\/\/radiorevelacionfm.cl\/?p=10322' aria-hidden='false' data-av_icon='\ue805' data-av_iconfont='entypo-fontello' title='' data-avia-related-tooltip='Compartir por correo'><span class='avia_hidden_link_text'>Compartir por correo<\/span><\/a><\/li><\/ul><\/div><\/div>\n<div  style='height:50px' class='hr hr-invisible   avia-builder-el-8  el_after_av_social_share  el_before_av_comments_list '><span class='hr-inner ' ><span class='hr-inner-style'><\/span><\/span><\/div>\n<div  class='av-buildercomment  av-blog-meta-html-info-disabled av-blog-meta-tag-disabled  '><\/div>\n","protected":false},"excerpt":{"rendered":"","protected":false},"author":1,"featured_media":4399,"comment_status":"open","ping_status":"open","sticky":false,"template":"","format":"standard","meta":{"footnotes":""},"categories":[46],"tags":[],"class_list":["post-10322","post","type-post","status-publish","format-standard","has-post-thumbnail","hentry","category-salud"],"jetpack_featured_media_url":"https:\/\/radiorevelacionfm.cl\/wp-content\/uploads\/2021\/05\/UCI-Hospital-Coyhaique-1.jpg","_links":{"self":[{"href":"https:\/\/radiorevelacionfm.cl\/index.php?rest_route=\/wp\/v2\/posts\/10322","targetHints":{"allow":["GET"]}}],"collection":[{"href":"https:\/\/radiorevelacionfm.cl\/index.php?rest_route=\/wp\/v2\/posts"}],"about":[{"href":"https:\/\/radiorevelacionfm.cl\/index.php?rest_route=\/wp\/v2\/types\/post"}],"author":[{"embeddable":true,"href":"https:\/\/radiorevelacionfm.cl\/index.php?rest_route=\/wp\/v2\/users\/1"}],"replies":[{"embeddable":true,"href":"https:\/\/radiorevelacionfm.cl\/index.php?rest_route=%2Fwp%2Fv2%2Fcomments&post=10322"}],"version-history":[{"count":2,"href":"https:\/\/radiorevelacionfm.cl\/index.php?rest_route=\/wp\/v2\/posts\/10322\/revisions"}],"predecessor-version":[{"id":10324,"href":"https:\/\/radiorevelacionfm.cl\/index.php?rest_route=\/wp\/v2\/posts\/10322\/revisions\/10324"}],"wp:featuredmedia":[{"embeddable":true,"href":"https:\/\/radiorevelacionfm.cl\/index.php?rest_route=\/wp\/v2\/media\/4399"}],"wp:attachment":[{"href":"https:\/\/radiorevelacionfm.cl\/index.php?rest_route=%2Fwp%2Fv2%2Fmedia&parent=10322"}],"wp:term":[{"taxonomy":"category","embeddable":true,"href":"https:\/\/radiorevelacionfm.cl\/index.php?rest_route=%2Fwp%2Fv2%2Fcategories&post=10322"},{"taxonomy":"post_tag","embeddable":true,"href":"https:\/\/radiorevelacionfm.cl\/index.php?rest_route=%2Fwp%2Fv2%2Ftags&post=10322"}],"curies":[{"name":"wp","href":"https:\/\/api.w.org\/{rel}","templated":true}]}}