{"id":10318,"date":"2021-11-04T10:54:55","date_gmt":"2021-11-04T13:54:55","guid":{"rendered":"https:\/\/radiorevelacionfm.cl\/?p=10318"},"modified":"2021-11-04T10:54:55","modified_gmt":"2021-11-04T13:54:55","slug":"la-necesidad-de-avanzar-en-la-dosis-de-refuerzo-contra-el-covid-19","status":"publish","type":"post","link":"https:\/\/radiorevelacionfm.cl\/?p=10318","title":{"rendered":"La necesidad de avanzar en la Dosis de Refuerzo contra el Covid-19"},"content":{"rendered":"<div class=\"flex_column av_one_full  flex_column_div av-zero-column-padding first  avia-builder-el-0  el_before_av_one_full  avia-builder-el-first  \" style='border-radius:0px; '><div  class='avia-image-container  av-styling-    avia-builder-el-1  avia-builder-el-no-sibling  avia-align-center '  itemprop=\"image\" itemscope=\"itemscope\" itemtype=\"https:\/\/schema.org\/ImageObject\"  ><div class='avia-image-container-inner'><div class='avia-image-overlay-wrap'><img decoding=\"async\" class='wp-image-10320 avia-img-lazy-loading-not-10320 avia_image' src=\"https:\/\/radiorevelacionfm.cl\/wp-content\/uploads\/2021\/11\/Post_SSA-2-1-1.jpg\" alt='' title='Post_SSA (2) (1) (1)' height=\"600\" width=\"923\"  itemprop=\"thumbnailUrl\" srcset=\"https:\/\/radiorevelacionfm.cl\/wp-content\/uploads\/2021\/11\/Post_SSA-2-1-1.jpg 923w, https:\/\/radiorevelacionfm.cl\/wp-content\/uploads\/2021\/11\/Post_SSA-2-1-1-300x195.jpg 300w, https:\/\/radiorevelacionfm.cl\/wp-content\/uploads\/2021\/11\/Post_SSA-2-1-1-768x499.jpg 768w, https:\/\/radiorevelacionfm.cl\/wp-content\/uploads\/2021\/11\/Post_SSA-2-1-1-705x458.jpg 705w, https:\/\/radiorevelacionfm.cl\/wp-content\/uploads\/2021\/11\/Post_SSA-2-1-1-600x390.jpg 600w\" sizes=\"(max-width: 923px) 100vw, 923px\" \/><\/div><\/div><\/div><\/div><div class=\"flex_column av_one_full  flex_column_div av-zero-column-padding first  avia-builder-el-2  el_after_av_one_full  el_before_av_one_full  column-top-margin\" style='border-radius:0px; '><section class=\"av_textblock_section \"  itemscope=\"itemscope\" itemtype=\"https:\/\/schema.org\/BlogPosting\" itemprop=\"blogPost\" ><div class='avia_textblock  '   itemprop=\"text\" ><p style=\"text-align: center;\"><span style=\"font-size: 18pt;\"><strong>La necesidad de avanzar en la Dosis de Refuerzo contra el Covid-19<\/strong><\/span><\/p>\n<div id=\"gtx-trans\" style=\"position: absolute; left: -50px; top: 4.31534px;\">\n<div class=\"gtx-trans-icon\"><\/div>\n<\/div>\n<\/div><\/section><\/div><div class=\"flex_column av_one_full  flex_column_div av-zero-column-padding first  avia-builder-el-4  el_after_av_one_full  el_before_av_hr  column-top-margin\" style='border-radius:0px; '><section class=\"av_textblock_section \"  itemscope=\"itemscope\" itemtype=\"https:\/\/schema.org\/BlogPosting\" itemprop=\"blogPost\" ><div class='avia_textblock  '   itemprop=\"text\" ><p style=\"text-align: justify;\">Hace ya 10 meses que comenz\u00f3 el proceso de vacunaci\u00f3n masiva en la comunidad, trabajo extenso y de largo aliento que ha supuesto un importante n\u00famero de desaf\u00edos, cambios y metas a los que se ha tenido que enfrentar el equipo del Programa Nacional de Inmunizaciones de nuestra regi\u00f3n, con exigencias que no ceden por parte de las autoridades nacionales y que han convertido a nuestros m\u00e9dicos, enfermeros, t\u00e9cnicos de enfermer\u00eda, auxiliares, administrativos, en definitiva a todo el personal de salud de la Red Asistencial Regional en actores fundamentales para el control de esta pandemia.<\/p>\n<p style=\"text-align: justify;\">Es as\u00ed que en la Regi\u00f3n de Ays\u00e9n se ha logrado inmunizar a m\u00e1s de 80.000 personas mayores de 18 a\u00f1os, lo que quiere decir que el 100% de nuestra poblaci\u00f3n objetivo de este rango et\u00e1reo se encuentra con su esquema completo contra SARS-COV-2. Mientras, seguimos con la campa\u00f1a de vacunaci\u00f3n escolar (menores de edad de 6 a 17 a\u00f1os) quienes a\u00fan se encuentran en proceso de completar sus esquemas correspondientes, estrategias que se est\u00e1n llevando a cabo en los distintos establecimientos educacionales de la regi\u00f3n como en los diversos puntos de vacunaci\u00f3n disponibles para la poblaci\u00f3n.<\/p>\n<p style=\"text-align: justify;\">Punto aparte ha sido tambi\u00e9n el trabajo mancomunado que hemos realizado con el intersector, p\u00fablico y privado, que ha permitido que en nuestra extensa Red Asistencial Regional la campa\u00f1a de vacunaci\u00f3n sea una realidad, con la generaci\u00f3n de un c\u00edrculo virtuoso, en la que la comunidad ha sabido ver que hay un trabajo de solidaridad, con una visi\u00f3n sistem\u00e1tica y de equidad, bien coordinada con el objetivo de alcanzar los cambios necesarios en favor de la salud de la poblaci\u00f3n regional.<\/p>\n<p style=\"text-align: justify;\">Estos procesos han permitido resultados bien encaminados y con los resultados esperados, pero estamos en deuda, y debemos enfocarnos actualmente en la dosis de refuerzo, etapa que se est\u00e1 ejecutando desde agosto de este a\u00f1o, y en la actualidad est\u00e1 a\u00fan baja con una cobertura del 36,67 % del total de vacunados con esquema completo en mayores de 18 a\u00f1os.<\/p>\n<p style=\"text-align: justify;\">Y es ah\u00ed donde debemos seguir avanzando y enfocarnos en ser claros con la comunidad en el mensaje que la dosis de refuerzo es muy importante.<\/p>\n<p style=\"text-align: justify;\">En efecto, en estudio recientemente publicado por parte del Minsal se logr\u00f3 determinar la importancia de la dosis de refuerzo, ya que su eficiencia permite extender en el tiempo los anticuerpos y alargar la protecci\u00f3n en la poblaci\u00f3n m\u00e1s vulnerable a enfermar por COVID-19, presentar sintomatolog\u00eda grave y los riesgos de hospitalizaci\u00f3n, que son nuestros adultos mayores y los enfermos cr\u00f3nicos.<\/p>\n<p style=\"text-align: justify;\">Adem\u00e1s, desde el 01 de diciembre ser\u00e1 necesario contar con la dosis de refuerzo para los mayores de 55 a\u00f1os y as\u00ed poder contar con su pase de movilidad habilitado.<\/p>\n<p style=\"text-align: justify;\">El llamado es a invitar y motivar a nuestra poblaci\u00f3n aysenina a vacunarse a tiempo y a prevenir el aumento de casos por COVID-19 que tanto cost\u00f3 controlar en la regi\u00f3n y que en los \u00faltimos d\u00edas ha vuelto a registrar el alza de casos positivos y tambi\u00e9n de hospitalizaciones en el Hospital Regional Coyhaique.<\/p>\n<p style=\"text-align: justify;\">No es momento de descuidarnos, exponemos a nuestros seres queridos y a nuestro entorno. Como Red Asistencial realizamos esfuerzos sobrehumanos para mantener los puntos de vacunaci\u00f3n y organizar nuevas estrategias en beneficio de la comunidad.<\/p>\n<p style=\"text-align: justify;\">Los calendarios e informaci\u00f3n con respecto a la vacunaci\u00f3n semanal y b\u00fasqueda activa de casos en la comunidad la pueden encontrar en las redes sociales del Servicio de Salud y Seremi de Salud Ays\u00e9n como tambi\u00e9n poder consultar en los establecimientos de salud m\u00e1s cercanos.<\/p>\n<\/div><\/section><\/div><div  style='height:50px' class='hr hr-invisible   avia-builder-el-6  el_after_av_one_full  el_before_av_social_share '><span class='hr-inner ' ><span class='hr-inner-style'><\/span><\/span><\/div><\/p>\n<div  class='av-social-sharing-box  avia-builder-el-7  el_after_av_hr  el_before_av_hr  '><div class='av-share-box'><h5 class='av-share-link-description av-no-toc '>Compartir esta noticia<\/h5><ul class='av-share-box-list noLightbox'><li class='av-share-link av-social-link-facebook' ><a target=\"_blank\" aria-label=\"Compartir en Facebook\" href='https:\/\/www.facebook.com\/sharer.php?u=https:\/\/radiorevelacionfm.cl\/?p=10318&#038;t=La%20necesidad%20de%20avanzar%20en%20la%20Dosis%20de%20Refuerzo%20contra%20el%20Covid-19' aria-hidden='false' data-av_icon='\ue8f3' data-av_iconfont='entypo-fontello' title='' data-avia-related-tooltip='Compartir en Facebook' rel=\"noopener\"><span class='avia_hidden_link_text'>Compartir en Facebook<\/span><\/a><\/li><li class='av-share-link av-social-link-twitter' ><a target=\"_blank\" aria-label=\"Compartir en Twitter\" href='https:\/\/twitter.com\/share?text=La%20necesidad%20de%20avanzar%20en%20la%20Dosis%20de%20Refuerzo%20contra%20el%20Covid-19&#038;url=https:\/\/radiorevelacionfm.cl\/?p=10318' aria-hidden='false' data-av_icon='\ue8f1' data-av_iconfont='entypo-fontello' title='' data-avia-related-tooltip='Compartir en Twitter' rel=\"noopener\"><span class='avia_hidden_link_text'>Compartir en Twitter<\/span><\/a><\/li><li class='av-share-link av-social-link-whatsapp' ><a target=\"_blank\" aria-label=\"Compartir en Whatsapp\" href='https:\/\/api.whatsapp.com\/send?text=https:\/\/radiorevelacionfm.cl\/?p=10318' aria-hidden='false' data-av_icon='\uf232' data-av_iconfont='entypo-fontello' title='' data-avia-related-tooltip='Compartir en Whatsapp' rel=\"noopener\"><span class='avia_hidden_link_text'>Compartir en Whatsapp<\/span><\/a><\/li><li class='av-share-link av-social-link-linkedin' ><a target=\"_blank\" aria-label=\"Compartir en LinkedIn\" href='https:\/\/linkedin.com\/shareArticle?mini=true&#038;title=La%20necesidad%20de%20avanzar%20en%20la%20Dosis%20de%20Refuerzo%20contra%20el%20Covid-19&#038;url=https:\/\/radiorevelacionfm.cl\/?p=10318' aria-hidden='false' data-av_icon='\ue8fc' data-av_iconfont='entypo-fontello' title='' data-avia-related-tooltip='Compartir en LinkedIn' rel=\"noopener\"><span class='avia_hidden_link_text'>Compartir en LinkedIn<\/span><\/a><\/li><li class='av-share-link av-social-link-mail' ><a  aria-label=\"Compartir por correo\" href='mailto:?subject=La%20necesidad%20de%20avanzar%20en%20la%20Dosis%20de%20Refuerzo%20contra%20el%20Covid-19&#038;body=https:\/\/radiorevelacionfm.cl\/?p=10318' aria-hidden='false' data-av_icon='\ue805' data-av_iconfont='entypo-fontello' title='' data-avia-related-tooltip='Compartir por correo'><span class='avia_hidden_link_text'>Compartir por correo<\/span><\/a><\/li><\/ul><\/div><\/div>\n<div  style='height:50px' class='hr hr-invisible   avia-builder-el-8  el_after_av_social_share  el_before_av_comments_list '><span class='hr-inner ' ><span class='hr-inner-style'><\/span><\/span><\/div>\n<div  class='av-buildercomment  av-blog-meta-html-info-disabled av-blog-meta-tag-disabled  '><\/div>\n","protected":false},"excerpt":{"rendered":"","protected":false},"author":1,"featured_media":10320,"comment_status":"open","ping_status":"open","sticky":false,"template":"","format":"standard","meta":{"footnotes":""},"categories":[50],"tags":[],"class_list":["post-10318","post","type-post","status-publish","format-standard","has-post-thumbnail","hentry","category-cartas-y-opinion"],"jetpack_featured_media_url":"https:\/\/radiorevelacionfm.cl\/wp-content\/uploads\/2021\/11\/Post_SSA-2-1-1.jpg","_links":{"self":[{"href":"https:\/\/radiorevelacionfm.cl\/index.php?rest_route=\/wp\/v2\/posts\/10318","targetHints":{"allow":["GET"]}}],"collection":[{"href":"https:\/\/radiorevelacionfm.cl\/index.php?rest_route=\/wp\/v2\/posts"}],"about":[{"href":"https:\/\/radiorevelacionfm.cl\/index.php?rest_route=\/wp\/v2\/types\/post"}],"author":[{"embeddable":true,"href":"https:\/\/radiorevelacionfm.cl\/index.php?rest_route=\/wp\/v2\/users\/1"}],"replies":[{"embeddable":true,"href":"https:\/\/radiorevelacionfm.cl\/index.php?rest_route=%2Fwp%2Fv2%2Fcomments&post=10318"}],"version-history":[{"count":2,"href":"https:\/\/radiorevelacionfm.cl\/index.php?rest_route=\/wp\/v2\/posts\/10318\/revisions"}],"predecessor-version":[{"id":10333,"href":"https:\/\/radiorevelacionfm.cl\/index.php?rest_route=\/wp\/v2\/posts\/10318\/revisions\/10333"}],"wp:featuredmedia":[{"embeddable":true,"href":"https:\/\/radiorevelacionfm.cl\/index.php?rest_route=\/wp\/v2\/media\/10320"}],"wp:attachment":[{"href":"https:\/\/radiorevelacionfm.cl\/index.php?rest_route=%2Fwp%2Fv2%2Fmedia&parent=10318"}],"wp:term":[{"taxonomy":"category","embeddable":true,"href":"https:\/\/radiorevelacionfm.cl\/index.php?rest_route=%2Fwp%2Fv2%2Fcategories&post=10318"},{"taxonomy":"post_tag","embeddable":true,"href":"https:\/\/radiorevelacionfm.cl\/index.php?rest_route=%2Fwp%2Fv2%2Ftags&post=10318"}],"curies":[{"name":"wp","href":"https:\/\/api.w.org\/{rel}","templated":true}]}}