{"id":10232,"date":"2021-11-02T17:09:36","date_gmt":"2021-11-02T20:09:36","guid":{"rendered":"https:\/\/radiorevelacionfm.cl\/?p=10232"},"modified":"2021-11-02T17:09:36","modified_gmt":"2021-11-02T20:09:36","slug":"senadora-ordenes-y-falla-de-barcaza-las-autoridades-han-actuado-de-forma-irresponsable-bajandole-el-perfil-a-los-problemas-de-conectividad-en-chile-chico","status":"publish","type":"post","link":"https:\/\/radiorevelacionfm.cl\/?p=10232","title":{"rendered":"Senadora \u00d3rdenes y falla de barcaza: \u201cLas autoridades han actuado de forma irresponsable baj\u00e1ndole el perfil a los problemas de conectividad en Chile Chico\u201d"},"content":{"rendered":"<div class=\"flex_column av_one_full  flex_column_div av-zero-column-padding first  avia-builder-el-0  el_before_av_one_full  avia-builder-el-first  \" style='border-radius:0px; '><div  class='avia-image-container  av-styling-    avia-builder-el-1  avia-builder-el-no-sibling  avia-align-center '  itemprop=\"image\" itemscope=\"itemscope\" itemtype=\"https:\/\/schema.org\/ImageObject\"  ><div class='avia-image-container-inner'><div class='avia-image-overlay-wrap'><img decoding=\"async\" class='wp-image-10233 avia-img-lazy-loading-not-10233 avia_image' src=\"https:\/\/radiorevelacionfm.cl\/wp-content\/uploads\/2021\/11\/Senadora-Ordenes-2021-11-02-1-1.jpeg\" alt='' title='Senadora Ordenes 2021-11-02 (1) (1)' height=\"600\" width=\"899\"  itemprop=\"thumbnailUrl\" srcset=\"https:\/\/radiorevelacionfm.cl\/wp-content\/uploads\/2021\/11\/Senadora-Ordenes-2021-11-02-1-1.jpeg 899w, https:\/\/radiorevelacionfm.cl\/wp-content\/uploads\/2021\/11\/Senadora-Ordenes-2021-11-02-1-1-300x200.jpeg 300w, https:\/\/radiorevelacionfm.cl\/wp-content\/uploads\/2021\/11\/Senadora-Ordenes-2021-11-02-1-1-768x513.jpeg 768w, https:\/\/radiorevelacionfm.cl\/wp-content\/uploads\/2021\/11\/Senadora-Ordenes-2021-11-02-1-1-705x471.jpeg 705w, https:\/\/radiorevelacionfm.cl\/wp-content\/uploads\/2021\/11\/Senadora-Ordenes-2021-11-02-1-1-600x400.jpeg 600w\" sizes=\"(max-width: 899px) 100vw, 899px\" \/><\/div><\/div><\/div><\/div><div class=\"flex_column av_one_full  flex_column_div av-zero-column-padding first  avia-builder-el-2  el_after_av_one_full  el_before_av_one_full  column-top-margin\" style='border-radius:0px; '><section class=\"av_textblock_section \"  itemscope=\"itemscope\" itemtype=\"https:\/\/schema.org\/BlogPosting\" itemprop=\"blogPost\" ><div class='avia_textblock  '   itemprop=\"text\" ><p style=\"text-align: center;\"><span style=\"font-size: 18pt;\"><b><span lang=\"ES\">Senadora \u00d3rdenes y falla de barcaza: \u201cLas autoridades han actuado de forma irresponsable baj\u00e1ndole el perfil a los problemas de conectividad en Chile Chico\u201d<\/span><\/b><\/span><\/p>\n<div id=\"gtx-trans\" style=\"position: absolute; left: -50px; top: 4.31534px;\">\n<div class=\"gtx-trans-icon\"><\/div>\n<\/div>\n<\/div><\/section><\/div><div class=\"flex_column av_one_full  flex_column_div av-zero-column-padding first  avia-builder-el-4  el_after_av_one_full  el_before_av_hr  column-top-margin\" style='border-radius:0px; '><section class=\"av_textblock_section \"  itemscope=\"itemscope\" itemtype=\"https:\/\/schema.org\/BlogPosting\" itemprop=\"blogPost\" ><div class='avia_textblock  '   itemprop=\"text\" ><p style=\"font-weight: 400; text-align: justify;\">Este fin de semana fall\u00f3 la barcaza Pilchero, lo que dej\u00f3 completamente desconectada la zona lacustre de la regi\u00f3n de Ays\u00e9n con Coyhaique. Ante esta situaci\u00f3n la senadora Ximena \u00d3rdenes critic\u00f3 duramente a las autoridades.<\/p>\n<p style=\"font-weight: 400; text-align: justify;\">\u201cSi esto ocurriera en Santiago ya habr\u00eda varias soluciones y hasta renuncias sobre la mesa\u201d, se\u00f1al\u00f3 la senadora Ximena \u00d3rdenes al referirse a la situaci\u00f3n que afecta a Chile Chico, que ya no cuenta con barcazas disponibles para conectarse con el norte de la regi\u00f3n.<\/p>\n<p style=\"font-weight: 400; text-align: justify;\">\u201cEste fin de semana fall\u00f3 El Pilchero, se propuso un plan de contingencia con buses, pero el primer d\u00eda tambi\u00e9n fallaron. Esto es una demostraci\u00f3n m\u00e1s de la irresponsabilidad con la que se ha enfrentado el tema de conectividad en la regi\u00f3n. No es posible que hoy las vecinas y vecinos de Chile Chico no tengan una soluci\u00f3n\u201d.<\/p>\n<p style=\"font-weight: 400; text-align: justify;\">En esta l\u00ednea, la senadora \u00d3rdenes adelant\u00f3 que con el diputado Alinco conversaron con el embajador de Chile en Argentina, Nicol\u00e1s Monckenberg, para que se habilite el tr\u00e1nsito de pasajeros por los Pasos Jeinimeni en Chile Chico y Huemules en Balmaceda.<\/p>\n<p style=\"font-weight: 400; text-align: justify;\">\u201cEsta ma\u00f1ana como \u00faltima gesti\u00f3n convers\u00e9 con el embajador Monckeberg y me confirm\u00f3 que se permitir\u00e1 el tr\u00e1nsito de pasajeros por Argentina para que se conecten con la zona norte de Ays\u00e9n. Sin embargo, esta es una medida de emergencia, no es la soluci\u00f3n que necesitamos para la conectividad que requiere Chile Chico\u201d, sostuvo \u00d3rdenes.<\/p>\n<p style=\"font-weight: 400; text-align: justify;\">Asimismo, la senadora Ximena \u00d3rdenes recalc\u00f3 que es necesario que las autoridades asuman su responsabilidad, ya que desde el nivel central \u201cno est\u00e1n tomando el peso a la situaci\u00f3n, porque no est\u00e1n entregando toda la informaci\u00f3n. Hoy la zona lacustre de la regi\u00f3n est\u00e1 desconectada, sin un plan de contingencia que permita que las y los vecinos puedan ir a la capital regional\u201d.<\/p>\n<p style=\"font-weight: 400; text-align: justify;\">Finalmente, la senadora Ximena \u00d3rdenes Neira lament\u00f3 que las soluciones que propone el Gobierno no van al fondo. \u201cSe est\u00e1 proponiendo una barcaza m\u00e1s peque\u00f1a,\u00a0con una capacidad de 128 pasajeros, significativamente menor a los aproximadamente 250 pasajeros que transporta en sal\u00f3n actualmente la Tehuelche. Es decir, estamos mirando al pasado, no estamos pensando en los est\u00e1ndares del siglo 21 y la situaci\u00f3n de Chile Chico ya no se sostiene\u201d, puntualiz\u00f3.<\/p>\n<\/div><\/section><\/div><div  style='height:50px' class='hr hr-invisible   avia-builder-el-6  el_after_av_one_full  el_before_av_social_share '><span class='hr-inner ' ><span class='hr-inner-style'><\/span><\/span><\/div><\/p>\n<div  class='av-social-sharing-box  avia-builder-el-7  el_after_av_hr  el_before_av_hr  '><div class='av-share-box'><h5 class='av-share-link-description av-no-toc '>Compartir esta noticia<\/h5><ul class='av-share-box-list noLightbox'><li class='av-share-link av-social-link-facebook' ><a target=\"_blank\" aria-label=\"Compartir en Facebook\" href='https:\/\/www.facebook.com\/sharer.php?u=https:\/\/radiorevelacionfm.cl\/?p=10232&#038;t=Senadora%20%C3%93rdenes%20y%20falla%20de%20barcaza%3A%20%E2%80%9CLas%20autoridades%20han%20actuado%20de%20forma%20irresponsable%20baj%C3%A1ndole%20el%20perfil%20a%20los%20problemas%20de%20conectividad%20en%20Chile%20Chico%E2%80%9D' aria-hidden='false' data-av_icon='\ue8f3' data-av_iconfont='entypo-fontello' title='' data-avia-related-tooltip='Compartir en Facebook' rel=\"noopener\"><span class='avia_hidden_link_text'>Compartir en Facebook<\/span><\/a><\/li><li class='av-share-link av-social-link-twitter' ><a target=\"_blank\" aria-label=\"Compartir en Twitter\" href='https:\/\/twitter.com\/share?text=Senadora%20%C3%93rdenes%20y%20falla%20de%20barcaza%3A%20%E2%80%9CLas%20autoridades%20han%20actuado%20de%20forma%20irresponsable%20baj%C3%A1ndole%20el%20perfil%20a%20los%20problemas%20de%20conectividad%20en%20Chile%20Chico%E2%80%9D&#038;url=https:\/\/radiorevelacionfm.cl\/?p=10232' aria-hidden='false' data-av_icon='\ue8f1' data-av_iconfont='entypo-fontello' title='' data-avia-related-tooltip='Compartir en Twitter' rel=\"noopener\"><span class='avia_hidden_link_text'>Compartir en Twitter<\/span><\/a><\/li><li class='av-share-link av-social-link-whatsapp' ><a target=\"_blank\" aria-label=\"Compartir en Whatsapp\" href='https:\/\/api.whatsapp.com\/send?text=https:\/\/radiorevelacionfm.cl\/?p=10232' aria-hidden='false' data-av_icon='\uf232' data-av_iconfont='entypo-fontello' title='' data-avia-related-tooltip='Compartir en Whatsapp' rel=\"noopener\"><span class='avia_hidden_link_text'>Compartir en Whatsapp<\/span><\/a><\/li><li class='av-share-link av-social-link-linkedin' ><a target=\"_blank\" aria-label=\"Compartir en LinkedIn\" href='https:\/\/linkedin.com\/shareArticle?mini=true&#038;title=Senadora%20%C3%93rdenes%20y%20falla%20de%20barcaza%3A%20%E2%80%9CLas%20autoridades%20han%20actuado%20de%20forma%20irresponsable%20baj%C3%A1ndole%20el%20perfil%20a%20los%20problemas%20de%20conectividad%20en%20Chile%20Chico%E2%80%9D&#038;url=https:\/\/radiorevelacionfm.cl\/?p=10232' aria-hidden='false' data-av_icon='\ue8fc' data-av_iconfont='entypo-fontello' title='' data-avia-related-tooltip='Compartir en LinkedIn' rel=\"noopener\"><span class='avia_hidden_link_text'>Compartir en LinkedIn<\/span><\/a><\/li><li class='av-share-link av-social-link-mail' ><a  aria-label=\"Compartir por correo\" href='mailto:?subject=Senadora%20%C3%93rdenes%20y%20falla%20de%20barcaza%3A%20%E2%80%9CLas%20autoridades%20han%20actuado%20de%20forma%20irresponsable%20baj%C3%A1ndole%20el%20perfil%20a%20los%20problemas%20de%20conectividad%20en%20Chile%20Chico%E2%80%9D&#038;body=https:\/\/radiorevelacionfm.cl\/?p=10232' aria-hidden='false' data-av_icon='\ue805' data-av_iconfont='entypo-fontello' title='' data-avia-related-tooltip='Compartir por correo'><span class='avia_hidden_link_text'>Compartir por correo<\/span><\/a><\/li><\/ul><\/div><\/div>\n<div  style='height:50px' class='hr hr-invisible   avia-builder-el-8  el_after_av_social_share  el_before_av_comments_list '><span class='hr-inner ' ><span class='hr-inner-style'><\/span><\/span><\/div>\n<div  class='av-buildercomment  av-blog-meta-html-info-disabled av-blog-meta-tag-disabled  '><\/div>\n","protected":false},"excerpt":{"rendered":"","protected":false},"author":1,"featured_media":10233,"comment_status":"open","ping_status":"open","sticky":false,"template":"","format":"standard","meta":{"footnotes":""},"categories":[35],"tags":[],"class_list":["post-10232","post","type-post","status-publish","format-standard","has-post-thumbnail","hentry","category-politica"],"jetpack_featured_media_url":"https:\/\/radiorevelacionfm.cl\/wp-content\/uploads\/2021\/11\/Senadora-Ordenes-2021-11-02-1-1.jpeg","_links":{"self":[{"href":"https:\/\/radiorevelacionfm.cl\/index.php?rest_route=\/wp\/v2\/posts\/10232","targetHints":{"allow":["GET"]}}],"collection":[{"href":"https:\/\/radiorevelacionfm.cl\/index.php?rest_route=\/wp\/v2\/posts"}],"about":[{"href":"https:\/\/radiorevelacionfm.cl\/index.php?rest_route=\/wp\/v2\/types\/post"}],"author":[{"embeddable":true,"href":"https:\/\/radiorevelacionfm.cl\/index.php?rest_route=\/wp\/v2\/users\/1"}],"replies":[{"embeddable":true,"href":"https:\/\/radiorevelacionfm.cl\/index.php?rest_route=%2Fwp%2Fv2%2Fcomments&post=10232"}],"version-history":[{"count":1,"href":"https:\/\/radiorevelacionfm.cl\/index.php?rest_route=\/wp\/v2\/posts\/10232\/revisions"}],"predecessor-version":[{"id":10234,"href":"https:\/\/radiorevelacionfm.cl\/index.php?rest_route=\/wp\/v2\/posts\/10232\/revisions\/10234"}],"wp:featuredmedia":[{"embeddable":true,"href":"https:\/\/radiorevelacionfm.cl\/index.php?rest_route=\/wp\/v2\/media\/10233"}],"wp:attachment":[{"href":"https:\/\/radiorevelacionfm.cl\/index.php?rest_route=%2Fwp%2Fv2%2Fmedia&parent=10232"}],"wp:term":[{"taxonomy":"category","embeddable":true,"href":"https:\/\/radiorevelacionfm.cl\/index.php?rest_route=%2Fwp%2Fv2%2Fcategories&post=10232"},{"taxonomy":"post_tag","embeddable":true,"href":"https:\/\/radiorevelacionfm.cl\/index.php?rest_route=%2Fwp%2Fv2%2Ftags&post=10232"}],"curies":[{"name":"wp","href":"https:\/\/api.w.org\/{rel}","templated":true}]}}