{"id":10202,"date":"2021-11-02T09:52:21","date_gmt":"2021-11-02T12:52:21","guid":{"rendered":"https:\/\/radiorevelacionfm.cl\/?p=10202"},"modified":"2021-11-02T09:52:21","modified_gmt":"2021-11-02T12:52:21","slug":"ximena-ordenes-valora-propuestas-para-la-agricultura-el-turismo-y-el-sector-pesquero-acuicola-frente-a-la-crisis-climatica","status":"publish","type":"post","link":"https:\/\/radiorevelacionfm.cl\/?p=10202","title":{"rendered":"Ximena \u00d3rdenes valora propuestas para la agricultura, el turismo y el sector pesquero acu\u00edcola frente a la crisis clim\u00e1tica"},"content":{"rendered":"<div class=\"flex_column av_one_full  flex_column_div av-zero-column-padding first  avia-builder-el-0  el_before_av_one_full  avia-builder-el-first  \" style='border-radius:0px; '><div  class='avia-image-container  av-styling-    avia-builder-el-1  avia-builder-el-no-sibling  avia-align-center '  itemprop=\"image\" itemscope=\"itemscope\" itemtype=\"https:\/\/schema.org\/ImageObject\"  ><div class='avia-image-container-inner'><div class='avia-image-overlay-wrap'><img decoding=\"async\" class='wp-image-10203 avia-img-lazy-loading-not-10203 avia_image' src=\"https:\/\/radiorevelacionfm.cl\/wp-content\/uploads\/2021\/11\/webinar-1_optimized.jpg\" alt='' title='webinar-(1)_optimized' height=\"600\" width=\"1075\"  itemprop=\"thumbnailUrl\" srcset=\"https:\/\/radiorevelacionfm.cl\/wp-content\/uploads\/2021\/11\/webinar-1_optimized.jpg 1075w, https:\/\/radiorevelacionfm.cl\/wp-content\/uploads\/2021\/11\/webinar-1_optimized-300x167.jpg 300w, https:\/\/radiorevelacionfm.cl\/wp-content\/uploads\/2021\/11\/webinar-1_optimized-1030x575.jpg 1030w, https:\/\/radiorevelacionfm.cl\/wp-content\/uploads\/2021\/11\/webinar-1_optimized-768x429.jpg 768w, https:\/\/radiorevelacionfm.cl\/wp-content\/uploads\/2021\/11\/webinar-1_optimized-705x393.jpg 705w, https:\/\/radiorevelacionfm.cl\/wp-content\/uploads\/2021\/11\/webinar-1_optimized-600x335.jpg 600w\" sizes=\"(max-width: 1075px) 100vw, 1075px\" \/><\/div><\/div><\/div><\/div><div class=\"flex_column av_one_full  flex_column_div av-zero-column-padding first  avia-builder-el-2  el_after_av_one_full  el_before_av_one_full  column-top-margin\" style='border-radius:0px; '><section class=\"av_textblock_section \"  itemscope=\"itemscope\" itemtype=\"https:\/\/schema.org\/BlogPosting\" itemprop=\"blogPost\" ><div class='avia_textblock  '   itemprop=\"text\" ><p style=\"text-align: center;\"><strong><span style=\"font-size: 18pt;\">Ximena \u00d3rdenes valora propuestas para la agricultura, el turismo y el sector pesquero acu\u00edcola frente a la crisis clim\u00e1tica<\/span><\/strong><\/p>\n<div id=\"gtx-trans\" style=\"position: absolute; left: -50px; top: 4.31534px;\">\n<div class=\"gtx-trans-icon\"><\/div>\n<\/div>\n<\/div><\/section><\/div><div class=\"flex_column av_one_full  flex_column_div av-zero-column-padding first  avia-builder-el-4  el_after_av_one_full  el_before_av_hr  column-top-margin\" style='border-radius:0px; '><section class=\"av_textblock_section \"  itemscope=\"itemscope\" itemtype=\"https:\/\/schema.org\/BlogPosting\" itemprop=\"blogPost\" ><div class='avia_textblock  '   itemprop=\"text\" ><p class=\"v1MsoNormal\" style=\"text-align: justify;\"><span lang=\"ES\">Con la participaci<\/span><span lang=\"X-NONE\">\u00f3n de la presidenta de la Comisi\u00f3n de Medio Ambiente del Senado, Ximena \u00d3rdenes Neira, Chile Sustentable y la Corporaci\u00f3n Privada para el Desarrollo de Ays\u00e9n (Codesa) pusieron a disposici\u00f3n de la ciudadan\u00eda tres documentos que avanzan en propuestas para la agricultura, el turismo y el sector pesquero acu\u00edcola frente a la crisis clim\u00e1tica.<span class=\"v1gmail-Apple-converted-space\">\u00a0<\/span><\/span><\/p>\n<p class=\"v1MsoNormal\" style=\"text-align: justify;\"><span lang=\"X-NONE\">La legisladora expuso en el webinar \u00ab<\/span><span lang=\"ES\"><a href=\"https:\/\/www.youtube.com\/watch?v=2d1ShNedPus&amp;t=57s\" target=\"_blank\" rel=\"noopener noreferrer\">Apuntes desde Ays\u00e9n frente a la emergencia clim\u00e1tica<\/a>\u00ab,<span class=\"v1gmail-Apple-converted-space\">\u00a0<\/span><\/span><span lang=\"X-NONE\">junto a la directora ejecutiva de Chile Sustentable, Sara Larra\u00edn Ruiz-Tagle, el presidente de la Agrupaci\u00f3n Ais\u00e9n Reserva de Vida y Director de Codeff Ais\u00e9n, Peter Hartmann Samhaber, y<span class=\"v1gmail-Apple-converted-space\">\u00a0<\/span>\u00a0el director de la Carrera de Ingenier\u00eda Forestal de la Universidad de Ays\u00e9n, Dr. Carlos Zamorano-Elgueta.<\/span><\/p>\n<p class=\"v1MsoNormal\" style=\"text-align: justify;\"><span lang=\"X-NONE\">En su presentaci\u00f3n,<span class=\"v1gmail-Apple-converted-space\">\u00a0<\/span>Ximena \u00d3rdenes<span class=\"v1gmail-Apple-converted-space\">\u00a0<\/span>relev\u00f3 que el trabajo exploratorio desarrollado en t\u00e9rminos de turismo y conservaci\u00f3n, agricultura sustentable y pesca y litoral, es \u00abun insumo muy relevante para la actualizaci\u00f3n y construcci\u00f3n de esa nueva mirada\u00bb, refiri\u00e9ndose al proceso de puesta al d\u00eda de la Estrategia de Desarrollo Regional. En su visi\u00f3n, en el \u00e1rea productiva \u00abel c\u00f3mo lo hacemos es muy relevante\u00bb, por ello este material aporta a la idea de cambiar el paradigma tradicional de desarrollo.<\/span><\/p>\n<p class=\"v1MsoNormal\" style=\"text-align: justify;\"><span lang=\"X-NONE\">Sara Larra\u00edn<\/span><span lang=\"X-NONE\"><span class=\"v1gmail-Apple-converted-space\">\u00a0<\/span>destac\u00f3 la posibilidad de colaboraci\u00f3n entre sectores, con el fin de hacer un contrapunto a las propuestas para enfrentar la emergencia clim\u00e1tica que provienen desde el modelo que hasta ahora implementado. \u00abEs clave una alianza entre la ciudadan\u00eda, los representantes pol\u00edticos y la academia en Ays\u00e9n, y aqu\u00ed yo creo que tiene que iniciarse una alianza para poder seguir trabajando en conjunto\u00bb expres\u00f3. Esto, con el fin de posteriormente \u00abescalar en nivel, para que haya una sinton\u00eda entre lo que est\u00e1 planteando la ciudadan\u00eda, los aportes y el apoyo a un desarrollo basado en la ciencia que puede dar la academia y, obviamente, contar con los representantes pol\u00edticos que nos ayuden a mantener la ruta que hoy tanto la ciudadan\u00eda como la ciencia plantean para esta hermosa y espectacular regi\u00f3n\u00bb.<\/span><\/p>\n<p class=\"v1MsoNormal\" style=\"text-align: justify;\"><span lang=\"X-NONE\">Para<span class=\"v1gmail-Apple-converted-space\">\u00a0<\/span>Carlos Zamorano-Elgueta, Chile debe \u00abdiversificar sus pol\u00edticas de cambio clim\u00e1tico para lograr la carbono-neutralidad con soluciones\u00a0<span class=\"v1gmail-Apple-converted-space\">\u00a0<\/span>basadas en la naturaleza, conservaci\u00f3n de humedales\/turberas, de bosques nativos\u00a0<span class=\"v1gmail-Apple-converted-space\">\u00a0<\/span>y ecosistemas marinos, y el fomento de paisajes diversos y sustentables\u00bb.\u00a0<span class=\"v1gmail-Apple-converted-space\">\u00a0<\/span>Esto, indic\u00f3, permitir\u00eda al pa\u00eds garantizar el secuestro de carbono a largo plazo.<\/span><\/p>\n<p class=\"v1MsoNormal\" style=\"text-align: justify;\"><span lang=\"X-NONE\">En tanto<span class=\"v1gmail-Apple-converted-space\">\u00a0<\/span>Peter Hartmann<span class=\"v1gmail-Apple-converted-space\">\u00a0<\/span>apunt\u00f3 que lo principal es cambiar el paradigma, ya que de otra forma se profundizar\u00e1 la crisis, y que debe partir desde el mismo Estado con participaci\u00f3n ciudadana. \u00abNecesitamos m\u00e1s informaci\u00f3n. Si la gente no tiene informaci\u00f3n no va a haber cultura ambiental clim\u00e1tica y tampoco habr\u00e1 presi\u00f3n a la institucionalidad\u00bb explic\u00f3.<\/span><\/p>\n<p class=\"v1MsoNormal\" style=\"text-align: justify;\"><span lang=\"X-NONE\">Agreg\u00f3 el dirigente que es preciso \u00abevitar ser c\u00f3mplices de los grandes contaminadores.\u00a0<span class=\"v1gmail-Apple-converted-space\">\u00a0<\/span>Perfectamente podemos evitar consumir los productos de m\u00e1s de algunas de las empresas petroleras est\u00e1n entre los 100 contaminantes m\u00e1s grandes del mundo\u00bb. Tambi\u00e9n pasar a una \u00abeconom\u00eda m\u00e1s local, m\u00e1s aut\u00f3noma, evitando la dependencia, prevenir y adaptarnos\u00bb.<\/span><\/p>\n<p class=\"v1MsoNormal\" style=\"text-align: justify;\"><span lang=\"X-NONE\">Y, por \u00faltimo, se\u00f1al\u00f3 Peter Hartmann transitar del concepto de sustentabilidad al de \u00abregeneraci\u00f3n, ya que no nos podemos quedar en dejar las cosas como est\u00e1n sino que debemos preocuparnos en mejorar nuestro propio territorio y nuestra propia actuaci\u00f3n\u00bb.<\/span><\/p>\n<p class=\"v1MsoNormal\" style=\"text-align: justify;\"><b><span lang=\"X-NONE\">El material<\/span><\/b><\/p>\n<p class=\"v1MsoNormal\" style=\"text-align: justify;\"><span lang=\"X-NONE\">Son tres las cartillas que quedaron a disposici\u00f3n de la ciudadan\u00eda.\u00a0<\/span><span lang=\"ES\"><a href=\"http:\/\/www.chilesustentable.net\/publicacion\/cartilla-pesca-y-litoral\/\" target=\"_blank\" rel=\"noopener noreferrer\">Pesca y Litoral<\/a>: \u00abDiagn\u00f3stico, principales desaf\u00edos y propuestas prioritarias\u00bb elaborada por la bi\u00f3loga marina<span class=\"v1gmail-Apple-converted-space\">\u00a0<\/span>Claudia Torrijos Kneer;<span class=\"v1gmail-Apple-converted-space\">\u00a0<\/span><a href=\"http:\/\/www.chilesustentable.net\/publicacion\/turismo-y-conservacion\/\" target=\"_blank\" rel=\"noopener noreferrer\">Turismo y Conservaci\u00f3n<\/a>: \u00abUna mirada al desarrollo sustentable de la actividad tur\u00edstica\u00bb<span class=\"v1gmail-Apple-converted-space\">\u00a0<\/span>por la ge\u00f3loga<span class=\"v1gmail-Apple-converted-space\">\u00a0<\/span>Alexandra Salazar Maturana; y<span class=\"v1gmail-Apple-converted-space\">\u00a0<\/span><a href=\"http:\/\/www.chilesustentable.net\/publicacion\/cartilla-agricultura-sustentable\/\" target=\"_blank\" rel=\"noopener noreferrer\">Agricultura Sustentable<\/a>: \u00abFortalecer la agricultura local y promover pr\u00e1cticas org\u00e1nicas regenerativas\u00bb por el huertero\/ingeniero agr\u00f3nomo<span class=\"v1gmail-Apple-converted-space\">\u00a0<\/span>Francisco Vio Morales. Cada una est<\/span><span lang=\"X-NONE\">\u00e1 sintetizada en su correspondiente<span class=\"v1gmail-Apple-converted-space\">\u00a0<\/span><\/span><span lang=\"ES\"><a href=\"http:\/\/www.chilesustentable.net\/category\/noticias\/infografias\/\" target=\"_blank\" rel=\"noopener noreferrer\"><span lang=\"X-NONE\">infograf\u00eda<\/span><\/a><\/span><span lang=\"X-NONE\"><span class=\"v1gmail-Apple-converted-space\">\u00a0<\/span>y en un<span class=\"v1gmail-Apple-converted-space\">\u00a0<\/span><\/span><span lang=\"ES\"><a href=\"https:\/\/www.youtube.com\/watch?v=4a_ikzYYhT4\" target=\"_blank\" rel=\"noopener noreferrer\"><span lang=\"X-NONE\">video animaci\u00f3n<\/span><\/a><\/span><span lang=\"X-NONE\">.<span class=\"v1gmail-Apple-converted-space\">\u00a0<\/span><\/span><\/p>\n<p class=\"v1MsoNormal\" style=\"text-align: justify;\"><span lang=\"ES\">En definitiva, como se\u00f1alara el periodista y secretario de Codesa Patricio Segura Ortiz, quien fuera responsable de la coordinaci<\/span><span lang=\"X-NONE\">\u00f3n<\/span><span lang=\"ES\"><span class=\"v1gmail-Apple-converted-space\">\u00a0<\/span>del proyecto, la idea es entregar este material como una forma de aportar al debate desde una mirada socioambiental, incorporando la responsabilidad ecosist\u00e9mica y una transici\u00f3n justa, y sum<\/span><span lang=\"X-NONE\">\u00e1ndose a las que ya se plantean desde el sector privado y el Estado<\/span><span lang=\"ES\">.\u00a0<span class=\"v1gmail-Apple-converted-space\">\u00a0<\/span>En este sentido hizo un alcance a las miradas que hablan de las oportunidades que conlleva la emergencia clim<\/span><span lang=\"X-NONE\">\u00e1tica.<\/span><\/p>\n<p class=\"v1MsoNormal\" style=\"text-align: justify;\"><span lang=\"X-NONE\">\u00abLa crisis clim\u00e1tica es parte de una crisis superior, que es la crisis ecosist\u00e9mica global y tambi\u00e9n a niveles locales. Entonces, desde Ays\u00e9n reserva de vida se plantea que no se puede destruir los territorios, afectar la biodiversidad con el pretexto de emitir menos gases de efecto invernadero\u00bb explic\u00f3. Por ello \u00ablamentablemente estamos viendo que para muchos la &#8216;oportunidad&#8217; del cambio clim\u00e1tico es desarrollar iniciativas que siguen destruyendo los ecosistemas, como los monocultivos que se quieren trasladar al sur para aprovechar el &#8216;mejor\u00bb clima\u00bb.<\/span><\/p>\n<p class=\"v1MsoNormal\" style=\"text-align: justify;\"><span lang=\"X-NONE\">En la ocasi\u00f3n se inform\u00f3 que este trabajo es el apronte de un proyecto de m\u00e1s largo plazo que se quiere desarrollar, en conjunto con la Universidad de Ays\u00e9n y que se enfoque en los efectos de la crisis clim\u00e1tica en la regi\u00f3n, proponiendo formas de mitigaci\u00f3n de gases de efecto invernadero y adaptaci\u00f3n a los cambios, en armon\u00eda con los ecosistemas y las comunidades locales.<\/span><\/p>\n<p class=\"v1MsoNormal\" style=\"text-align: justify;\"><span lang=\"X-NONE\">\u00a0<\/span><\/p>\n<\/div><\/section><\/div><div  style='height:50px' class='hr hr-invisible   avia-builder-el-6  el_after_av_one_full  el_before_av_social_share '><span class='hr-inner ' ><span class='hr-inner-style'><\/span><\/span><\/div><\/p>\n<div  class='av-social-sharing-box  avia-builder-el-7  el_after_av_hr  el_before_av_hr  '><div class='av-share-box'><h5 class='av-share-link-description av-no-toc '>Compartir esta noticia<\/h5><ul class='av-share-box-list noLightbox'><li class='av-share-link av-social-link-facebook' ><a target=\"_blank\" aria-label=\"Compartir en Facebook\" href='https:\/\/www.facebook.com\/sharer.php?u=https:\/\/radiorevelacionfm.cl\/?p=10202&#038;t=Ximena%20%C3%93rdenes%20valora%20propuestas%20para%20la%20agricultura%2C%20el%20turismo%20y%20el%20sector%20pesquero%20acu%C3%ADcola%20frente%20a%20la%20crisis%20clim%C3%A1tica' aria-hidden='false' data-av_icon='\ue8f3' data-av_iconfont='entypo-fontello' title='' data-avia-related-tooltip='Compartir en Facebook' rel=\"noopener\"><span class='avia_hidden_link_text'>Compartir en Facebook<\/span><\/a><\/li><li class='av-share-link av-social-link-twitter' ><a target=\"_blank\" aria-label=\"Compartir en Twitter\" href='https:\/\/twitter.com\/share?text=Ximena%20%C3%93rdenes%20valora%20propuestas%20para%20la%20agricultura%2C%20el%20turismo%20y%20el%20sector%20pesquero%20acu%C3%ADcola%20frente%20a%20la%20crisis%20clim%C3%A1tica&#038;url=https:\/\/radiorevelacionfm.cl\/?p=10202' aria-hidden='false' data-av_icon='\ue8f1' data-av_iconfont='entypo-fontello' title='' data-avia-related-tooltip='Compartir en Twitter' rel=\"noopener\"><span class='avia_hidden_link_text'>Compartir en Twitter<\/span><\/a><\/li><li class='av-share-link av-social-link-whatsapp' ><a target=\"_blank\" aria-label=\"Compartir en Whatsapp\" href='https:\/\/api.whatsapp.com\/send?text=https:\/\/radiorevelacionfm.cl\/?p=10202' aria-hidden='false' data-av_icon='\uf232' data-av_iconfont='entypo-fontello' title='' data-avia-related-tooltip='Compartir en Whatsapp' rel=\"noopener\"><span class='avia_hidden_link_text'>Compartir en Whatsapp<\/span><\/a><\/li><li class='av-share-link av-social-link-linkedin' ><a target=\"_blank\" aria-label=\"Compartir en LinkedIn\" href='https:\/\/linkedin.com\/shareArticle?mini=true&#038;title=Ximena%20%C3%93rdenes%20valora%20propuestas%20para%20la%20agricultura%2C%20el%20turismo%20y%20el%20sector%20pesquero%20acu%C3%ADcola%20frente%20a%20la%20crisis%20clim%C3%A1tica&#038;url=https:\/\/radiorevelacionfm.cl\/?p=10202' aria-hidden='false' data-av_icon='\ue8fc' data-av_iconfont='entypo-fontello' title='' data-avia-related-tooltip='Compartir en LinkedIn' rel=\"noopener\"><span class='avia_hidden_link_text'>Compartir en LinkedIn<\/span><\/a><\/li><li class='av-share-link av-social-link-mail' ><a  aria-label=\"Compartir por correo\" href='mailto:?subject=Ximena%20%C3%93rdenes%20valora%20propuestas%20para%20la%20agricultura%2C%20el%20turismo%20y%20el%20sector%20pesquero%20acu%C3%ADcola%20frente%20a%20la%20crisis%20clim%C3%A1tica&#038;body=https:\/\/radiorevelacionfm.cl\/?p=10202' aria-hidden='false' data-av_icon='\ue805' data-av_iconfont='entypo-fontello' title='' data-avia-related-tooltip='Compartir por correo'><span class='avia_hidden_link_text'>Compartir por correo<\/span><\/a><\/li><\/ul><\/div><\/div>\n<div  style='height:50px' class='hr hr-invisible   avia-builder-el-8  el_after_av_social_share  el_before_av_comments_list '><span class='hr-inner ' ><span class='hr-inner-style'><\/span><\/span><\/div>\n<div  class='av-buildercomment  av-blog-meta-html-info-disabled av-blog-meta-tag-disabled  '><\/div>\n","protected":false},"excerpt":{"rendered":"","protected":false},"author":1,"featured_media":10203,"comment_status":"open","ping_status":"open","sticky":false,"template":"","format":"standard","meta":{"footnotes":""},"categories":[39],"tags":[],"class_list":["post-10202","post","type-post","status-publish","format-standard","has-post-thumbnail","hentry","category-medio-ambiente"],"jetpack_featured_media_url":"https:\/\/radiorevelacionfm.cl\/wp-content\/uploads\/2021\/11\/webinar-1_optimized.jpg","_links":{"self":[{"href":"https:\/\/radiorevelacionfm.cl\/index.php?rest_route=\/wp\/v2\/posts\/10202","targetHints":{"allow":["GET"]}}],"collection":[{"href":"https:\/\/radiorevelacionfm.cl\/index.php?rest_route=\/wp\/v2\/posts"}],"about":[{"href":"https:\/\/radiorevelacionfm.cl\/index.php?rest_route=\/wp\/v2\/types\/post"}],"author":[{"embeddable":true,"href":"https:\/\/radiorevelacionfm.cl\/index.php?rest_route=\/wp\/v2\/users\/1"}],"replies":[{"embeddable":true,"href":"https:\/\/radiorevelacionfm.cl\/index.php?rest_route=%2Fwp%2Fv2%2Fcomments&post=10202"}],"version-history":[{"count":1,"href":"https:\/\/radiorevelacionfm.cl\/index.php?rest_route=\/wp\/v2\/posts\/10202\/revisions"}],"predecessor-version":[{"id":10204,"href":"https:\/\/radiorevelacionfm.cl\/index.php?rest_route=\/wp\/v2\/posts\/10202\/revisions\/10204"}],"wp:featuredmedia":[{"embeddable":true,"href":"https:\/\/radiorevelacionfm.cl\/index.php?rest_route=\/wp\/v2\/media\/10203"}],"wp:attachment":[{"href":"https:\/\/radiorevelacionfm.cl\/index.php?rest_route=%2Fwp%2Fv2%2Fmedia&parent=10202"}],"wp:term":[{"taxonomy":"category","embeddable":true,"href":"https:\/\/radiorevelacionfm.cl\/index.php?rest_route=%2Fwp%2Fv2%2Fcategories&post=10202"},{"taxonomy":"post_tag","embeddable":true,"href":"https:\/\/radiorevelacionfm.cl\/index.php?rest_route=%2Fwp%2Fv2%2Ftags&post=10202"}],"curies":[{"name":"wp","href":"https:\/\/api.w.org\/{rel}","templated":true}]}}