{"id":10199,"date":"2021-11-01T18:47:43","date_gmt":"2021-11-01T21:47:43","guid":{"rendered":"https:\/\/radiorevelacionfm.cl\/?p=10199"},"modified":"2021-11-01T18:47:43","modified_gmt":"2021-11-01T21:47:43","slug":"autoridades-informan-sobre-situacion-de-conectividad-en-lago-general-carrera-ante-desperfecto-en-nave-pilchero","status":"publish","type":"post","link":"https:\/\/radiorevelacionfm.cl\/?p=10199","title":{"rendered":"Autoridades informan sobre situaci\u00f3n de conectividad en Lago General Carrera ante desperfecto en nave Pilchero"},"content":{"rendered":"<div class=\"flex_column av_one_full  flex_column_div av-zero-column-padding first  avia-builder-el-0  el_before_av_one_full  avia-builder-el-first  \" style='border-radius:0px; '><div  class='avia-image-container  av-styling-    avia-builder-el-1  avia-builder-el-no-sibling  avia-align-center '  itemprop=\"image\" itemscope=\"itemscope\" itemtype=\"https:\/\/schema.org\/ImageObject\"  ><div class='avia-image-container-inner'><div class='avia-image-overlay-wrap'><img decoding=\"async\" class='wp-image-10200 avia-img-lazy-loading-not-10200 avia_image' src=\"https:\/\/radiorevelacionfm.cl\/wp-content\/uploads\/2021\/11\/PILCHERO-1-1.jpeg\" alt='' title='PILCHERO (1) (1)' height=\"600\" width=\"800\"  itemprop=\"thumbnailUrl\" srcset=\"https:\/\/radiorevelacionfm.cl\/wp-content\/uploads\/2021\/11\/PILCHERO-1-1.jpeg 800w, https:\/\/radiorevelacionfm.cl\/wp-content\/uploads\/2021\/11\/PILCHERO-1-1-300x225.jpeg 300w, https:\/\/radiorevelacionfm.cl\/wp-content\/uploads\/2021\/11\/PILCHERO-1-1-768x576.jpeg 768w, https:\/\/radiorevelacionfm.cl\/wp-content\/uploads\/2021\/11\/PILCHERO-1-1-705x529.jpeg 705w, https:\/\/radiorevelacionfm.cl\/wp-content\/uploads\/2021\/11\/PILCHERO-1-1-600x450.jpeg 600w\" sizes=\"(max-width: 800px) 100vw, 800px\" \/><\/div><\/div><\/div><\/div><div class=\"flex_column av_one_full  flex_column_div av-zero-column-padding first  avia-builder-el-2  el_after_av_one_full  el_before_av_one_full  column-top-margin\" style='border-radius:0px; '><section class=\"av_textblock_section \"  itemscope=\"itemscope\" itemtype=\"https:\/\/schema.org\/BlogPosting\" itemprop=\"blogPost\" ><div class='avia_textblock  '   itemprop=\"text\" ><p style=\"text-align: center;\"><strong><span style=\"font-size: 18pt;\">Autoridades informan sobre situaci\u00f3n de conectividad en Lago General Carrera ante desperfecto en nave Pilchero<\/span><\/strong><\/p>\n<div id=\"gtx-trans\" style=\"position: absolute; left: -50px; top: 4.31534px;\">\n<div class=\"gtx-trans-icon\"><\/div>\n<\/div>\n<\/div><\/section><\/div><div class=\"flex_column av_one_full  flex_column_div av-zero-column-padding first  avia-builder-el-4  el_after_av_one_full  el_before_av_hr  column-top-margin\" style='border-radius:0px; '><section class=\"av_textblock_section \"  itemscope=\"itemscope\" itemtype=\"https:\/\/schema.org\/BlogPosting\" itemprop=\"blogPost\" ><div class='avia_textblock  '   itemprop=\"text\" ><p style=\"font-weight: 400; text-align: justify;\">Este 31 de octubre se produjo una falla en nave Pilchero que impedir\u00e1 su operaci\u00f3n en los pr\u00f3ximos d\u00edas. A ra\u00edz de ello, y de las reparaciones que est\u00e1n siendo realizadas en barcaza La Tehuelche se tuvo que desplegar el Plan de Contingencia programado en situaciones en que no est\u00e9 disponible la conectividad lacustre. Adem\u00e1s, el Comit\u00e9 de Emergencia se congreg\u00f3 para gestionar nuevas alternativas de conectividad para la zona.<\/p>\n<p style=\"font-weight: 400; text-align: justify;\">La delegada Presidencial Regional, Margarita Ossa indic\u00f3 que \u00abcomo Gobierno, desde que se produce\u00a0 la falla de la barcaza Tehuelche, hemos coordinado junto a la delegada Provincial, los seremis de Transportes y MOP, Carabineros, Onemi y los servicios pertinentes, todas las acciones posibles para minimizar lo m\u00e1s posible los inconvenientes que sabemos esto provoca. Adicionalmente, y luego de la importante remoci\u00f3n en masa en la ruta 7, estamos gestionando desde la semana pasada y a la espera de los tr\u00e1mites correspondientes con las autoridades argentinas, para propiciar la circulaci\u00f3n de emergencia de nuestra gente por el pa\u00eds vecino\u201d.<\/p>\n<p style=\"font-weight: 400; text-align: justify;\">Desde la cartera de Transportes y Telecomunicaciones, el seremi Fabi\u00e1n Rojas inform\u00f3 que a ra\u00edz de la contingencia se `puso en marcha el Plan de Contingencia, mediante la disposici\u00f3n de buses para transportar a los pasajeros tanto desde Coyhaique a Chile Chico como viceversa. Adem\u00e1s se dispuso de un transporte para las personas que iban a utilizar la nave Pilchero el d\u00eda 31 de octubre y que quedaron en Puerto Ib\u00e1\u00f1ez. Adem\u00e1s se sum\u00f3 un nuevo bus para mejorar el transporte de los usuarios de la ruta Chile Chico a Coyhaique con un bus que parti\u00f3 a las 2 de la tarde con personas que quedaron rezagadas del primer viaje y que no se pudieron contactar. A partir del 02 de noviembre los buses van a salir a las 11 de la ma\u00f1ana en ambas rutas.<\/p>\n<p style=\"font-weight: 400; text-align: justify;\">Rojas agreg\u00f3 que se trabaja paralelamente en medidas complementarias que permitan de resolver en forma m\u00e1s integral la conectividad de la zona. \u201cComo Comit\u00e9 T\u00e9cnico y como Gobierno estamos trabajando en distintas alternativas para mejorar la conectividad de la regi\u00f3n, principalmente la zona del Lago General Carrera. Pedimos paciencia, sabemos que estamos viviendo una situaci\u00f3n compleja del punto de vista de la conectividad pero esperamos que en el paso de las horas anunciar nuevas medidas\u201d.<\/p>\n<p style=\"font-weight: 400; text-align: justify;\">Por su parte, el seremi de Obras P\u00fablicas, N\u00e9stor Mera inform\u00f3 que se est\u00e1 apoyando con un monitoreo y mantenci\u00f3n constante de las rutas regionales, en especial las de la zona lacustre.<\/p>\n<p style=\"font-weight: 400; text-align: justify;\">\u201cComo MOP estamos disponiendo del mayor apoyo posible en la mantenci\u00f3n de la ruta especialmente hacia Chile Chico y en el cruce el Mait\u00e9n. Se encuentran tres motoniveladoras trabajando en distintos puntos. Dos de ellas haciendo reperfilado con compactaci\u00f3n y otra reperfilado simple. Vialidad est\u00e1 en la mantenci\u00f3n de todas las rutas de la regi\u00f3n de Ays\u00e9n ya sea a trav\u00e9s de administraci\u00f3n directa o contratos globales, sin embargo estamos haciendo un esfuerzo adicional considerando las situaciones de conectividad que se est\u00e1 viviendo en la zona\u201d, puntualiz\u00f3 la autoridad.<\/p>\n<p style=\"font-weight: 400; text-align: justify;\">Debido a la falla de la embarcaci\u00f3n y los problemas ocurridos a principios de la semana anterior en la Ruta 7, las autoridades hicieron un llamado a la poblaci\u00f3n a no hacer uso de la misma en caso de ser estrictamente necesario.<\/p>\n<\/div><\/section><\/div><div  style='height:50px' class='hr hr-invisible   avia-builder-el-6  el_after_av_one_full  el_before_av_social_share '><span class='hr-inner ' ><span class='hr-inner-style'><\/span><\/span><\/div><\/p>\n<div  class='av-social-sharing-box  avia-builder-el-7  el_after_av_hr  el_before_av_hr  '><div class='av-share-box'><h5 class='av-share-link-description av-no-toc '>Compartir esta noticia<\/h5><ul class='av-share-box-list noLightbox'><li class='av-share-link av-social-link-facebook' ><a target=\"_blank\" aria-label=\"Compartir en Facebook\" href='https:\/\/www.facebook.com\/sharer.php?u=https:\/\/radiorevelacionfm.cl\/?p=10199&#038;t=Autoridades%20informan%20sobre%20situaci%C3%B3n%20de%20conectividad%20en%20Lago%20General%20Carrera%20ante%20desperfecto%20en%20nave%20Pilchero' aria-hidden='false' data-av_icon='\ue8f3' data-av_iconfont='entypo-fontello' title='' data-avia-related-tooltip='Compartir en Facebook' rel=\"noopener\"><span class='avia_hidden_link_text'>Compartir en Facebook<\/span><\/a><\/li><li class='av-share-link av-social-link-twitter' ><a target=\"_blank\" aria-label=\"Compartir en Twitter\" href='https:\/\/twitter.com\/share?text=Autoridades%20informan%20sobre%20situaci%C3%B3n%20de%20conectividad%20en%20Lago%20General%20Carrera%20ante%20desperfecto%20en%20nave%20Pilchero&#038;url=https:\/\/radiorevelacionfm.cl\/?p=10199' aria-hidden='false' data-av_icon='\ue8f1' data-av_iconfont='entypo-fontello' title='' data-avia-related-tooltip='Compartir en Twitter' rel=\"noopener\"><span class='avia_hidden_link_text'>Compartir en Twitter<\/span><\/a><\/li><li class='av-share-link av-social-link-whatsapp' ><a target=\"_blank\" aria-label=\"Compartir en Whatsapp\" href='https:\/\/api.whatsapp.com\/send?text=https:\/\/radiorevelacionfm.cl\/?p=10199' aria-hidden='false' data-av_icon='\uf232' data-av_iconfont='entypo-fontello' title='' data-avia-related-tooltip='Compartir en Whatsapp' rel=\"noopener\"><span class='avia_hidden_link_text'>Compartir en Whatsapp<\/span><\/a><\/li><li class='av-share-link av-social-link-linkedin' ><a target=\"_blank\" aria-label=\"Compartir en LinkedIn\" href='https:\/\/linkedin.com\/shareArticle?mini=true&#038;title=Autoridades%20informan%20sobre%20situaci%C3%B3n%20de%20conectividad%20en%20Lago%20General%20Carrera%20ante%20desperfecto%20en%20nave%20Pilchero&#038;url=https:\/\/radiorevelacionfm.cl\/?p=10199' aria-hidden='false' data-av_icon='\ue8fc' data-av_iconfont='entypo-fontello' title='' data-avia-related-tooltip='Compartir en LinkedIn' rel=\"noopener\"><span class='avia_hidden_link_text'>Compartir en LinkedIn<\/span><\/a><\/li><li class='av-share-link av-social-link-mail' ><a  aria-label=\"Compartir por correo\" href='mailto:?subject=Autoridades%20informan%20sobre%20situaci%C3%B3n%20de%20conectividad%20en%20Lago%20General%20Carrera%20ante%20desperfecto%20en%20nave%20Pilchero&#038;body=https:\/\/radiorevelacionfm.cl\/?p=10199' aria-hidden='false' data-av_icon='\ue805' data-av_iconfont='entypo-fontello' title='' data-avia-related-tooltip='Compartir por correo'><span class='avia_hidden_link_text'>Compartir por correo<\/span><\/a><\/li><\/ul><\/div><\/div>\n<div  style='height:50px' class='hr hr-invisible   avia-builder-el-8  el_after_av_social_share  el_before_av_comments_list '><span class='hr-inner ' ><span class='hr-inner-style'><\/span><\/span><\/div>\n<div  class='av-buildercomment  av-blog-meta-html-info-disabled av-blog-meta-tag-disabled  '><\/div>\n","protected":false},"excerpt":{"rendered":"","protected":false},"author":1,"featured_media":10200,"comment_status":"open","ping_status":"open","sticky":false,"template":"","format":"standard","meta":{"footnotes":""},"categories":[38],"tags":[],"class_list":["post-10199","post","type-post","status-publish","format-standard","has-post-thumbnail","hentry","category-regional"],"jetpack_featured_media_url":"https:\/\/radiorevelacionfm.cl\/wp-content\/uploads\/2021\/11\/PILCHERO-1-1.jpeg","_links":{"self":[{"href":"https:\/\/radiorevelacionfm.cl\/index.php?rest_route=\/wp\/v2\/posts\/10199","targetHints":{"allow":["GET"]}}],"collection":[{"href":"https:\/\/radiorevelacionfm.cl\/index.php?rest_route=\/wp\/v2\/posts"}],"about":[{"href":"https:\/\/radiorevelacionfm.cl\/index.php?rest_route=\/wp\/v2\/types\/post"}],"author":[{"embeddable":true,"href":"https:\/\/radiorevelacionfm.cl\/index.php?rest_route=\/wp\/v2\/users\/1"}],"replies":[{"embeddable":true,"href":"https:\/\/radiorevelacionfm.cl\/index.php?rest_route=%2Fwp%2Fv2%2Fcomments&post=10199"}],"version-history":[{"count":1,"href":"https:\/\/radiorevelacionfm.cl\/index.php?rest_route=\/wp\/v2\/posts\/10199\/revisions"}],"predecessor-version":[{"id":10201,"href":"https:\/\/radiorevelacionfm.cl\/index.php?rest_route=\/wp\/v2\/posts\/10199\/revisions\/10201"}],"wp:featuredmedia":[{"embeddable":true,"href":"https:\/\/radiorevelacionfm.cl\/index.php?rest_route=\/wp\/v2\/media\/10200"}],"wp:attachment":[{"href":"https:\/\/radiorevelacionfm.cl\/index.php?rest_route=%2Fwp%2Fv2%2Fmedia&parent=10199"}],"wp:term":[{"taxonomy":"category","embeddable":true,"href":"https:\/\/radiorevelacionfm.cl\/index.php?rest_route=%2Fwp%2Fv2%2Fcategories&post=10199"},{"taxonomy":"post_tag","embeddable":true,"href":"https:\/\/radiorevelacionfm.cl\/index.php?rest_route=%2Fwp%2Fv2%2Ftags&post=10199"}],"curies":[{"name":"wp","href":"https:\/\/api.w.org\/{rel}","templated":true}]}}