{"id":10196,"date":"2021-11-01T18:20:11","date_gmt":"2021-11-01T21:20:11","guid":{"rendered":"https:\/\/radiorevelacionfm.cl\/?p=10196"},"modified":"2021-11-01T18:20:11","modified_gmt":"2021-11-01T21:20:11","slug":"autoridades-del-trabajo-instan-a-continuar-con-protocolos-sanitarios-laborales","status":"publish","type":"post","link":"https:\/\/radiorevelacionfm.cl\/?p=10196","title":{"rendered":"Autoridades del Trabajo instan a continuar con protocolos sanitarios laborales"},"content":{"rendered":"<div class=\"flex_column av_one_full  flex_column_div av-zero-column-padding first  avia-builder-el-0  el_before_av_one_full  avia-builder-el-first  \" style='border-radius:0px; '><div  class='avia-image-container  av-styling-    avia-builder-el-1  avia-builder-el-no-sibling  avia-align-center '  itemprop=\"image\" itemscope=\"itemscope\" itemtype=\"https:\/\/schema.org\/ImageObject\"  ><div class='avia-image-container-inner'><div class='avia-image-overlay-wrap'><img decoding=\"async\" class='wp-image-10197 avia-img-lazy-loading-not-10197 avia_image' src=\"https:\/\/radiorevelacionfm.cl\/wp-content\/uploads\/2021\/11\/visita_dt-nac-11b-1_optimized.jpg\" alt='' title='visita_dt-nac-(11)b-(1)_optimized' height=\"600\" width=\"865\"  itemprop=\"thumbnailUrl\" srcset=\"https:\/\/radiorevelacionfm.cl\/wp-content\/uploads\/2021\/11\/visita_dt-nac-11b-1_optimized.jpg 865w, https:\/\/radiorevelacionfm.cl\/wp-content\/uploads\/2021\/11\/visita_dt-nac-11b-1_optimized-300x208.jpg 300w, https:\/\/radiorevelacionfm.cl\/wp-content\/uploads\/2021\/11\/visita_dt-nac-11b-1_optimized-768x533.jpg 768w, https:\/\/radiorevelacionfm.cl\/wp-content\/uploads\/2021\/11\/visita_dt-nac-11b-1_optimized-705x489.jpg 705w, https:\/\/radiorevelacionfm.cl\/wp-content\/uploads\/2021\/11\/visita_dt-nac-11b-1_optimized-600x416.jpg 600w\" sizes=\"(max-width: 865px) 100vw, 865px\" \/><\/div><\/div><\/div><\/div><div class=\"flex_column av_one_full  flex_column_div av-zero-column-padding first  avia-builder-el-2  el_after_av_one_full  el_before_av_one_full  column-top-margin\" style='border-radius:0px; '><section class=\"av_textblock_section \"  itemscope=\"itemscope\" itemtype=\"https:\/\/schema.org\/BlogPosting\" itemprop=\"blogPost\" ><div class='avia_textblock  '   itemprop=\"text\" ><p style=\"text-align: center;\"><strong><span style=\"font-size: 18pt;\">Autoridades del Trabajo instan a continuar con protocolos sanitarios laborales<\/span><\/strong><\/p>\n<div id=\"gtx-trans\" style=\"position: absolute; left: -50px; top: 4.31534px;\">\n<div class=\"gtx-trans-icon\"><\/div>\n<\/div>\n<\/div><\/section><\/div><div class=\"flex_column av_one_full  flex_column_div av-zero-column-padding first  avia-builder-el-4  el_after_av_one_full  el_before_av_hr  column-top-margin\" style='border-radius:0px; '><section class=\"av_textblock_section \"  itemscope=\"itemscope\" itemtype=\"https:\/\/schema.org\/BlogPosting\" itemprop=\"blogPost\" ><div class='avia_textblock  '   itemprop=\"text\" ><p class=\"v1MsoNormal\" style=\"text-align: justify;\"><span lang=\"ES\">\u00abLa pandemia no ha acabado y hay que seguir implementando los protocolos laborales de prevenci\u00f3n de Covid 19\u00bb fue el llamado que realizaron la Directora Nacional del Trabajo, Lilia Jerez junto a la Seremi del Trabajo y Previsi\u00f3n Social, Andrea Ponce y a la Directora Regional de la instituci\u00f3n, Victoria Sierra, en los encuentros con trabajadores y empleadores que desarrollaron durante la visita de la autoridad nacional a la Regi\u00f3n de Ays\u00e9n.<\/span><\/p>\n<p class=\"v1MsoNormal\" style=\"text-align: justify;\"><span lang=\"ES\">Luego del recorrido a una obra de pavimentaci\u00f3n de la Ruta 7 -cerca de Villa Ortega- y a la visita a dos centros de cultivos en el Fiordo Ays\u00e9n, la Directora Regional del Trabajo, Victoria Sierra hizo hincapi\u00e9 en la labor que se ha desarrollado durante la pandemia.<\/span><\/p>\n<p class=\"v1MsoNormal\" style=\"text-align: justify;\"><span lang=\"ES\">\u00abQuiero destacar el trabajo que hemos realizado con los consejeros del CTRU -Consejo Tripartito de Usuarios-, donde participan dirigentes sindicales, trabajadores, gremios de empleadores y empresas locales, hemos ido avanzando en un trabajo mancomunado en la implementaci\u00f3n de diversas acciones, como la promoci\u00f3n de los protocolos sanitarios laborales y la importancia del Formulario \u00danico de Fiscalizaci\u00f3n, difundiendo buenas pr\u00e1cticas. Junto con fiscalizar, nuestro rol como Direcci\u00f3n del Trabajo es orientar tanto a trabajadores como a empleadores en el cumplimiento de las leyes laborales y por ello, tambi\u00e9n queremos reforzar el llamado a solicitar orientaci\u00f3n, realizar las denuncias cuando sea pertinente y a no dejar de lado los protocolos para disminuir los contagios por Covid 19 en el \u00e1mbito laboral. El Formulario \u00danico de Fiscalizaci\u00f3n est\u00e1 en plena vigencia, les recordamos que es la hoja de ruta que deben aplicar en los lugares de trabajo y es el instrumento que utilizamos en las fiscalizaciones, tanto las Inspecciones del Trabajo como la Seremi de Salud\u00bb, acot\u00f3.<\/span><\/p>\n<p class=\"v1MsoNormal\" style=\"text-align: justify;\"><span lang=\"ES\">En tanto, la Seremi del Trabajo y Previsi\u00f3n Social, Andrea Ponce, recalc\u00f3 la importancia de seguir ejecutando los protocolos, \u00abHan sido dos a\u00f1os complejos en materia laboral y me gustar\u00eda destacar la importante labor que ha realizado la Direcci\u00f3n del Trabajo con sus inspecciones, desarrollando\u00a0<\/span>1.951 fiscalizaciones en el a\u00f1o 2020 y 1.452 hasta octubre de este a\u00f1o, velando por el cumplimiento de las leyes laborales en la regi\u00f3n\u00bb, mencion\u00f3.<\/p>\n<p class=\"v1MsoNormal\" style=\"text-align: justify;\">Con respecto a los protocolos, la autoridad a\u00f1adi\u00f3,\u00a0<span lang=\"ES\">\u00abAfortunadamente en nuestra Regi\u00f3n de Ays\u00e9n han existido pocos casos de contagios masivos por Covid 19 en el \u00e1mbito laboral. Sin embargo, no debemos descuidarnos y les solicitamos continuar implementando los protocolos, el Formulario \u00danico de Fiscalizaci\u00f3n \u2013el cual pueden descargar desde el sitio web\u00a0<\/span><span lang=\"ES\"><a href=\"http:\/\/www.pasoapasolaboral.cl-\/\" target=\"_blank\" rel=\"noopener noreferrer\">www.pasoapasolaboral.cl-<\/a><\/span><span lang=\"ES\">\u00a0y conocer las leyes relacionadas con seguridad e higiene, como la Ley de Retorno Gradual y Seguro al Trabajo. La pandemia todav\u00eda sigue presente y por lo mismo, los invitamos a vacunarse, tanto a quienes no se han colocado ninguna vacuna o a quienes tienen que vacunarse con la dosis de refuerzo, ya que hay estudios que indican que son un apoyo en la disminuci\u00f3n de los contagios y en la gravedad de los contagios, por lo tanto, los llamamos a que se acerquen a los centros de vacunaci\u00f3n, recordando que, gracias a una nueva ley de mayo de este a\u00f1o, todos los trabajadores y trabajadoras tienen \u00bd d\u00eda de permiso para vacunarse\u00bb, subray\u00f3 la Seremi Ponce.<\/span><\/p>\n<p class=\"v1MsoNormal\" style=\"text-align: justify;\"><span lang=\"ES\">Tanto en la reuni\u00f3n de CTRU, como en la visita a dos centros de cultivos de salmones y en la pavimentaci\u00f3n de la Carretera Austral, Ruta 7 Norte, las autoridades reforzaron los protocolos sanitarios y el Formulario \u00danico de Fiscalizaci\u00f3n, adem\u00e1s de difundir los avances y desaf\u00edos de la implementaci\u00f3n de la ley de Modernizaci\u00f3n de la Direcci\u00f3n del Trabajo con los cambios relacionados al<\/span>\u00a0fortalecimiento de los canales electr\u00f3nicos, avances en gesti\u00f3n y fiscalizaci\u00f3n electr\u00f3nica, disminuci\u00f3n de los tiempos de\u00a0<span lang=\"ES\">espera y digitalizaci\u00f3n de tr\u00e1mites<\/span><span lang=\"ES\">\u00a0<\/span>y gestiones que antes trabajadores, dirigentes sindicales y empleadores deb\u00edan efectuar presencialmente en las inspecciones del trabajo.<\/p>\n<\/div><\/section><\/div><div  style='height:50px' class='hr hr-invisible   avia-builder-el-6  el_after_av_one_full  el_before_av_social_share '><span class='hr-inner ' ><span class='hr-inner-style'><\/span><\/span><\/div><\/p>\n<div  class='av-social-sharing-box  avia-builder-el-7  el_after_av_hr  el_before_av_hr  '><div class='av-share-box'><h5 class='av-share-link-description av-no-toc '>Compartir esta noticia<\/h5><ul class='av-share-box-list noLightbox'><li class='av-share-link av-social-link-facebook' ><a target=\"_blank\" aria-label=\"Compartir en Facebook\" href='https:\/\/www.facebook.com\/sharer.php?u=https:\/\/radiorevelacionfm.cl\/?p=10196&#038;t=Autoridades%20del%20Trabajo%20instan%20a%20continuar%20con%20protocolos%20sanitarios%20laborales' aria-hidden='false' data-av_icon='\ue8f3' data-av_iconfont='entypo-fontello' title='' data-avia-related-tooltip='Compartir en Facebook' rel=\"noopener\"><span class='avia_hidden_link_text'>Compartir en Facebook<\/span><\/a><\/li><li class='av-share-link av-social-link-twitter' ><a target=\"_blank\" aria-label=\"Compartir en Twitter\" href='https:\/\/twitter.com\/share?text=Autoridades%20del%20Trabajo%20instan%20a%20continuar%20con%20protocolos%20sanitarios%20laborales&#038;url=https:\/\/radiorevelacionfm.cl\/?p=10196' aria-hidden='false' data-av_icon='\ue8f1' data-av_iconfont='entypo-fontello' title='' data-avia-related-tooltip='Compartir en Twitter' rel=\"noopener\"><span class='avia_hidden_link_text'>Compartir en Twitter<\/span><\/a><\/li><li class='av-share-link av-social-link-whatsapp' ><a target=\"_blank\" aria-label=\"Compartir en Whatsapp\" href='https:\/\/api.whatsapp.com\/send?text=https:\/\/radiorevelacionfm.cl\/?p=10196' aria-hidden='false' data-av_icon='\uf232' data-av_iconfont='entypo-fontello' title='' data-avia-related-tooltip='Compartir en Whatsapp' rel=\"noopener\"><span class='avia_hidden_link_text'>Compartir en Whatsapp<\/span><\/a><\/li><li class='av-share-link av-social-link-linkedin' ><a target=\"_blank\" aria-label=\"Compartir en LinkedIn\" href='https:\/\/linkedin.com\/shareArticle?mini=true&#038;title=Autoridades%20del%20Trabajo%20instan%20a%20continuar%20con%20protocolos%20sanitarios%20laborales&#038;url=https:\/\/radiorevelacionfm.cl\/?p=10196' aria-hidden='false' data-av_icon='\ue8fc' data-av_iconfont='entypo-fontello' title='' data-avia-related-tooltip='Compartir en LinkedIn' rel=\"noopener\"><span class='avia_hidden_link_text'>Compartir en LinkedIn<\/span><\/a><\/li><li class='av-share-link av-social-link-mail' ><a  aria-label=\"Compartir por correo\" href='mailto:?subject=Autoridades%20del%20Trabajo%20instan%20a%20continuar%20con%20protocolos%20sanitarios%20laborales&#038;body=https:\/\/radiorevelacionfm.cl\/?p=10196' aria-hidden='false' data-av_icon='\ue805' data-av_iconfont='entypo-fontello' title='' data-avia-related-tooltip='Compartir por correo'><span class='avia_hidden_link_text'>Compartir por correo<\/span><\/a><\/li><\/ul><\/div><\/div>\n<div  style='height:50px' class='hr hr-invisible   avia-builder-el-8  el_after_av_social_share  el_before_av_comments_list '><span class='hr-inner ' ><span class='hr-inner-style'><\/span><\/span><\/div>\n<div  class='av-buildercomment  av-blog-meta-html-info-disabled av-blog-meta-tag-disabled  '><\/div>\n","protected":false},"excerpt":{"rendered":"","protected":false},"author":1,"featured_media":10197,"comment_status":"open","ping_status":"open","sticky":false,"template":"","format":"standard","meta":{"footnotes":""},"categories":[56],"tags":[],"class_list":["post-10196","post","type-post","status-publish","format-standard","has-post-thumbnail","hentry","category-trabajo"],"jetpack_featured_media_url":"https:\/\/radiorevelacionfm.cl\/wp-content\/uploads\/2021\/11\/visita_dt-nac-11b-1_optimized.jpg","_links":{"self":[{"href":"https:\/\/radiorevelacionfm.cl\/index.php?rest_route=\/wp\/v2\/posts\/10196","targetHints":{"allow":["GET"]}}],"collection":[{"href":"https:\/\/radiorevelacionfm.cl\/index.php?rest_route=\/wp\/v2\/posts"}],"about":[{"href":"https:\/\/radiorevelacionfm.cl\/index.php?rest_route=\/wp\/v2\/types\/post"}],"author":[{"embeddable":true,"href":"https:\/\/radiorevelacionfm.cl\/index.php?rest_route=\/wp\/v2\/users\/1"}],"replies":[{"embeddable":true,"href":"https:\/\/radiorevelacionfm.cl\/index.php?rest_route=%2Fwp%2Fv2%2Fcomments&post=10196"}],"version-history":[{"count":1,"href":"https:\/\/radiorevelacionfm.cl\/index.php?rest_route=\/wp\/v2\/posts\/10196\/revisions"}],"predecessor-version":[{"id":10198,"href":"https:\/\/radiorevelacionfm.cl\/index.php?rest_route=\/wp\/v2\/posts\/10196\/revisions\/10198"}],"wp:featuredmedia":[{"embeddable":true,"href":"https:\/\/radiorevelacionfm.cl\/index.php?rest_route=\/wp\/v2\/media\/10197"}],"wp:attachment":[{"href":"https:\/\/radiorevelacionfm.cl\/index.php?rest_route=%2Fwp%2Fv2%2Fmedia&parent=10196"}],"wp:term":[{"taxonomy":"category","embeddable":true,"href":"https:\/\/radiorevelacionfm.cl\/index.php?rest_route=%2Fwp%2Fv2%2Fcategories&post=10196"},{"taxonomy":"post_tag","embeddable":true,"href":"https:\/\/radiorevelacionfm.cl\/index.php?rest_route=%2Fwp%2Fv2%2Ftags&post=10196"}],"curies":[{"name":"wp","href":"https:\/\/api.w.org\/{rel}","templated":true}]}}