{"id":10138,"date":"2021-10-28T21:27:32","date_gmt":"2021-10-29T00:27:32","guid":{"rendered":"https:\/\/radiorevelacionfm.cl\/?p=10138"},"modified":"2021-10-28T21:27:32","modified_gmt":"2021-10-29T00:27:32","slug":"a-toda-marcha-trabajan-en-despeje-para-habilitar-rutas-de-la-comuna-de-ibanez","status":"publish","type":"post","link":"https:\/\/radiorevelacionfm.cl\/?p=10138","title":{"rendered":"A toda marcha trabajan en despeje para habilitar rutas de la comuna de Iba\u00f1ez"},"content":{"rendered":"<div class=\"flex_column av_one_full  flex_column_div av-zero-column-padding first  avia-builder-el-0  el_before_av_one_full  avia-builder-el-first  \" style='border-radius:0px; '><div  class='avia-image-container  av-styling-    avia-builder-el-1  avia-builder-el-no-sibling  avia-align-center '  itemprop=\"image\" itemscope=\"itemscope\" itemtype=\"https:\/\/schema.org\/ImageObject\"  ><div class='avia-image-container-inner'><div class='avia-image-overlay-wrap'><img decoding=\"async\" class='wp-image-10139 avia-img-lazy-loading-not-10139 avia_image' src=\"https:\/\/radiorevelacionfm.cl\/wp-content\/uploads\/2021\/10\/despeje-ruta-1_optimized.jpg\" alt='' title='despeje-ruta-(1)_optimized' height=\"600\" width=\"816\"  itemprop=\"thumbnailUrl\" srcset=\"https:\/\/radiorevelacionfm.cl\/wp-content\/uploads\/2021\/10\/despeje-ruta-1_optimized.jpg 816w, https:\/\/radiorevelacionfm.cl\/wp-content\/uploads\/2021\/10\/despeje-ruta-1_optimized-300x221.jpg 300w, https:\/\/radiorevelacionfm.cl\/wp-content\/uploads\/2021\/10\/despeje-ruta-1_optimized-768x565.jpg 768w, https:\/\/radiorevelacionfm.cl\/wp-content\/uploads\/2021\/10\/despeje-ruta-1_optimized-705x518.jpg 705w, https:\/\/radiorevelacionfm.cl\/wp-content\/uploads\/2021\/10\/despeje-ruta-1_optimized-600x441.jpg 600w\" sizes=\"(max-width: 816px) 100vw, 816px\" \/><\/div><\/div><\/div><\/div><div class=\"flex_column av_one_full  flex_column_div av-zero-column-padding first  avia-builder-el-2  el_after_av_one_full  el_before_av_one_full  column-top-margin\" style='border-radius:0px; '><section class=\"av_textblock_section \"  itemscope=\"itemscope\" itemtype=\"https:\/\/schema.org\/BlogPosting\" itemprop=\"blogPost\" ><div class='avia_textblock  '   itemprop=\"text\" ><p style=\"text-align: center;\"><strong><span style=\"font-size: 18pt;\">A toda marcha trabajan en despeje para habilitar rutas de la comuna de Iba\u00f1ez <\/span><\/strong><\/p>\n<div id=\"gtx-trans\" style=\"position: absolute; left: -50px; top: 4.31534px;\">\n<div class=\"gtx-trans-icon\"><\/div>\n<\/div>\n<\/div><\/section><\/div><div class=\"flex_column av_one_full  flex_column_div av-zero-column-padding first  avia-builder-el-4  el_after_av_one_full  el_before_av_hr  column-top-margin\" style='border-radius:0px; '><section class=\"av_textblock_section \"  itemscope=\"itemscope\" itemtype=\"https:\/\/schema.org\/BlogPosting\" itemprop=\"blogPost\" ><div class='avia_textblock  '   itemprop=\"text\" ><p style=\"font-weight: 400; text-align: justify;\">De acuerdo a informaci\u00f3n proporcionada por Onemi durante esta tarde, contin\u00faan los trabajos para restablecer la conectividad.<\/p>\n<p style=\"font-weight: 400; text-align: justify;\">Debido a las condiciones clim\u00e1ticas de viento y lluvia que afectaron a la regi\u00f3n de Ays\u00e9n, se han producido alteraciones de conectividad terrestre en la ruta 7 Sur comuna de Rio Ib\u00e1\u00f1ez, Provincia de General Carrera y otras rutas, el cual se detalla a continuaci\u00f3n:<\/p>\n<ul>\n<li style=\"text-align: justify;\">Sector ruta 7 sur km 795, distante a 2 km al norte del cruce Murta, se registra corte total de ruta, producto de remoci\u00f3n en masa de unos 370 metros de largo por unas 1500 toneladas de material rocoso, lodo y \u00e1rboles, lo cual mantiene cortada la ruta para todo tipo de veh\u00edculos, personal de vialidad informa que al d\u00eda de hoy se han logrado despejar un total de 270 mts, faltando aun 100 mts por despejar, se mantienen los trabajos con maquinaria tanto por el lado sur y norte de la ruta 7 Sur donde se produjo la remoci\u00f3n en masa.<\/li>\n<li style=\"text-align: justify;\">Personal de Carabineros de la Tenencia de Ib\u00e1\u00f1ez se encuentra a la Salida sur de la Localidad de Cerro Castillo de la Comuna de Rio Ib\u00e1\u00f1ez, los cuales realizaran corte de ruta, dando paso a usuarios del sector hasta el sector Traiguanca. Y en el sector sur \u00a0corte y control dejando paso a los usuarios hasta la localidad de Bah\u00eda Murta.<\/li>\n<li style=\"text-align: justify;\">En la Comuna de Rio Ib\u00e1\u00f1ez en sector de puerto rio Tranquilo, ruta hacia el sector exploradores en el km 20 se registra corte total de la ruta por agua sobre la carpeta, se evaluara el d\u00eda de ma\u00f1ana la condici\u00f3n de esta ruta por parte de personal de Vialidad.<\/li>\n<li style=\"text-align: justify;\">Se informa que el d\u00eda jueves 28 y S\u00e1bado 30 del presente mes se reforzar\u00e1 la conectividad lacustre entre chile chico e Ib\u00e1\u00f1ez y viceversa sumando un viaje m\u00e1s en ambos d\u00edas con la barcaza subvencionada.<\/li>\n<li style=\"text-align: justify;\">En relaci\u00f3n a la Ruta 7 y 265 desde Cochrane a Chile Chico transitable para todo tipo de veh\u00edculos.<\/li>\n<li style=\"text-align: justify;\">Cabe se\u00f1alar que la ruta 7 norte al momento se encuentra sin novedades y con transito habilitado para todo tipo de veh\u00edculos.<\/li>\n<\/ul>\n<p style=\"text-align: justify;\"><strong>CURSOS DE ACCI\u00d3N<\/strong><\/p>\n<p style=\"font-weight: 400; text-align: justify;\">Personal de Vialidad en conjunto junto con empresa de conservaci\u00f3n global continuar\u00e1n los trabajos a primera hora del d\u00eda de ma\u00f1ana en sector de la remoci\u00f3n en masa ruta 7 sur.<\/p>\n<p style=\"font-weight: 400; text-align: justify;\">Carabineros mantiene cortes preventivos en los sectores antes se\u00f1alados.<\/p>\n<\/div><\/section><\/div><div  style='height:50px' class='hr hr-invisible   avia-builder-el-6  el_after_av_one_full  el_before_av_social_share '><span class='hr-inner ' ><span class='hr-inner-style'><\/span><\/span><\/div><\/p>\n<div  class='av-social-sharing-box  avia-builder-el-7  el_after_av_hr  el_before_av_hr  '><div class='av-share-box'><h5 class='av-share-link-description av-no-toc '>Compartir esta noticia<\/h5><ul class='av-share-box-list noLightbox'><li class='av-share-link av-social-link-facebook' ><a target=\"_blank\" aria-label=\"Compartir en Facebook\" href='https:\/\/www.facebook.com\/sharer.php?u=https:\/\/radiorevelacionfm.cl\/?p=10138&#038;t=A%20toda%20marcha%20trabajan%20en%20despeje%20para%20habilitar%20rutas%20de%20la%20comuna%20de%20Iba%C3%B1ez' aria-hidden='false' data-av_icon='\ue8f3' data-av_iconfont='entypo-fontello' title='' data-avia-related-tooltip='Compartir en Facebook' rel=\"noopener\"><span class='avia_hidden_link_text'>Compartir en Facebook<\/span><\/a><\/li><li class='av-share-link av-social-link-twitter' ><a target=\"_blank\" aria-label=\"Compartir en Twitter\" href='https:\/\/twitter.com\/share?text=A%20toda%20marcha%20trabajan%20en%20despeje%20para%20habilitar%20rutas%20de%20la%20comuna%20de%20Iba%C3%B1ez&#038;url=https:\/\/radiorevelacionfm.cl\/?p=10138' aria-hidden='false' data-av_icon='\ue8f1' data-av_iconfont='entypo-fontello' title='' data-avia-related-tooltip='Compartir en Twitter' rel=\"noopener\"><span class='avia_hidden_link_text'>Compartir en Twitter<\/span><\/a><\/li><li class='av-share-link av-social-link-whatsapp' ><a target=\"_blank\" aria-label=\"Compartir en Whatsapp\" href='https:\/\/api.whatsapp.com\/send?text=https:\/\/radiorevelacionfm.cl\/?p=10138' aria-hidden='false' data-av_icon='\uf232' data-av_iconfont='entypo-fontello' title='' data-avia-related-tooltip='Compartir en Whatsapp' rel=\"noopener\"><span class='avia_hidden_link_text'>Compartir en Whatsapp<\/span><\/a><\/li><li class='av-share-link av-social-link-linkedin' ><a target=\"_blank\" aria-label=\"Compartir en LinkedIn\" href='https:\/\/linkedin.com\/shareArticle?mini=true&#038;title=A%20toda%20marcha%20trabajan%20en%20despeje%20para%20habilitar%20rutas%20de%20la%20comuna%20de%20Iba%C3%B1ez&#038;url=https:\/\/radiorevelacionfm.cl\/?p=10138' aria-hidden='false' data-av_icon='\ue8fc' data-av_iconfont='entypo-fontello' title='' data-avia-related-tooltip='Compartir en LinkedIn' rel=\"noopener\"><span class='avia_hidden_link_text'>Compartir en LinkedIn<\/span><\/a><\/li><li class='av-share-link av-social-link-mail' ><a  aria-label=\"Compartir por correo\" href='mailto:?subject=A%20toda%20marcha%20trabajan%20en%20despeje%20para%20habilitar%20rutas%20de%20la%20comuna%20de%20Iba%C3%B1ez&#038;body=https:\/\/radiorevelacionfm.cl\/?p=10138' aria-hidden='false' data-av_icon='\ue805' data-av_iconfont='entypo-fontello' title='' data-avia-related-tooltip='Compartir por correo'><span class='avia_hidden_link_text'>Compartir por correo<\/span><\/a><\/li><\/ul><\/div><\/div>\n<div  style='height:50px' class='hr hr-invisible   avia-builder-el-8  el_after_av_social_share  el_before_av_comments_list '><span class='hr-inner ' ><span class='hr-inner-style'><\/span><\/span><\/div>\n<div  class='av-buildercomment  av-blog-meta-html-info-disabled av-blog-meta-tag-disabled  '><\/div>\n","protected":false},"excerpt":{"rendered":"","protected":false},"author":1,"featured_media":10139,"comment_status":"open","ping_status":"open","sticky":false,"template":"","format":"standard","meta":{"footnotes":""},"categories":[38],"tags":[],"class_list":["post-10138","post","type-post","status-publish","format-standard","has-post-thumbnail","hentry","category-regional"],"jetpack_featured_media_url":"https:\/\/radiorevelacionfm.cl\/wp-content\/uploads\/2021\/10\/despeje-ruta-1_optimized.jpg","_links":{"self":[{"href":"https:\/\/radiorevelacionfm.cl\/index.php?rest_route=\/wp\/v2\/posts\/10138","targetHints":{"allow":["GET"]}}],"collection":[{"href":"https:\/\/radiorevelacionfm.cl\/index.php?rest_route=\/wp\/v2\/posts"}],"about":[{"href":"https:\/\/radiorevelacionfm.cl\/index.php?rest_route=\/wp\/v2\/types\/post"}],"author":[{"embeddable":true,"href":"https:\/\/radiorevelacionfm.cl\/index.php?rest_route=\/wp\/v2\/users\/1"}],"replies":[{"embeddable":true,"href":"https:\/\/radiorevelacionfm.cl\/index.php?rest_route=%2Fwp%2Fv2%2Fcomments&post=10138"}],"version-history":[{"count":1,"href":"https:\/\/radiorevelacionfm.cl\/index.php?rest_route=\/wp\/v2\/posts\/10138\/revisions"}],"predecessor-version":[{"id":10140,"href":"https:\/\/radiorevelacionfm.cl\/index.php?rest_route=\/wp\/v2\/posts\/10138\/revisions\/10140"}],"wp:featuredmedia":[{"embeddable":true,"href":"https:\/\/radiorevelacionfm.cl\/index.php?rest_route=\/wp\/v2\/media\/10139"}],"wp:attachment":[{"href":"https:\/\/radiorevelacionfm.cl\/index.php?rest_route=%2Fwp%2Fv2%2Fmedia&parent=10138"}],"wp:term":[{"taxonomy":"category","embeddable":true,"href":"https:\/\/radiorevelacionfm.cl\/index.php?rest_route=%2Fwp%2Fv2%2Fcategories&post=10138"},{"taxonomy":"post_tag","embeddable":true,"href":"https:\/\/radiorevelacionfm.cl\/index.php?rest_route=%2Fwp%2Fv2%2Ftags&post=10138"}],"curies":[{"name":"wp","href":"https:\/\/api.w.org\/{rel}","templated":true}]}}