{"id":10135,"date":"2021-10-28T20:20:47","date_gmt":"2021-10-28T23:20:47","guid":{"rendered":"https:\/\/radiorevelacionfm.cl\/?p=10135"},"modified":"2021-10-28T20:20:47","modified_gmt":"2021-10-28T23:20:47","slug":"diputados-de-la-region-critican-a-boric-por-votar-en-contra-de-proyecto-que-disminuia-en-un-50-el-impuesto-especifico-a-los-combustibles","status":"publish","type":"post","link":"https:\/\/radiorevelacionfm.cl\/?p=10135","title":{"rendered":"Diputados de la regi\u00f3n critican a Boric por votar en contra de proyecto que disminu\u00eda en un 50% el impuesto espec\u00edfico a los combustibles"},"content":{"rendered":"<div class=\"flex_column av_one_full  flex_column_div av-zero-column-padding first  avia-builder-el-0  el_before_av_one_full  avia-builder-el-first  \" style='border-radius:0px; '><div  class='avia-image-container  av-styling-    avia-builder-el-1  avia-builder-el-no-sibling  avia-align-center '  itemprop=\"image\" itemscope=\"itemscope\" itemtype=\"https:\/\/schema.org\/ImageObject\"  ><div class='avia-image-container-inner'><div class='avia-image-overlay-wrap'><img decoding=\"async\" class='wp-image-10136 avia-img-lazy-loading-not-10136 avia_image' src=\"https:\/\/radiorevelacionfm.cl\/wp-content\/uploads\/2021\/10\/DIPUTADOS-DE-AYSEN-ARCHIVO1-1-1.jpg\" alt='' title='DIPUTADOS DE AYSEN ARCHIVO1 (1) (1)' height=\"600\" width=\"1058\"  itemprop=\"thumbnailUrl\" srcset=\"https:\/\/radiorevelacionfm.cl\/wp-content\/uploads\/2021\/10\/DIPUTADOS-DE-AYSEN-ARCHIVO1-1-1.jpg 1058w, https:\/\/radiorevelacionfm.cl\/wp-content\/uploads\/2021\/10\/DIPUTADOS-DE-AYSEN-ARCHIVO1-1-1-300x170.jpg 300w, https:\/\/radiorevelacionfm.cl\/wp-content\/uploads\/2021\/10\/DIPUTADOS-DE-AYSEN-ARCHIVO1-1-1-1030x584.jpg 1030w, https:\/\/radiorevelacionfm.cl\/wp-content\/uploads\/2021\/10\/DIPUTADOS-DE-AYSEN-ARCHIVO1-1-1-768x436.jpg 768w, https:\/\/radiorevelacionfm.cl\/wp-content\/uploads\/2021\/10\/DIPUTADOS-DE-AYSEN-ARCHIVO1-1-1-705x400.jpg 705w, https:\/\/radiorevelacionfm.cl\/wp-content\/uploads\/2021\/10\/DIPUTADOS-DE-AYSEN-ARCHIVO1-1-1-600x340.jpg 600w\" sizes=\"(max-width: 1058px) 100vw, 1058px\" \/><\/div><\/div><\/div><\/div><div class=\"flex_column av_one_full  flex_column_div av-zero-column-padding first  avia-builder-el-2  el_after_av_one_full  el_before_av_one_full  column-top-margin\" style='border-radius:0px; '><section class=\"av_textblock_section \"  itemscope=\"itemscope\" itemtype=\"https:\/\/schema.org\/BlogPosting\" itemprop=\"blogPost\" ><div class='avia_textblock  '   itemprop=\"text\" ><p style=\"text-align: center;\"><span style=\"font-size: 18pt;\"><b><span lang=\"ES\">Diputados de la regi\u00f3n critican a Boric por votar en contra de proyecto que disminu\u00eda en un 50% el impuesto espec\u00edfico a los combustibles<\/span><\/b><\/span><\/p>\n<div id=\"gtx-trans\" style=\"position: absolute; left: -50px; top: 4.31534px;\">\n<div class=\"gtx-trans-icon\"><\/div>\n<\/div>\n<\/div><\/section><\/div><div class=\"flex_column av_one_full  flex_column_div av-zero-column-padding first  avia-builder-el-4  el_after_av_one_full  el_before_av_hr  column-top-margin\" style='border-radius:0px; '><section class=\"av_textblock_section \"  itemscope=\"itemscope\" itemtype=\"https:\/\/schema.org\/BlogPosting\" itemprop=\"blogPost\" ><div class='avia_textblock  '   itemprop=\"text\" ><p style=\"font-weight: 400; text-align: justify;\">Los diputados de la regi\u00f3n de Ays\u00e9n, Ren\u00e9 Alinco, Miguel \u00c1ngel Calisto y Aracely Leuqu\u00e9n, realizaron una fuerte cr\u00edtica al candidato Presidencial del pacto Apruebo Dignidad, Gabriel Boric, esto luego que \u00e9ste fuera uno de los parlamentarios que votaran en contra del proyecto que disminu\u00eda en un 50% el Impuesto Espec\u00edfico a los combustibles, el que inclu\u00eda tambi\u00e9n una indicaci\u00f3n que eliminaba este gravamen en las Zonas Extremas.<\/p>\n<p style=\"font-weight: 400; text-align: justify;\">Seg\u00fan la diputada Leuqu\u00e9n, \u201clamento profundamente que el diputado Gabriel Boric, que siendo representante de una zona tan extrema como Magallanes, haya votado en contra del proyecto que ped\u00eda rebajar el impuesto espec\u00edfico a las gasolinas automotrices, todo esto en el marco de lo que ha significado la pandemia y c\u00f3mo ha golpeado tan fuertemente al rubro del transporte, a los taxis colectivos y quienes entregan su servicio de transporte en regiones tan apartadas como la nuestra, donde el costo de vida es tremendamente elevado\u201d.<\/p>\n<p style=\"font-weight: 400; text-align: justify;\">\u201cLo lamentamos profundamente, porque hoy en d\u00eda unas de las ventajas corporativas que dice tener el candidato Boric es justamente su sinton\u00eda con el desarrollo de las regiones, y vemos un discurso absolutamente incongruente e inconsecuente con sus actos. \u00c9l tiene un discurso, pero no lo hace acci\u00f3n\u201d, indic\u00f3.<\/p>\n<p style=\"font-weight: 400; text-align: justify;\">Por su parte, el diputado Calisto afirm\u00f3 que \u201chace algunas semanas presentamos un proyecto que buscaba disminuir el impuesto espec\u00edfico de los combustibles, y una indicaci\u00f3n que lo eliminaba en las Zonas Extremas. Lamentablemente, el proyecto fue rechazado en la C\u00e1mara, con el voto de algunos diputados, liderados por Gabriel Boric\u201d.<\/p>\n<p style=\"font-weight: 400; text-align: justify;\">\u201cNosotros lamentamos esta determinaci\u00f3n, porque claramente demuestra la ceguera que existe respecto de la realidad que vivimos los habitantes de las Zonas Extremas. Necesitamos una atenci\u00f3n distinta y diferenciada respecto a valor del combustible. Tenemos localidades donde est\u00e1 llegando formalmente a los $1.200, y en algunos sectores donde no hay estaciones de servicio y existe la reventa, llega a los $1.400 el litro\u201d, se\u00f1al\u00f3.<\/p>\n<p style=\"font-weight: 400; text-align: justify;\">Calisto agreg\u00f3 que \u201cesto demuestra una desconexi\u00f3n absoluta de los parlamentarios que votaron este proyecto en contra, como Boric. Nosotros vamos a volver a insistir la pr\u00f3xima semana en un proyecto que estamos liderando con la diputada Amar de Magallanes, que busque eliminar el impuesto espec\u00edfico de los Combustibles en las Zonas Extremas, particularmente\u201d.<\/p>\n<p style=\"font-weight: 400; text-align: justify;\">Seg\u00fan el diputado Ren\u00e9 Alinco, \u201ccon Boric tenemos el t\u00edpico caso del cura Gatica, predica, pero no practica. Siendo una persona que vive en una zona extrema, demuestra totalmente que no conoce la realidad y todo el gasto que deben hacer las familias para movilizarse, como tambi\u00e9n las personas que viven de esto, como aquellos que tienen taxis colectivos o alg\u00fan emprendimiento de transporte\u201d.<\/p>\n<p style=\"font-weight: 400; text-align: justify;\">\u201cEn pandemia nuestra misi\u00f3n como diputados era buscar todas las herramientas para poder ir en ayuda de la gente que lo estaba pasando mal, y este proyecto era una gran ayuda para el bolsillo de las familias. Pero un grupo de diputados con una visi\u00f3n muy centralista, incluyendo a Boric, no quisieron dar el apoyo a este proyecto, porque en Santiago esto no es tema, pero en las Zonas Extremas claro que afecta a la econom\u00eda familiar\u201d, indic\u00f3.<\/p>\n<p style=\"font-weight: 400; text-align: justify;\">Finalmente, Ren\u00e9 Alinco asegur\u00f3 que \u201cen Ays\u00e9n pagamos los precios m\u00e1s caros de la bencina, superando incluso los $1.100 por litro en algunas localidades como Cochrane, e incluso mucho m\u00e1s caro en Melinka o Islas Huichas. Con esta votaci\u00f3n, el diputado Boric demuestra que no tiene ninguna sensibilidad con las demandas de la gente de las Zonas Extremas\u201d.<\/p>\n<\/div><\/section><\/div><div  style='height:50px' class='hr hr-invisible   avia-builder-el-6  el_after_av_one_full  el_before_av_social_share '><span class='hr-inner ' ><span class='hr-inner-style'><\/span><\/span><\/div><\/p>\n<div  class='av-social-sharing-box  avia-builder-el-7  el_after_av_hr  el_before_av_hr  '><div class='av-share-box'><h5 class='av-share-link-description av-no-toc '>Compartir esta noticia<\/h5><ul class='av-share-box-list noLightbox'><li class='av-share-link av-social-link-facebook' ><a target=\"_blank\" aria-label=\"Compartir en Facebook\" href='https:\/\/www.facebook.com\/sharer.php?u=https:\/\/radiorevelacionfm.cl\/?p=10135&#038;t=Diputados%20de%20la%20regi%C3%B3n%20critican%20a%20Boric%20por%20votar%20en%20contra%20de%20proyecto%20que%20disminu%C3%ADa%20en%20un%2050%25%20el%20impuesto%20espec%C3%ADfico%20a%20los%20combustibles' aria-hidden='false' data-av_icon='\ue8f3' data-av_iconfont='entypo-fontello' title='' data-avia-related-tooltip='Compartir en Facebook' rel=\"noopener\"><span class='avia_hidden_link_text'>Compartir en Facebook<\/span><\/a><\/li><li class='av-share-link av-social-link-twitter' ><a target=\"_blank\" aria-label=\"Compartir en Twitter\" href='https:\/\/twitter.com\/share?text=Diputados%20de%20la%20regi%C3%B3n%20critican%20a%20Boric%20por%20votar%20en%20contra%20de%20proyecto%20que%20disminu%C3%ADa%20en%20un%2050%25%20el%20impuesto%20espec%C3%ADfico%20a%20los%20combustibles&#038;url=https:\/\/radiorevelacionfm.cl\/?p=10135' aria-hidden='false' data-av_icon='\ue8f1' data-av_iconfont='entypo-fontello' title='' data-avia-related-tooltip='Compartir en Twitter' rel=\"noopener\"><span class='avia_hidden_link_text'>Compartir en Twitter<\/span><\/a><\/li><li class='av-share-link av-social-link-whatsapp' ><a target=\"_blank\" aria-label=\"Compartir en Whatsapp\" href='https:\/\/api.whatsapp.com\/send?text=https:\/\/radiorevelacionfm.cl\/?p=10135' aria-hidden='false' data-av_icon='\uf232' data-av_iconfont='entypo-fontello' title='' data-avia-related-tooltip='Compartir en Whatsapp' rel=\"noopener\"><span class='avia_hidden_link_text'>Compartir en Whatsapp<\/span><\/a><\/li><li class='av-share-link av-social-link-linkedin' ><a target=\"_blank\" aria-label=\"Compartir en LinkedIn\" href='https:\/\/linkedin.com\/shareArticle?mini=true&#038;title=Diputados%20de%20la%20regi%C3%B3n%20critican%20a%20Boric%20por%20votar%20en%20contra%20de%20proyecto%20que%20disminu%C3%ADa%20en%20un%2050%25%20el%20impuesto%20espec%C3%ADfico%20a%20los%20combustibles&#038;url=https:\/\/radiorevelacionfm.cl\/?p=10135' aria-hidden='false' data-av_icon='\ue8fc' data-av_iconfont='entypo-fontello' title='' data-avia-related-tooltip='Compartir en LinkedIn' rel=\"noopener\"><span class='avia_hidden_link_text'>Compartir en LinkedIn<\/span><\/a><\/li><li class='av-share-link av-social-link-mail' ><a  aria-label=\"Compartir por correo\" href='mailto:?subject=Diputados%20de%20la%20regi%C3%B3n%20critican%20a%20Boric%20por%20votar%20en%20contra%20de%20proyecto%20que%20disminu%C3%ADa%20en%20un%2050%25%20el%20impuesto%20espec%C3%ADfico%20a%20los%20combustibles&#038;body=https:\/\/radiorevelacionfm.cl\/?p=10135' aria-hidden='false' data-av_icon='\ue805' data-av_iconfont='entypo-fontello' title='' data-avia-related-tooltip='Compartir por correo'><span class='avia_hidden_link_text'>Compartir por correo<\/span><\/a><\/li><\/ul><\/div><\/div>\n<div  style='height:50px' class='hr hr-invisible   avia-builder-el-8  el_after_av_social_share  el_before_av_comments_list '><span class='hr-inner ' ><span class='hr-inner-style'><\/span><\/span><\/div>\n<div  class='av-buildercomment  av-blog-meta-html-info-disabled av-blog-meta-tag-disabled  '><\/div>\n","protected":false},"excerpt":{"rendered":"","protected":false},"author":1,"featured_media":10136,"comment_status":"open","ping_status":"open","sticky":false,"template":"","format":"standard","meta":{"footnotes":""},"categories":[35],"tags":[],"class_list":["post-10135","post","type-post","status-publish","format-standard","has-post-thumbnail","hentry","category-politica"],"jetpack_featured_media_url":"https:\/\/radiorevelacionfm.cl\/wp-content\/uploads\/2021\/10\/DIPUTADOS-DE-AYSEN-ARCHIVO1-1-1.jpg","_links":{"self":[{"href":"https:\/\/radiorevelacionfm.cl\/index.php?rest_route=\/wp\/v2\/posts\/10135","targetHints":{"allow":["GET"]}}],"collection":[{"href":"https:\/\/radiorevelacionfm.cl\/index.php?rest_route=\/wp\/v2\/posts"}],"about":[{"href":"https:\/\/radiorevelacionfm.cl\/index.php?rest_route=\/wp\/v2\/types\/post"}],"author":[{"embeddable":true,"href":"https:\/\/radiorevelacionfm.cl\/index.php?rest_route=\/wp\/v2\/users\/1"}],"replies":[{"embeddable":true,"href":"https:\/\/radiorevelacionfm.cl\/index.php?rest_route=%2Fwp%2Fv2%2Fcomments&post=10135"}],"version-history":[{"count":1,"href":"https:\/\/radiorevelacionfm.cl\/index.php?rest_route=\/wp\/v2\/posts\/10135\/revisions"}],"predecessor-version":[{"id":10137,"href":"https:\/\/radiorevelacionfm.cl\/index.php?rest_route=\/wp\/v2\/posts\/10135\/revisions\/10137"}],"wp:featuredmedia":[{"embeddable":true,"href":"https:\/\/radiorevelacionfm.cl\/index.php?rest_route=\/wp\/v2\/media\/10136"}],"wp:attachment":[{"href":"https:\/\/radiorevelacionfm.cl\/index.php?rest_route=%2Fwp%2Fv2%2Fmedia&parent=10135"}],"wp:term":[{"taxonomy":"category","embeddable":true,"href":"https:\/\/radiorevelacionfm.cl\/index.php?rest_route=%2Fwp%2Fv2%2Fcategories&post=10135"},{"taxonomy":"post_tag","embeddable":true,"href":"https:\/\/radiorevelacionfm.cl\/index.php?rest_route=%2Fwp%2Fv2%2Ftags&post=10135"}],"curies":[{"name":"wp","href":"https:\/\/api.w.org\/{rel}","templated":true}]}}