{"id":10132,"date":"2021-10-28T18:57:21","date_gmt":"2021-10-28T21:57:21","guid":{"rendered":"https:\/\/radiorevelacionfm.cl\/?p=10132"},"modified":"2021-10-28T18:57:22","modified_gmt":"2021-10-28T21:57:22","slug":"en-cercanias-de-melinka-policia-maritima-incauto-100-kilos-de-recurso-raya-volantin","status":"publish","type":"post","link":"https:\/\/radiorevelacionfm.cl\/?p=10132","title":{"rendered":"En cercan\u00edas de Melinka polic\u00eda mar\u00edtima incaut\u00f3 100 kilos de recurso raya volant\u00edn"},"content":{"rendered":"<div class=\"flex_column av_one_full  flex_column_div av-zero-column-padding first  avia-builder-el-0  el_before_av_one_full  avia-builder-el-first  \" style='border-radius:0px; '><div  class='avia-image-container  av-styling-    avia-builder-el-1  avia-builder-el-no-sibling  avia-align-center '  itemprop=\"image\" itemscope=\"itemscope\" itemtype=\"https:\/\/schema.org\/ImageObject\"  ><div class='avia-image-container-inner'><div class='avia-image-overlay-wrap'><img decoding=\"async\" class='wp-image-10133 avia-img-lazy-loading-not-10133 avia_image' src=\"https:\/\/radiorevelacionfm.cl\/wp-content\/uploads\/2021\/10\/Incautacion-27.10-1-1.jpeg\" alt='' title='Incautacion 27.10 (1) (1)' height=\"600\" width=\"802\"  itemprop=\"thumbnailUrl\" srcset=\"https:\/\/radiorevelacionfm.cl\/wp-content\/uploads\/2021\/10\/Incautacion-27.10-1-1.jpeg 802w, https:\/\/radiorevelacionfm.cl\/wp-content\/uploads\/2021\/10\/Incautacion-27.10-1-1-300x224.jpeg 300w, https:\/\/radiorevelacionfm.cl\/wp-content\/uploads\/2021\/10\/Incautacion-27.10-1-1-768x575.jpeg 768w, https:\/\/radiorevelacionfm.cl\/wp-content\/uploads\/2021\/10\/Incautacion-27.10-1-1-705x527.jpeg 705w, https:\/\/radiorevelacionfm.cl\/wp-content\/uploads\/2021\/10\/Incautacion-27.10-1-1-600x449.jpeg 600w\" sizes=\"(max-width: 802px) 100vw, 802px\" \/><\/div><\/div><\/div><\/div><div class=\"flex_column av_one_full  flex_column_div av-zero-column-padding first  avia-builder-el-2  el_after_av_one_full  el_before_av_one_full  column-top-margin\" style='border-radius:0px; '><section class=\"av_textblock_section \"  itemscope=\"itemscope\" itemtype=\"https:\/\/schema.org\/BlogPosting\" itemprop=\"blogPost\" ><div class='avia_textblock  '   itemprop=\"text\" ><p style=\"text-align: center;\"><strong><span style=\"font-size: 18pt;\">En cercan\u00edas de Melinka polic\u00eda mar\u00edtima incaut\u00f3 100 kilos de recurso raya volant\u00edn <\/span><\/strong><\/p>\n<div id=\"gtx-trans\" style=\"position: absolute; left: -50px; top: 4.31534px;\">\n<div class=\"gtx-trans-icon\"><\/div>\n<\/div>\n<\/div><\/section><\/div><div class=\"flex_column av_one_full  flex_column_div av-zero-column-padding first  avia-builder-el-4  el_after_av_one_full  el_before_av_hr  column-top-margin\" style='border-radius:0px; '><section class=\"av_textblock_section \"  itemscope=\"itemscope\" itemtype=\"https:\/\/schema.org\/BlogPosting\" itemprop=\"blogPost\" ><div class='avia_textblock  '   itemprop=\"text\" ><p style=\"text-align: justify;\">Durante fiscalizaciones pesqueras llevadas a cabo la tarde del mi\u00e9rcoles 27 de octubre por personal de la Unidad Mar\u00edtima (LSR) dependiente de la Capitan\u00eda de Puerto de Melinka, se sorprendi\u00f3 en el \u00e1rea de Canal Tuamapu, Regi\u00f3n de Ays\u00e9n, a la Lancha a Motor \u201cFelipe I\u201d matr\u00edcula de Achao, realizando faenas extractivas de forma ilegal.<\/p>\n<p style=\"text-align: justify;\">Al respecto el Oficial de Relaciones P\u00fablicas de la Gobernaci\u00f3n Mar\u00edtima Ays\u00e9n, Teniente Primero Litoral Francisco Clavero coment\u00f3 que \u201cla embarcaci\u00f3n proveniente de la Regi\u00f3n de Los Lagos no contaba con la inscripci\u00f3n respectiva para realizar faenas de pesca en la Regi\u00f3n de Ays\u00e9n, adem\u00e1s se detect\u00f3 100 kilos del recurso Raya volant\u00edn a bordo, infringiendo la Ley General de Pesca y Acuicultura\u201d.<\/p>\n<p style=\"text-align: justify;\">Todos los antecedentes fueron remitidos al Juzgado de Letras de Ays\u00e9n, quedando el infractor como depositario provisional. Asimismo, el patr\u00f3n fue citado a la Fiscal\u00eda Mar\u00edtima de la Capitan\u00eda de Puerto de Melinka por infringir la normativa mar\u00edtima.<\/p>\n<p style=\"text-align: justify;\">Finalmente, el Teniente Clavero coment\u00f3 que este tipo de patrullajes se llevan a cabo con el objetivo de mantener la sustentabilidad de los recursos, para que estos sean explotados responsablemente siempre bajo el cumplimiento de la normativa vigente.<\/p>\n<\/div><\/section><\/div><div  style='height:50px' class='hr hr-invisible   avia-builder-el-6  el_after_av_one_full  el_before_av_social_share '><span class='hr-inner ' ><span class='hr-inner-style'><\/span><\/span><\/div><\/p>\n<div  class='av-social-sharing-box  avia-builder-el-7  el_after_av_hr  el_before_av_hr  '><div class='av-share-box'><h5 class='av-share-link-description av-no-toc '>Compartir esta noticia<\/h5><ul class='av-share-box-list noLightbox'><li class='av-share-link av-social-link-facebook' ><a target=\"_blank\" aria-label=\"Compartir en Facebook\" href='https:\/\/www.facebook.com\/sharer.php?u=https:\/\/radiorevelacionfm.cl\/?p=10132&#038;t=En%20cercan%C3%ADas%20de%20Melinka%20polic%C3%ADa%20mar%C3%ADtima%20incaut%C3%B3%20100%20kilos%20de%20recurso%20raya%20volant%C3%ADn' aria-hidden='false' data-av_icon='\ue8f3' data-av_iconfont='entypo-fontello' title='' data-avia-related-tooltip='Compartir en Facebook' rel=\"noopener\"><span class='avia_hidden_link_text'>Compartir en Facebook<\/span><\/a><\/li><li class='av-share-link av-social-link-twitter' ><a target=\"_blank\" aria-label=\"Compartir en Twitter\" href='https:\/\/twitter.com\/share?text=En%20cercan%C3%ADas%20de%20Melinka%20polic%C3%ADa%20mar%C3%ADtima%20incaut%C3%B3%20100%20kilos%20de%20recurso%20raya%20volant%C3%ADn&#038;url=https:\/\/radiorevelacionfm.cl\/?p=10132' aria-hidden='false' data-av_icon='\ue8f1' data-av_iconfont='entypo-fontello' title='' data-avia-related-tooltip='Compartir en Twitter' rel=\"noopener\"><span class='avia_hidden_link_text'>Compartir en Twitter<\/span><\/a><\/li><li class='av-share-link av-social-link-whatsapp' ><a target=\"_blank\" aria-label=\"Compartir en Whatsapp\" href='https:\/\/api.whatsapp.com\/send?text=https:\/\/radiorevelacionfm.cl\/?p=10132' aria-hidden='false' data-av_icon='\uf232' data-av_iconfont='entypo-fontello' title='' data-avia-related-tooltip='Compartir en Whatsapp' rel=\"noopener\"><span class='avia_hidden_link_text'>Compartir en Whatsapp<\/span><\/a><\/li><li class='av-share-link av-social-link-linkedin' ><a target=\"_blank\" aria-label=\"Compartir en LinkedIn\" href='https:\/\/linkedin.com\/shareArticle?mini=true&#038;title=En%20cercan%C3%ADas%20de%20Melinka%20polic%C3%ADa%20mar%C3%ADtima%20incaut%C3%B3%20100%20kilos%20de%20recurso%20raya%20volant%C3%ADn&#038;url=https:\/\/radiorevelacionfm.cl\/?p=10132' aria-hidden='false' data-av_icon='\ue8fc' data-av_iconfont='entypo-fontello' title='' data-avia-related-tooltip='Compartir en LinkedIn' rel=\"noopener\"><span class='avia_hidden_link_text'>Compartir en LinkedIn<\/span><\/a><\/li><li class='av-share-link av-social-link-mail' ><a  aria-label=\"Compartir por correo\" href='mailto:?subject=En%20cercan%C3%ADas%20de%20Melinka%20polic%C3%ADa%20mar%C3%ADtima%20incaut%C3%B3%20100%20kilos%20de%20recurso%20raya%20volant%C3%ADn&#038;body=https:\/\/radiorevelacionfm.cl\/?p=10132' aria-hidden='false' data-av_icon='\ue805' data-av_iconfont='entypo-fontello' title='' data-avia-related-tooltip='Compartir por correo'><span class='avia_hidden_link_text'>Compartir por correo<\/span><\/a><\/li><\/ul><\/div><\/div>\n<div  style='height:50px' class='hr hr-invisible   avia-builder-el-8  el_after_av_social_share  el_before_av_comments_list '><span class='hr-inner ' ><span class='hr-inner-style'><\/span><\/span><\/div>\n<div  class='av-buildercomment  av-blog-meta-html-info-disabled av-blog-meta-tag-disabled  '><\/div>\n","protected":false},"excerpt":{"rendered":"","protected":false},"author":1,"featured_media":10133,"comment_status":"open","ping_status":"open","sticky":false,"template":"","format":"standard","meta":{"footnotes":""},"categories":[38],"tags":[],"class_list":["post-10132","post","type-post","status-publish","format-standard","has-post-thumbnail","hentry","category-regional"],"jetpack_featured_media_url":"https:\/\/radiorevelacionfm.cl\/wp-content\/uploads\/2021\/10\/Incautacion-27.10-1-1.jpeg","_links":{"self":[{"href":"https:\/\/radiorevelacionfm.cl\/index.php?rest_route=\/wp\/v2\/posts\/10132","targetHints":{"allow":["GET"]}}],"collection":[{"href":"https:\/\/radiorevelacionfm.cl\/index.php?rest_route=\/wp\/v2\/posts"}],"about":[{"href":"https:\/\/radiorevelacionfm.cl\/index.php?rest_route=\/wp\/v2\/types\/post"}],"author":[{"embeddable":true,"href":"https:\/\/radiorevelacionfm.cl\/index.php?rest_route=\/wp\/v2\/users\/1"}],"replies":[{"embeddable":true,"href":"https:\/\/radiorevelacionfm.cl\/index.php?rest_route=%2Fwp%2Fv2%2Fcomments&post=10132"}],"version-history":[{"count":1,"href":"https:\/\/radiorevelacionfm.cl\/index.php?rest_route=\/wp\/v2\/posts\/10132\/revisions"}],"predecessor-version":[{"id":10134,"href":"https:\/\/radiorevelacionfm.cl\/index.php?rest_route=\/wp\/v2\/posts\/10132\/revisions\/10134"}],"wp:featuredmedia":[{"embeddable":true,"href":"https:\/\/radiorevelacionfm.cl\/index.php?rest_route=\/wp\/v2\/media\/10133"}],"wp:attachment":[{"href":"https:\/\/radiorevelacionfm.cl\/index.php?rest_route=%2Fwp%2Fv2%2Fmedia&parent=10132"}],"wp:term":[{"taxonomy":"category","embeddable":true,"href":"https:\/\/radiorevelacionfm.cl\/index.php?rest_route=%2Fwp%2Fv2%2Fcategories&post=10132"},{"taxonomy":"post_tag","embeddable":true,"href":"https:\/\/radiorevelacionfm.cl\/index.php?rest_route=%2Fwp%2Fv2%2Ftags&post=10132"}],"curies":[{"name":"wp","href":"https:\/\/api.w.org\/{rel}","templated":true}]}}