{"id":10126,"date":"2021-10-28T18:06:17","date_gmt":"2021-10-28T21:06:17","guid":{"rendered":"https:\/\/radiorevelacionfm.cl\/?p=10126"},"modified":"2021-10-28T18:06:41","modified_gmt":"2021-10-28T21:06:41","slug":"sandoval-se-reune-con-ministro-de-vivienda-por-demandas-habitacionales-de-comites-de-cisnes-y-cochrane","status":"publish","type":"post","link":"https:\/\/radiorevelacionfm.cl\/?p=10126","title":{"rendered":"Sandoval se re\u00fane con ministro de Vivienda por demandas habitacionales de comit\u00e9s de Cisnes y Cochrane"},"content":{"rendered":"<div class=\"flex_column av_one_full  flex_column_div av-zero-column-padding first  avia-builder-el-0  el_before_av_one_full  avia-builder-el-first  \" style='border-radius:0px; '><div  class='avia-image-container  av-styling-    avia-builder-el-1  avia-builder-el-no-sibling  avia-align-center '  itemprop=\"image\" itemscope=\"itemscope\" itemtype=\"https:\/\/schema.org\/ImageObject\"  ><div class='avia-image-container-inner'><div class='avia-image-overlay-wrap'><img decoding=\"async\" class='wp-image-10127 avia-img-lazy-loading-not-10127 avia_image' src=\"https:\/\/radiorevelacionfm.cl\/wp-content\/uploads\/2021\/10\/IMG_8741-1-1.jpg\" alt='' title='IMG_8741 (1) (1)' height=\"600\" width=\"1015\"  itemprop=\"thumbnailUrl\" srcset=\"https:\/\/radiorevelacionfm.cl\/wp-content\/uploads\/2021\/10\/IMG_8741-1-1.jpg 1015w, https:\/\/radiorevelacionfm.cl\/wp-content\/uploads\/2021\/10\/IMG_8741-1-1-300x177.jpg 300w, https:\/\/radiorevelacionfm.cl\/wp-content\/uploads\/2021\/10\/IMG_8741-1-1-768x454.jpg 768w, https:\/\/radiorevelacionfm.cl\/wp-content\/uploads\/2021\/10\/IMG_8741-1-1-705x417.jpg 705w, https:\/\/radiorevelacionfm.cl\/wp-content\/uploads\/2021\/10\/IMG_8741-1-1-600x355.jpg 600w\" sizes=\"(max-width: 1015px) 100vw, 1015px\" \/><\/div><\/div><\/div><\/div><div class=\"flex_column av_one_full  flex_column_div av-zero-column-padding first  avia-builder-el-2  el_after_av_one_full  el_before_av_one_full  column-top-margin\" style='border-radius:0px; '><section class=\"av_textblock_section \"  itemscope=\"itemscope\" itemtype=\"https:\/\/schema.org\/BlogPosting\" itemprop=\"blogPost\" ><div class='avia_textblock  '   itemprop=\"text\" ><p style=\"text-align: center;\"><span style=\"font-size: 18pt;\"><strong>Sandoval se re\u00fane con ministro de Vivienda por demandas habitacionales de comit\u00e9s de Cisnes y Cochrane<\/strong><\/span><\/p>\n<div id=\"gtx-trans\" style=\"position: absolute; left: -50px; top: 4.31534px;\">\n<div class=\"gtx-trans-icon\"><\/div>\n<\/div>\n<\/div><\/section><\/div><div class=\"flex_column av_one_full  flex_column_div av-zero-column-padding first  avia-builder-el-4  el_after_av_one_full  el_before_av_hr  column-top-margin\" style='border-radius:0px; '><section class=\"av_textblock_section \"  itemscope=\"itemscope\" itemtype=\"https:\/\/schema.org\/BlogPosting\" itemprop=\"blogPost\" ><div class='avia_textblock  '   itemprop=\"text\" ><p style=\"text-align: justify;\">Buscar caminos de soluci\u00f3n para proyectos habitacionales que beneficiar\u00e1n a distintos comit\u00e9s de las comunas de Cisnes y Cochrane, fue el objetivo de una reciente reuni\u00f3n sostenida por el senador David Sandoval con el ministro de Vivienda, Felipe Ward, en la que participaron el Delegado Presidencial de Capit\u00e1n Prat, Gustavo M\u00e1rquez, y el alcalde de Cisnes, Francisco Roncagliolo.<\/p>\n<p style=\"text-align: justify;\">Las autoridades analizaron los casos de siete comit\u00e9s de la comuna de Cisnes (4 de Puerto Cisnes, 2 de Puyuhuapi y 1 de La Junta), as\u00ed como la situaci\u00f3n de 34 familias de Cochrane (4 comit\u00e9s), en la idea de buscar las soluciones que permitan avanzar en las iniciativas.<\/p>\n<p style=\"text-align: justify;\">Al respecto, el senador Sandoval agradeci\u00f3 la disposici\u00f3n de la autoridad sectorial, se\u00f1alando que detr\u00e1s de las gestiones de las autoridades est\u00e1 el compromiso de trabajar por la comunidad. \u201cEn lo personal, agradecer y felicitar la gesti\u00f3n del alcalde y del delegado, porque est\u00e1n preocupados por sus comunidades y nosotros construyendo puentes, colaborando para buscar soluciones\u201d, indic\u00f3.<\/p>\n<p style=\"text-align: justify;\">Por su parte, el ministro Felipe Ward, se\u00f1al\u00f3 que \u201clos equipos son los que hacen triunfar a la ciudadan\u00eda y esta es una victoria creo yo en estos temas tan importantes\u201d, valorando el compromiso del senador Sandoval en esta materia.<\/p>\n<p style=\"text-align: justify;\">Respecto de las 34 familias de Cochrane, el secretario de Estado dijo que \u201ctenemos buenas noticias: trabajar en la soluci\u00f3n para prorrogar sus subsidios, sin tener que optar a otro, para darles tranquilidad\u201d, mientras que en relaci\u00f3n a los comit\u00e9s de Cisnes, puntualiz\u00f3 que \u201cestamos buscando en el corto tiempo, tener soluciones habitacionales para estas 150 familias\u201d.<\/p>\n<p style=\"text-align: justify;\">\u201cTrabajar coordinados es algo que nos pidi\u00f3 desde el d\u00eda uno el presidente de la Rep\u00fablica\u201d, se\u00f1al\u00f3, destacando que \u201ccuando las autoridades regionales, comunales, nacionales se unen, la que gana es la ciudadan\u00eda\u201d.<\/p>\n<p style=\"text-align: justify;\">Por su parte, el Delegado Provincial Gustavo M\u00e1rquez, destac\u00f3 que se ha encontrado una v\u00eda de soluci\u00f3n para las familias de Cochrane, agradeciendo la disposici\u00f3n del ministro Ward.<\/p>\n<p style=\"text-align: justify;\">Finalmente, el jefe comunal de Cisnes, Francisco Roncagliolo, se\u00f1al\u00f3 que todas estas gestiones \u201cnos plantea todo un desaf\u00edo, como entidad patrocinante, para poder sacar (adelante) con la mayor celeridad posible los proyectos y as\u00ed cumplir con este compromiso mutuo que hemos conversado\u201d.<\/p>\n<\/div><\/section><\/div><div  style='height:50px' class='hr hr-invisible   avia-builder-el-6  el_after_av_one_full  el_before_av_social_share '><span class='hr-inner ' ><span class='hr-inner-style'><\/span><\/span><\/div><\/p>\n<div  class='av-social-sharing-box  avia-builder-el-7  el_after_av_hr  el_before_av_hr  '><div class='av-share-box'><h5 class='av-share-link-description av-no-toc '>Compartir esta noticia<\/h5><ul class='av-share-box-list noLightbox'><li class='av-share-link av-social-link-facebook' ><a target=\"_blank\" aria-label=\"Compartir en Facebook\" href='https:\/\/www.facebook.com\/sharer.php?u=https:\/\/radiorevelacionfm.cl\/?p=10126&#038;t=Sandoval%20se%20re%C3%BAne%20con%20ministro%20de%20Vivienda%20por%20demandas%20habitacionales%20de%20comit%C3%A9s%20de%20Cisnes%20y%20Cochrane' aria-hidden='false' data-av_icon='\ue8f3' data-av_iconfont='entypo-fontello' title='' data-avia-related-tooltip='Compartir en Facebook' rel=\"noopener\"><span class='avia_hidden_link_text'>Compartir en Facebook<\/span><\/a><\/li><li class='av-share-link av-social-link-twitter' ><a target=\"_blank\" aria-label=\"Compartir en Twitter\" href='https:\/\/twitter.com\/share?text=Sandoval%20se%20re%C3%BAne%20con%20ministro%20de%20Vivienda%20por%20demandas%20habitacionales%20de%20comit%C3%A9s%20de%20Cisnes%20y%20Cochrane&#038;url=https:\/\/radiorevelacionfm.cl\/?p=10126' aria-hidden='false' data-av_icon='\ue8f1' data-av_iconfont='entypo-fontello' title='' data-avia-related-tooltip='Compartir en Twitter' rel=\"noopener\"><span class='avia_hidden_link_text'>Compartir en Twitter<\/span><\/a><\/li><li class='av-share-link av-social-link-whatsapp' ><a target=\"_blank\" aria-label=\"Compartir en Whatsapp\" href='https:\/\/api.whatsapp.com\/send?text=https:\/\/radiorevelacionfm.cl\/?p=10126' aria-hidden='false' data-av_icon='\uf232' data-av_iconfont='entypo-fontello' title='' data-avia-related-tooltip='Compartir en Whatsapp' rel=\"noopener\"><span class='avia_hidden_link_text'>Compartir en Whatsapp<\/span><\/a><\/li><li class='av-share-link av-social-link-linkedin' ><a target=\"_blank\" aria-label=\"Compartir en LinkedIn\" href='https:\/\/linkedin.com\/shareArticle?mini=true&#038;title=Sandoval%20se%20re%C3%BAne%20con%20ministro%20de%20Vivienda%20por%20demandas%20habitacionales%20de%20comit%C3%A9s%20de%20Cisnes%20y%20Cochrane&#038;url=https:\/\/radiorevelacionfm.cl\/?p=10126' aria-hidden='false' data-av_icon='\ue8fc' data-av_iconfont='entypo-fontello' title='' data-avia-related-tooltip='Compartir en LinkedIn' rel=\"noopener\"><span class='avia_hidden_link_text'>Compartir en LinkedIn<\/span><\/a><\/li><li class='av-share-link av-social-link-mail' ><a  aria-label=\"Compartir por correo\" href='mailto:?subject=Sandoval%20se%20re%C3%BAne%20con%20ministro%20de%20Vivienda%20por%20demandas%20habitacionales%20de%20comit%C3%A9s%20de%20Cisnes%20y%20Cochrane&#038;body=https:\/\/radiorevelacionfm.cl\/?p=10126' aria-hidden='false' data-av_icon='\ue805' data-av_iconfont='entypo-fontello' title='' data-avia-related-tooltip='Compartir por correo'><span class='avia_hidden_link_text'>Compartir por correo<\/span><\/a><\/li><\/ul><\/div><\/div>\n<div  style='height:50px' class='hr hr-invisible   avia-builder-el-8  el_after_av_social_share  el_before_av_comments_list '><span class='hr-inner ' ><span class='hr-inner-style'><\/span><\/span><\/div>\n<div  class='av-buildercomment  av-blog-meta-html-info-disabled av-blog-meta-tag-disabled  '><\/div>\n","protected":false},"excerpt":{"rendered":"","protected":false},"author":1,"featured_media":10127,"comment_status":"open","ping_status":"open","sticky":false,"template":"","format":"standard","meta":{"footnotes":""},"categories":[35,1],"tags":[],"class_list":["post-10126","post","type-post","status-publish","format-standard","has-post-thumbnail","hentry","category-politica","category-sin-categoria"],"jetpack_featured_media_url":"https:\/\/radiorevelacionfm.cl\/wp-content\/uploads\/2021\/10\/IMG_8741-1-1.jpg","_links":{"self":[{"href":"https:\/\/radiorevelacionfm.cl\/index.php?rest_route=\/wp\/v2\/posts\/10126","targetHints":{"allow":["GET"]}}],"collection":[{"href":"https:\/\/radiorevelacionfm.cl\/index.php?rest_route=\/wp\/v2\/posts"}],"about":[{"href":"https:\/\/radiorevelacionfm.cl\/index.php?rest_route=\/wp\/v2\/types\/post"}],"author":[{"embeddable":true,"href":"https:\/\/radiorevelacionfm.cl\/index.php?rest_route=\/wp\/v2\/users\/1"}],"replies":[{"embeddable":true,"href":"https:\/\/radiorevelacionfm.cl\/index.php?rest_route=%2Fwp%2Fv2%2Fcomments&post=10126"}],"version-history":[{"count":1,"href":"https:\/\/radiorevelacionfm.cl\/index.php?rest_route=\/wp\/v2\/posts\/10126\/revisions"}],"predecessor-version":[{"id":10128,"href":"https:\/\/radiorevelacionfm.cl\/index.php?rest_route=\/wp\/v2\/posts\/10126\/revisions\/10128"}],"wp:featuredmedia":[{"embeddable":true,"href":"https:\/\/radiorevelacionfm.cl\/index.php?rest_route=\/wp\/v2\/media\/10127"}],"wp:attachment":[{"href":"https:\/\/radiorevelacionfm.cl\/index.php?rest_route=%2Fwp%2Fv2%2Fmedia&parent=10126"}],"wp:term":[{"taxonomy":"category","embeddable":true,"href":"https:\/\/radiorevelacionfm.cl\/index.php?rest_route=%2Fwp%2Fv2%2Fcategories&post=10126"},{"taxonomy":"post_tag","embeddable":true,"href":"https:\/\/radiorevelacionfm.cl\/index.php?rest_route=%2Fwp%2Fv2%2Ftags&post=10126"}],"curies":[{"name":"wp","href":"https:\/\/api.w.org\/{rel}","templated":true}]}}