{"id":10123,"date":"2021-10-28T17:46:17","date_gmt":"2021-10-28T20:46:17","guid":{"rendered":"https:\/\/radiorevelacionfm.cl\/?p=10123"},"modified":"2021-10-28T17:46:17","modified_gmt":"2021-10-28T20:46:17","slug":"entregan-vivienda-de-emergencia-a-vecino-de-emperador-guillermo-que-lo-perdio-todo-en-incendio","status":"publish","type":"post","link":"https:\/\/radiorevelacionfm.cl\/?p=10123","title":{"rendered":"Entregan vivienda de emergencia a vecino de Emperador Guillermo que lo perdi\u00f3 todo en incendio"},"content":{"rendered":"<div class=\"flex_column av_one_full  flex_column_div av-zero-column-padding first  avia-builder-el-0  el_before_av_one_full  avia-builder-el-first  \" style='border-radius:0px; '><div  class='avia-image-container  av-styling-    avia-builder-el-1  avia-builder-el-no-sibling  avia-align-center '  itemprop=\"image\" itemscope=\"itemscope\" itemtype=\"https:\/\/schema.org\/ImageObject\"  ><div class='avia-image-container-inner'><div class='avia-image-overlay-wrap'><img decoding=\"async\" class='wp-image-10124 avia-img-lazy-loading-not-10124 avia_image' src=\"https:\/\/radiorevelacionfm.cl\/wp-content\/uploads\/2021\/10\/entrega-vivienda-1_optimized.jpg\" alt='' title='entrega-vivienda-(1)_optimized' height=\"600\" width=\"1411\"  itemprop=\"thumbnailUrl\" srcset=\"https:\/\/radiorevelacionfm.cl\/wp-content\/uploads\/2021\/10\/entrega-vivienda-1_optimized.jpg 1411w, https:\/\/radiorevelacionfm.cl\/wp-content\/uploads\/2021\/10\/entrega-vivienda-1_optimized-300x128.jpg 300w, https:\/\/radiorevelacionfm.cl\/wp-content\/uploads\/2021\/10\/entrega-vivienda-1_optimized-1030x438.jpg 1030w, https:\/\/radiorevelacionfm.cl\/wp-content\/uploads\/2021\/10\/entrega-vivienda-1_optimized-768x327.jpg 768w, https:\/\/radiorevelacionfm.cl\/wp-content\/uploads\/2021\/10\/entrega-vivienda-1_optimized-705x300.jpg 705w, https:\/\/radiorevelacionfm.cl\/wp-content\/uploads\/2021\/10\/entrega-vivienda-1_optimized-600x255.jpg 600w\" sizes=\"(max-width: 1411px) 100vw, 1411px\" \/><\/div><\/div><\/div><\/div><div class=\"flex_column av_one_full  flex_column_div av-zero-column-padding first  avia-builder-el-2  el_after_av_one_full  el_before_av_one_full  column-top-margin\" style='border-radius:0px; '><section class=\"av_textblock_section \"  itemscope=\"itemscope\" itemtype=\"https:\/\/schema.org\/BlogPosting\" itemprop=\"blogPost\" ><div class='avia_textblock  '   itemprop=\"text\" ><p style=\"text-align: center;\"><strong><span style=\"font-size: 18pt;\">Entregan vivienda de emergencia a vecino de Emperador Guillermo que lo perdi\u00f3 todo en incendio<\/span><\/strong><\/p>\n<div id=\"gtx-trans\" style=\"position: absolute; left: -50px; top: 4.31534px;\">\n<div class=\"gtx-trans-icon\"><\/div>\n<\/div>\n<\/div><\/section><\/div><div class=\"flex_column av_one_full  flex_column_div av-zero-column-padding first  avia-builder-el-4  el_after_av_one_full  el_before_av_hr  column-top-margin\" style='border-radius:0px; '><section class=\"av_textblock_section \"  itemscope=\"itemscope\" itemtype=\"https:\/\/schema.org\/BlogPosting\" itemprop=\"blogPost\" ><div class='avia_textblock  '   itemprop=\"text\" ><p style=\"text-align: justify;\">La ma\u00f1ana de este jueves la Delegada Presidencial Regional de Ays\u00e9n, Margarita Ossa Rojas, le hizo entrega a Manuel Ni\u00f1o \u2013 vecino del sector Emperador Guillermo de Villa Ortega \u2013 el documento que acredita la entrega de una vivienda de emergencia, luego que sufriera un incendio que destruy\u00f3 por completo su vivienda la semana anterior.<\/p>\n<p style=\"text-align: justify;\">La ayuda fue posible de efectuar debido a un convenio firmado entre Conaf y la Delegaci\u00f3n Presidencial Regional de Ays\u00e9n, el cual permite hacer entrega de un inmueble de emergencia de 35 metros cuadrados, de car\u00e1cter provisorio, en calidad de comodato hasta que las personas puedan solucionar su situaci\u00f3n habitacional.<\/p>\n<p style=\"text-align: justify;\">Tras firmar los documentos respectivos, la Delegada Presidencial Regional de Ays\u00e9n, Margarita Ossa Rojas, le explic\u00f3 al afectado y a la Presidenta de la Junta de Vecinos de Villas Ortega, Mar\u00eda Isabel Huichalao, que \u201cesta vivienda se entrega gracias a un convenio que nosotros tenemos con Conaf y es una vivienda de emergencia \u2013 a ra\u00edz cierto del incendio que sufri\u00f3 don Manuel y su familia hace una semana \u2013 y con este documento usted ya puede retirarla desde Conaf para hacer uso de ella, mientras se busca una soluci\u00f3n m\u00e1s definitiva\u201d, dijo.<\/p>\n<p style=\"text-align: justify;\">Por su parte, el afectado, Manuel Ni\u00f1o tuvo palabras \u201cde gratitud porque ha sido un momento muy dif\u00edcil, obviamente inesperado, muy sorpresivo\u00a0 y desagradable, pero gracias al tremendo apoyo que hemos tenido de nuestra dirigente Isabel Huichalao que ha estado con nosotros hasta que conseguimos esta soluci\u00f3n y agradecer a todos quienes nos han ido a visitar y apoyarnos con cosas concretas\u201d, precis\u00f3.<\/p>\n<p style=\"text-align: justify;\">Ayudas<\/p>\n<p style=\"text-align: justify;\">Desde la Delegaci\u00f3n Presidencial Regional de Ays\u00e9n se\u00f1alaron adem\u00e1s que, desde agosto a la fecha se han entregado otras 15 viviendas de emergencia a personas que han perdido sus inmuebles a causa de incendios.<\/p>\n<\/div><\/section><\/div><div  style='height:50px' class='hr hr-invisible   avia-builder-el-6  el_after_av_one_full  el_before_av_social_share '><span class='hr-inner ' ><span class='hr-inner-style'><\/span><\/span><\/div><\/p>\n<div  class='av-social-sharing-box  avia-builder-el-7  el_after_av_hr  el_before_av_hr  '><div class='av-share-box'><h5 class='av-share-link-description av-no-toc '>Compartir esta noticia<\/h5><ul class='av-share-box-list noLightbox'><li class='av-share-link av-social-link-facebook' ><a target=\"_blank\" aria-label=\"Compartir en Facebook\" href='https:\/\/www.facebook.com\/sharer.php?u=https:\/\/radiorevelacionfm.cl\/?p=10123&#038;t=Entregan%20vivienda%20de%20emergencia%20a%20vecino%20de%20Emperador%20Guillermo%20que%20lo%20perdi%C3%B3%20todo%20en%20incendio' aria-hidden='false' data-av_icon='\ue8f3' data-av_iconfont='entypo-fontello' title='' data-avia-related-tooltip='Compartir en Facebook' rel=\"noopener\"><span class='avia_hidden_link_text'>Compartir en Facebook<\/span><\/a><\/li><li class='av-share-link av-social-link-twitter' ><a target=\"_blank\" aria-label=\"Compartir en Twitter\" href='https:\/\/twitter.com\/share?text=Entregan%20vivienda%20de%20emergencia%20a%20vecino%20de%20Emperador%20Guillermo%20que%20lo%20perdi%C3%B3%20todo%20en%20incendio&#038;url=https:\/\/radiorevelacionfm.cl\/?p=10123' aria-hidden='false' data-av_icon='\ue8f1' data-av_iconfont='entypo-fontello' title='' data-avia-related-tooltip='Compartir en Twitter' rel=\"noopener\"><span class='avia_hidden_link_text'>Compartir en Twitter<\/span><\/a><\/li><li class='av-share-link av-social-link-whatsapp' ><a target=\"_blank\" aria-label=\"Compartir en Whatsapp\" href='https:\/\/api.whatsapp.com\/send?text=https:\/\/radiorevelacionfm.cl\/?p=10123' aria-hidden='false' data-av_icon='\uf232' data-av_iconfont='entypo-fontello' title='' data-avia-related-tooltip='Compartir en Whatsapp' rel=\"noopener\"><span class='avia_hidden_link_text'>Compartir en Whatsapp<\/span><\/a><\/li><li class='av-share-link av-social-link-linkedin' ><a target=\"_blank\" aria-label=\"Compartir en LinkedIn\" href='https:\/\/linkedin.com\/shareArticle?mini=true&#038;title=Entregan%20vivienda%20de%20emergencia%20a%20vecino%20de%20Emperador%20Guillermo%20que%20lo%20perdi%C3%B3%20todo%20en%20incendio&#038;url=https:\/\/radiorevelacionfm.cl\/?p=10123' aria-hidden='false' data-av_icon='\ue8fc' data-av_iconfont='entypo-fontello' title='' data-avia-related-tooltip='Compartir en LinkedIn' rel=\"noopener\"><span class='avia_hidden_link_text'>Compartir en LinkedIn<\/span><\/a><\/li><li class='av-share-link av-social-link-mail' ><a  aria-label=\"Compartir por correo\" href='mailto:?subject=Entregan%20vivienda%20de%20emergencia%20a%20vecino%20de%20Emperador%20Guillermo%20que%20lo%20perdi%C3%B3%20todo%20en%20incendio&#038;body=https:\/\/radiorevelacionfm.cl\/?p=10123' aria-hidden='false' data-av_icon='\ue805' data-av_iconfont='entypo-fontello' title='' data-avia-related-tooltip='Compartir por correo'><span class='avia_hidden_link_text'>Compartir por correo<\/span><\/a><\/li><\/ul><\/div><\/div>\n<div  style='height:50px' class='hr hr-invisible   avia-builder-el-8  el_after_av_social_share  el_before_av_comments_list '><span class='hr-inner ' ><span class='hr-inner-style'><\/span><\/span><\/div>\n<div  class='av-buildercomment  av-blog-meta-html-info-disabled av-blog-meta-tag-disabled  '><\/div>\n","protected":false},"excerpt":{"rendered":"","protected":false},"author":1,"featured_media":10124,"comment_status":"open","ping_status":"open","sticky":false,"template":"","format":"standard","meta":{"footnotes":""},"categories":[38],"tags":[],"class_list":["post-10123","post","type-post","status-publish","format-standard","has-post-thumbnail","hentry","category-regional"],"jetpack_featured_media_url":"https:\/\/radiorevelacionfm.cl\/wp-content\/uploads\/2021\/10\/entrega-vivienda-1_optimized.jpg","_links":{"self":[{"href":"https:\/\/radiorevelacionfm.cl\/index.php?rest_route=\/wp\/v2\/posts\/10123","targetHints":{"allow":["GET"]}}],"collection":[{"href":"https:\/\/radiorevelacionfm.cl\/index.php?rest_route=\/wp\/v2\/posts"}],"about":[{"href":"https:\/\/radiorevelacionfm.cl\/index.php?rest_route=\/wp\/v2\/types\/post"}],"author":[{"embeddable":true,"href":"https:\/\/radiorevelacionfm.cl\/index.php?rest_route=\/wp\/v2\/users\/1"}],"replies":[{"embeddable":true,"href":"https:\/\/radiorevelacionfm.cl\/index.php?rest_route=%2Fwp%2Fv2%2Fcomments&post=10123"}],"version-history":[{"count":1,"href":"https:\/\/radiorevelacionfm.cl\/index.php?rest_route=\/wp\/v2\/posts\/10123\/revisions"}],"predecessor-version":[{"id":10125,"href":"https:\/\/radiorevelacionfm.cl\/index.php?rest_route=\/wp\/v2\/posts\/10123\/revisions\/10125"}],"wp:featuredmedia":[{"embeddable":true,"href":"https:\/\/radiorevelacionfm.cl\/index.php?rest_route=\/wp\/v2\/media\/10124"}],"wp:attachment":[{"href":"https:\/\/radiorevelacionfm.cl\/index.php?rest_route=%2Fwp%2Fv2%2Fmedia&parent=10123"}],"wp:term":[{"taxonomy":"category","embeddable":true,"href":"https:\/\/radiorevelacionfm.cl\/index.php?rest_route=%2Fwp%2Fv2%2Fcategories&post=10123"},{"taxonomy":"post_tag","embeddable":true,"href":"https:\/\/radiorevelacionfm.cl\/index.php?rest_route=%2Fwp%2Fv2%2Ftags&post=10123"}],"curies":[{"name":"wp","href":"https:\/\/api.w.org\/{rel}","templated":true}]}}