{"id":10121,"date":"2021-10-29T10:05:20","date_gmt":"2021-10-29T13:05:20","guid":{"rendered":"https:\/\/radiorevelacionfm.cl\/?p=10121"},"modified":"2021-10-29T10:05:20","modified_gmt":"2021-10-29T13:05:20","slug":"confirman-para-noviembre-pago-retroactivo-de-beca-patagonia-aysen-a-135-estudiantes-pendientes","status":"publish","type":"post","link":"https:\/\/radiorevelacionfm.cl\/?p=10121","title":{"rendered":"Confirman para noviembre pago retroactivo de Beca Patagonia Ays\u00e9n a 135 estudiantes pendientes"},"content":{"rendered":"<div class=\"flex_column av_one_full  flex_column_div av-zero-column-padding first  avia-builder-el-0  el_before_av_one_full  avia-builder-el-first  \" style='border-radius:0px; '><div  class='avia-image-container  av-styling-    avia-builder-el-1  avia-builder-el-no-sibling  avia-align-center '  itemprop=\"image\" itemscope=\"itemscope\" itemtype=\"https:\/\/schema.org\/ImageObject\"  ><div class='avia-image-container-inner'><div class='avia-image-overlay-wrap'><img decoding=\"async\" class='wp-image-5900 avia-img-lazy-loading-not-5900 avia_image' src=\"https:\/\/radiorevelacionfm.cl\/wp-content\/uploads\/2021\/07\/Billetes0-1-1.jpg\" alt='' title='Billetes0 (1) (1)' height=\"600\" width=\"1063\"  itemprop=\"thumbnailUrl\" srcset=\"https:\/\/radiorevelacionfm.cl\/wp-content\/uploads\/2021\/07\/Billetes0-1-1.jpg 1063w, https:\/\/radiorevelacionfm.cl\/wp-content\/uploads\/2021\/07\/Billetes0-1-1-300x169.jpg 300w, https:\/\/radiorevelacionfm.cl\/wp-content\/uploads\/2021\/07\/Billetes0-1-1-1030x581.jpg 1030w, https:\/\/radiorevelacionfm.cl\/wp-content\/uploads\/2021\/07\/Billetes0-1-1-768x433.jpg 768w, https:\/\/radiorevelacionfm.cl\/wp-content\/uploads\/2021\/07\/Billetes0-1-1-705x398.jpg 705w, https:\/\/radiorevelacionfm.cl\/wp-content\/uploads\/2021\/07\/Billetes0-1-1-600x339.jpg 600w\" sizes=\"(max-width: 1063px) 100vw, 1063px\" \/><\/div><\/div><\/div><\/div>\n<div class=\"flex_column av_one_full  flex_column_div av-zero-column-padding first  avia-builder-el-2  el_after_av_one_full  el_before_av_one_full  column-top-margin\" style='border-radius:0px; '><section class=\"av_textblock_section \"  itemscope=\"itemscope\" itemtype=\"https:\/\/schema.org\/BlogPosting\" itemprop=\"blogPost\" ><div class='avia_textblock  '   itemprop=\"text\" ><p style=\"text-align: center;\"><strong><span style=\"font-size: 18pt;\">Confirman para noviembre pago retroactivo de Beca Patagonia Ays\u00e9n a 135 estudiantes pendientes<\/span><\/strong><\/p>\n<div id=\"gtx-trans\" style=\"position: absolute; left: -50px; top: 4.31534px;\">\n<div class=\"gtx-trans-icon\"><\/div>\n<\/div>\n<\/div><\/section><\/div><div class=\"flex_column av_one_full  flex_column_div av-zero-column-padding first  avia-builder-el-4  el_after_av_one_full  el_before_av_hr  column-top-margin\" style='border-radius:0px; '><section class=\"av_textblock_section \"  itemscope=\"itemscope\" itemtype=\"https:\/\/schema.org\/BlogPosting\" itemprop=\"blogPost\" ><div class='avia_textblock  '   itemprop=\"text\" ><p class=\"v1MsoNormal\" style=\"text-align: justify;\">La Seremi de Educaci\u00f3n (s) Laura Ramos Olivares y el Director Regional de Juaneb Patrice Van de Maele Silva se refirieron al pago de Becas Patagonia Ays\u00e9n que estaban pendientes.<\/p>\n<p class=\"v1MsoNormal\" style=\"text-align: justify;\">Al respecto, el Director Regional de Junaeb Patrice Van de Maele Silva detall\u00f3 que en 2021, el proceso de asignaci\u00f3n de la Beca Patagonia Ays\u00e9n present\u00f3 interferencias fundamentalmente en aquellos alumnos Renovantes, ya que producto de la situaci\u00f3n sanitaria del pa\u00eds, muchas instituciones de educaci\u00f3n superior no cerraron el a\u00f1o acad\u00e9mico 2020.<\/p>\n<p class=\"v1MsoNormal\" style=\"text-align: justify;\">\u00abEsta situaci\u00f3n in\u00e9dita en el pa\u00eds trajo como consecuencia, que los alumnos renovantes no contaban con sus certificados de aprobaci\u00f3n curricular de sus carreras y en algunos casos ejecuci\u00f3n de sus pr\u00e1cticas profesionales. Dada la compleja situaci\u00f3n se\u00f1alada y considerando que los requisitos para renovar el beneficio de la beca indicada incluyen como requisito excluyente la presentaci\u00f3n de los certificados, el proceso de renovaci\u00f3n se vio afectado, en forma importante\u00bb.<\/p>\n<p class=\"v1MsoNormal\" style=\"text-align: justify;\">El directivo agreg\u00f3 que, para asignar cupos a los alumnos Postulantes, se requiere que el proceso de Renovantes de becas \u00a0est\u00e9 concluido, ya que estos \u00faltimos son la prioridad en la asignaci\u00f3n, para permitir la continuidad de estudios. Tambi\u00e9n se produjeron muchas suspensiones de estudios, raz\u00f3n por la cual al momento de iniciar las gestiones para asignar cupos a los alumnos nuevos (postulantes), se produjo una Demanda Insatisfecha. Para subsanar la situaci\u00f3n se realizaron gestiones en el nivel regional y nacional.<\/p>\n<p class=\"v1MsoNormal\" style=\"text-align: justify;\">Por su parte, la Seremi de Educaci\u00f3n(s) Laura Ramos Olivares inform\u00f3 que se coordinaron en el nivel central MINEDUC las acciones pertinentes con las Instituciones de Educaci\u00f3n Superior a fin de que cerraran los a\u00f1os acad\u00e9micos y entreguen los certificados que acreditan la calidad de alumno de regular y promedios de notas de los alumnos renovantes, para iniciar la revisi\u00f3n de antecedentes y proceder cuando correspond\u00eda, a asignar el beneficio.<\/p>\n<p class=\"v1MsoNormal\" style=\"text-align: justify;\">La Direcci\u00f3n Regional de JUNAEB entreg\u00f3 a la SEREMI Educaci\u00f3n Ays\u00e9n, las n\u00f3minas de aquellos estudiantes que no ten\u00edan acreditada su situaci\u00f3n acad\u00e9mica, a fin de que se gestione una soluci\u00f3n. Posteriormente, se realiz\u00f3 un an\u00e1lisis de la disponibilidad de recursos de otros programas de beca y se propuso al nivel central del servicio, una alternativa de traspaso de recursos entre beneficios, a fin de dar cobertura a la Demanda Insatisfecha. La propuesta regional\u00a0\u00a0fue aceptada por el nivel central de JUNAEB y se canaliz\u00f3 v\u00eda MINEDUC al Ministerio de Hacienda (Direcci\u00f3n de Presupuesto), la solicitud de reasignaci\u00f3n de recursos para cubrir la demanda insatisfecha.<\/p>\n<p class=\"v1MsoNormal\" style=\"text-align: justify;\">Luego del an\u00e1lisis correspondiente, la Direcci\u00f3n de Presupuesto del Ministerio de Hacienda autoriza lo propuesto generando la asignaci\u00f3n de recursos para cubrir la demanda regional.<\/p>\n<p class=\"v1MsoNormal\" style=\"text-align: justify;\">A la fecha, la Direcci\u00f3n regional se encuentra revisando nuevamente los antecedentes en coordinaci\u00f3n con la direcci\u00f3n nacional, de tal forma que se espera que con fecha 8 de noviembre pr\u00f3ximo se genere el pago de la Beca Patagonia Ays\u00e9n a los 135 cupos pendientes, el cual ser\u00e1 retroactivo desde el mes de marzo.<\/p>\n<\/div><\/section><\/div><\/p>\n<div  style='height:50px' class='hr hr-invisible   avia-builder-el-6  el_after_av_one_full  el_before_av_social_share '><span class='hr-inner ' ><span class='hr-inner-style'><\/span><\/span><\/div>\n<div  class='av-social-sharing-box  avia-builder-el-7  el_after_av_hr  el_before_av_hr  '><div class='av-share-box'><h5 class='av-share-link-description av-no-toc '>Compartir esta noticia<\/h5><ul class='av-share-box-list noLightbox'><li class='av-share-link av-social-link-facebook' ><a target=\"_blank\" aria-label=\"Compartir en Facebook\" href='https:\/\/www.facebook.com\/sharer.php?u=https:\/\/radiorevelacionfm.cl\/?p=10121&#038;t=Confirman%20para%20noviembre%20pago%20retroactivo%20de%20Beca%20Patagonia%20Ays%C3%A9n%20a%20135%20estudiantes%20pendientes' aria-hidden='false' data-av_icon='\ue8f3' data-av_iconfont='entypo-fontello' title='' data-avia-related-tooltip='Compartir en Facebook' rel=\"noopener\"><span class='avia_hidden_link_text'>Compartir en Facebook<\/span><\/a><\/li><li class='av-share-link av-social-link-twitter' ><a target=\"_blank\" aria-label=\"Compartir en Twitter\" href='https:\/\/twitter.com\/share?text=Confirman%20para%20noviembre%20pago%20retroactivo%20de%20Beca%20Patagonia%20Ays%C3%A9n%20a%20135%20estudiantes%20pendientes&#038;url=https:\/\/radiorevelacionfm.cl\/?p=10121' aria-hidden='false' data-av_icon='\ue8f1' data-av_iconfont='entypo-fontello' title='' data-avia-related-tooltip='Compartir en Twitter' rel=\"noopener\"><span class='avia_hidden_link_text'>Compartir en Twitter<\/span><\/a><\/li><li class='av-share-link av-social-link-whatsapp' ><a target=\"_blank\" aria-label=\"Compartir en Whatsapp\" href='https:\/\/api.whatsapp.com\/send?text=https:\/\/radiorevelacionfm.cl\/?p=10121' aria-hidden='false' data-av_icon='\uf232' data-av_iconfont='entypo-fontello' title='' data-avia-related-tooltip='Compartir en Whatsapp' rel=\"noopener\"><span class='avia_hidden_link_text'>Compartir en Whatsapp<\/span><\/a><\/li><li class='av-share-link av-social-link-linkedin' ><a target=\"_blank\" aria-label=\"Compartir en LinkedIn\" href='https:\/\/linkedin.com\/shareArticle?mini=true&#038;title=Confirman%20para%20noviembre%20pago%20retroactivo%20de%20Beca%20Patagonia%20Ays%C3%A9n%20a%20135%20estudiantes%20pendientes&#038;url=https:\/\/radiorevelacionfm.cl\/?p=10121' aria-hidden='false' data-av_icon='\ue8fc' data-av_iconfont='entypo-fontello' title='' data-avia-related-tooltip='Compartir en LinkedIn' rel=\"noopener\"><span class='avia_hidden_link_text'>Compartir en LinkedIn<\/span><\/a><\/li><li class='av-share-link av-social-link-mail' ><a  aria-label=\"Compartir por correo\" href='mailto:?subject=Confirman%20para%20noviembre%20pago%20retroactivo%20de%20Beca%20Patagonia%20Ays%C3%A9n%20a%20135%20estudiantes%20pendientes&#038;body=https:\/\/radiorevelacionfm.cl\/?p=10121' aria-hidden='false' data-av_icon='\ue805' data-av_iconfont='entypo-fontello' title='' data-avia-related-tooltip='Compartir por correo'><span class='avia_hidden_link_text'>Compartir por correo<\/span><\/a><\/li><\/ul><\/div><\/div>\n<div  style='height:50px' class='hr hr-invisible   avia-builder-el-8  el_after_av_social_share  el_before_av_comments_list '><span class='hr-inner ' ><span class='hr-inner-style'><\/span><\/span><\/div>\n<div  class='av-buildercomment  av-blog-meta-html-info-disabled av-blog-meta-tag-disabled  '><\/div>\n","protected":false},"excerpt":{"rendered":"","protected":false},"author":1,"featured_media":5900,"comment_status":"open","ping_status":"open","sticky":false,"template":"","format":"standard","meta":{"footnotes":""},"categories":[49],"tags":[],"class_list":["post-10121","post","type-post","status-publish","format-standard","has-post-thumbnail","hentry","category-educacion"],"jetpack_featured_media_url":"https:\/\/radiorevelacionfm.cl\/wp-content\/uploads\/2021\/07\/Billetes0-1-1.jpg","_links":{"self":[{"href":"https:\/\/radiorevelacionfm.cl\/index.php?rest_route=\/wp\/v2\/posts\/10121","targetHints":{"allow":["GET"]}}],"collection":[{"href":"https:\/\/radiorevelacionfm.cl\/index.php?rest_route=\/wp\/v2\/posts"}],"about":[{"href":"https:\/\/radiorevelacionfm.cl\/index.php?rest_route=\/wp\/v2\/types\/post"}],"author":[{"embeddable":true,"href":"https:\/\/radiorevelacionfm.cl\/index.php?rest_route=\/wp\/v2\/users\/1"}],"replies":[{"embeddable":true,"href":"https:\/\/radiorevelacionfm.cl\/index.php?rest_route=%2Fwp%2Fv2%2Fcomments&post=10121"}],"version-history":[{"count":2,"href":"https:\/\/radiorevelacionfm.cl\/index.php?rest_route=\/wp\/v2\/posts\/10121\/revisions"}],"predecessor-version":[{"id":10141,"href":"https:\/\/radiorevelacionfm.cl\/index.php?rest_route=\/wp\/v2\/posts\/10121\/revisions\/10141"}],"wp:featuredmedia":[{"embeddable":true,"href":"https:\/\/radiorevelacionfm.cl\/index.php?rest_route=\/wp\/v2\/media\/5900"}],"wp:attachment":[{"href":"https:\/\/radiorevelacionfm.cl\/index.php?rest_route=%2Fwp%2Fv2%2Fmedia&parent=10121"}],"wp:term":[{"taxonomy":"category","embeddable":true,"href":"https:\/\/radiorevelacionfm.cl\/index.php?rest_route=%2Fwp%2Fv2%2Fcategories&post=10121"},{"taxonomy":"post_tag","embeddable":true,"href":"https:\/\/radiorevelacionfm.cl\/index.php?rest_route=%2Fwp%2Fv2%2Ftags&post=10121"}],"curies":[{"name":"wp","href":"https:\/\/api.w.org\/{rel}","templated":true}]}}