{"id":10118,"date":"2021-10-28T16:44:03","date_gmt":"2021-10-28T19:44:03","guid":{"rendered":"https:\/\/radiorevelacionfm.cl\/?p=10118"},"modified":"2021-10-28T16:44:03","modified_gmt":"2021-10-28T19:44:03","slug":"gobernadora-regional-comienza-dialogos-ciudadanos-y-abiertos-por-el-territorio","status":"publish","type":"post","link":"https:\/\/radiorevelacionfm.cl\/?p=10118","title":{"rendered":"Gobernadora Regional comienza di\u00e1logos ciudadanos y abiertos por el territorio"},"content":{"rendered":"<div class=\"flex_column av_one_full  flex_column_div av-zero-column-padding first  avia-builder-el-0  el_before_av_one_full  avia-builder-el-first  \" style='border-radius:0px; '><div  class='avia-image-container  av-styling-    avia-builder-el-1  avia-builder-el-no-sibling  avia-align-center '  itemprop=\"image\" itemscope=\"itemscope\" itemtype=\"https:\/\/schema.org\/ImageObject\"  ><div class='avia-image-container-inner'><div class='avia-image-overlay-wrap'><img decoding=\"async\" class='wp-image-10119 avia-img-lazy-loading-not-10119 avia_image' src=\"https:\/\/radiorevelacionfm.cl\/wp-content\/uploads\/2021\/10\/Visita-Gob1-1-1.jpeg\" alt='' title='Visita Gob1 (1) (1)' height=\"600\" width=\"1067\"  itemprop=\"thumbnailUrl\" srcset=\"https:\/\/radiorevelacionfm.cl\/wp-content\/uploads\/2021\/10\/Visita-Gob1-1-1.jpeg 1067w, https:\/\/radiorevelacionfm.cl\/wp-content\/uploads\/2021\/10\/Visita-Gob1-1-1-300x169.jpeg 300w, https:\/\/radiorevelacionfm.cl\/wp-content\/uploads\/2021\/10\/Visita-Gob1-1-1-1030x579.jpeg 1030w, https:\/\/radiorevelacionfm.cl\/wp-content\/uploads\/2021\/10\/Visita-Gob1-1-1-768x432.jpeg 768w, https:\/\/radiorevelacionfm.cl\/wp-content\/uploads\/2021\/10\/Visita-Gob1-1-1-705x396.jpeg 705w, https:\/\/radiorevelacionfm.cl\/wp-content\/uploads\/2021\/10\/Visita-Gob1-1-1-600x337.jpeg 600w\" sizes=\"(max-width: 1067px) 100vw, 1067px\" \/><\/div><\/div><\/div><\/div><div class=\"flex_column av_one_full  flex_column_div av-zero-column-padding first  avia-builder-el-2  el_after_av_one_full  el_before_av_one_full  column-top-margin\" style='border-radius:0px; '><section class=\"av_textblock_section \"  itemscope=\"itemscope\" itemtype=\"https:\/\/schema.org\/BlogPosting\" itemprop=\"blogPost\" ><div class='avia_textblock  '   itemprop=\"text\" ><p style=\"text-align: center;\"><span style=\"font-size: 18pt;\"><b>Gobernadora Regional comienza di\u00e1logos ciudadanos y abiertos por el territorio<\/b><\/span><\/p>\n<div id=\"gtx-trans\" style=\"position: absolute; left: -50px; top: 4.31534px;\">\n<div class=\"gtx-trans-icon\"><\/div>\n<\/div>\n<\/div><\/section><\/div><div class=\"flex_column av_one_full  flex_column_div av-zero-column-padding first  avia-builder-el-4  el_after_av_one_full  el_before_av_hr  column-top-margin\" style='border-radius:0px; '><section class=\"av_textblock_section \"  itemscope=\"itemscope\" itemtype=\"https:\/\/schema.org\/BlogPosting\" itemprop=\"blogPost\" ><div class='avia_textblock  '   itemprop=\"text\" ><p style=\"text-align: justify;\">Una pol\u00edtica de escucha activa en el territorio ha comenzado la m\u00e1xima autoridad regional quien, junto a equipos profesionales del Gobierno Regional y Consejeros Regionales, se ha desplegado en el territorio de la regi\u00f3n de Ays\u00e9n.<\/p>\n<p style=\"text-align: justify;\">Para la Gobernadora Andrea Mac\u00edas Palma, la participaci\u00f3n ciudadana ser\u00e1 uno de los sellos en la nueva gesti\u00f3n regional. \u00abIniciamos ya un recorrido por el sur de la regi\u00f3n y est\u00e1bamos pendientes con el litoral. Estar hoy d\u00eda presentes en el territorio resulta fundamental, porque creo que la \u00fanica forma real de reflejar la participaci\u00f3n ciudadana es a trav\u00e9s de la conversaci\u00f3n, del contacto directo, de un espacio de di\u00e1logo y respeto que nos permitan conocer de la boca de las propias personas las necesidades de las comunidades\u00bb, afirm\u00f3.<\/p>\n<p style=\"text-align: justify;\">El recorrido por la zona litoral de la regi\u00f3n se llev\u00f3 a cabo con la participaci\u00f3n del Consejero Regional Sergio Gonz\u00e1lez y fue agradecida por vecinos de las tres localidades visitadas.<\/p>\n<p style=\"text-align: justify;\">Para Marina Gonz\u00e1lez, vecina de Puerto Cisnes, la visita de la Gobernadora marca un hito muy importante para la comuna. \u00abSi bien aqu\u00ed se hablaron de las tomas y los comit\u00e9s de vivienda, en mi caso que yo estoy formando un comit\u00e9 nuevo con gente joven, no tenemos ayuda de ninguna parte. A nosotros nos han cerrado todas las puertas. Por eso para nosotros era muy importante venir y asistir a esta reuni\u00f3n para que la Gobernadora conociera nuestra problem\u00e1tica y nos pudiera venir a ayudar (&#8230;) Es super importante que est\u00e9 en terreno, conozca nuestras problem\u00e1ticas y nos ayude\u00bb, dijo.<\/p>\n<p style=\"text-align: justify;\">Misma sensaci\u00f3n que tambi\u00e9n tienen los vecinos de Melinka, como Carla Barrientos, vecina y dirigenta del lugar que particip\u00f3 activamente en la reuni\u00f3n abierta a la comunidad. \u00abEstoy muy contenta de poder conocer a la nueva Gobernadora. Como yo le dije, yo pongo todas las fichas en alguien nuevo. Vengo aqu\u00ed a exponer mi tema, que es el arreglo de la calle de la poblaci\u00f3n La Copa. Ella se lo ha tomado de muy buena manera. (&#8230;) Creo que esta din\u00e1mica de las autoridades regionales, de juntarse con los pobladores de la isla se deber\u00eda dar m\u00ednimo unas tres veces al a\u00f1o. Porque hay problemas que tenemos que exponer nosotros mismos\u00bb.<\/p>\n<p style=\"text-align: justify;\">La visita litoral sum\u00f3 tambi\u00e9n a Puerto Gala, donde se llev\u00f3 a cabo una reuni\u00f3n en la plaza junto a vecinos, estudiantes y dirigentes de la zona. Para Blanca Zambrano, una de las organizadoras, la conversaci\u00f3n sirvi\u00f3 para tocar temas pendientes por mucho tiempo con las autoridades. \u00abNuestra Gobernadora elegida por el pueblo, que es lo m\u00e1s importante. Tenemos muchos asuntos pendientes y queremos que nuestra localidad se vuelva a encantar con las autoridades y qu\u00e9 mejor que con nuestra Gobernadora. Eso ser\u00e1 el motor para que trabajemos en conjunto. Necesitamos atenci\u00f3n y dej\u00f3 a las autoridades invitadas a repetir estas visitas\u00bb, coment\u00f3.<\/p>\n<p style=\"text-align: justify;\">Finalmente, para la Gobernadora Mac\u00edas, el recorrido regional continuar\u00e1 durante los meses venideros. \u00abSeguir conversando con las personas, con una pol\u00edtica de puertas abiertas, nos permitir\u00e1 que la inversi\u00f3n p\u00fablica llegue a solucionar la vida de las personas\u00bb.<\/p>\n<\/div><\/section><\/div><div  style='height:50px' class='hr hr-invisible   avia-builder-el-6  el_after_av_one_full  el_before_av_social_share '><span class='hr-inner ' ><span class='hr-inner-style'><\/span><\/span><\/div><\/p>\n<div  class='av-social-sharing-box  avia-builder-el-7  el_after_av_hr  el_before_av_hr  '><div class='av-share-box'><h5 class='av-share-link-description av-no-toc '>Compartir esta noticia<\/h5><ul class='av-share-box-list noLightbox'><li class='av-share-link av-social-link-facebook' ><a target=\"_blank\" aria-label=\"Compartir en Facebook\" href='https:\/\/www.facebook.com\/sharer.php?u=https:\/\/radiorevelacionfm.cl\/?p=10118&#038;t=Gobernadora%20Regional%20comienza%20di%C3%A1logos%20ciudadanos%20y%20abiertos%20por%20el%20territorio' aria-hidden='false' data-av_icon='\ue8f3' data-av_iconfont='entypo-fontello' title='' data-avia-related-tooltip='Compartir en Facebook' rel=\"noopener\"><span class='avia_hidden_link_text'>Compartir en Facebook<\/span><\/a><\/li><li class='av-share-link av-social-link-twitter' ><a target=\"_blank\" aria-label=\"Compartir en Twitter\" href='https:\/\/twitter.com\/share?text=Gobernadora%20Regional%20comienza%20di%C3%A1logos%20ciudadanos%20y%20abiertos%20por%20el%20territorio&#038;url=https:\/\/radiorevelacionfm.cl\/?p=10118' aria-hidden='false' data-av_icon='\ue8f1' data-av_iconfont='entypo-fontello' title='' data-avia-related-tooltip='Compartir en Twitter' rel=\"noopener\"><span class='avia_hidden_link_text'>Compartir en Twitter<\/span><\/a><\/li><li class='av-share-link av-social-link-whatsapp' ><a target=\"_blank\" aria-label=\"Compartir en Whatsapp\" href='https:\/\/api.whatsapp.com\/send?text=https:\/\/radiorevelacionfm.cl\/?p=10118' aria-hidden='false' data-av_icon='\uf232' data-av_iconfont='entypo-fontello' title='' data-avia-related-tooltip='Compartir en Whatsapp' rel=\"noopener\"><span class='avia_hidden_link_text'>Compartir en Whatsapp<\/span><\/a><\/li><li class='av-share-link av-social-link-linkedin' ><a target=\"_blank\" aria-label=\"Compartir en LinkedIn\" href='https:\/\/linkedin.com\/shareArticle?mini=true&#038;title=Gobernadora%20Regional%20comienza%20di%C3%A1logos%20ciudadanos%20y%20abiertos%20por%20el%20territorio&#038;url=https:\/\/radiorevelacionfm.cl\/?p=10118' aria-hidden='false' data-av_icon='\ue8fc' data-av_iconfont='entypo-fontello' title='' data-avia-related-tooltip='Compartir en LinkedIn' rel=\"noopener\"><span class='avia_hidden_link_text'>Compartir en LinkedIn<\/span><\/a><\/li><li class='av-share-link av-social-link-mail' ><a  aria-label=\"Compartir por correo\" href='mailto:?subject=Gobernadora%20Regional%20comienza%20di%C3%A1logos%20ciudadanos%20y%20abiertos%20por%20el%20territorio&#038;body=https:\/\/radiorevelacionfm.cl\/?p=10118' aria-hidden='false' data-av_icon='\ue805' data-av_iconfont='entypo-fontello' title='' data-avia-related-tooltip='Compartir por correo'><span class='avia_hidden_link_text'>Compartir por correo<\/span><\/a><\/li><\/ul><\/div><\/div>\n<div  style='height:50px' class='hr hr-invisible   avia-builder-el-8  el_after_av_social_share  el_before_av_comments_list '><span class='hr-inner ' ><span class='hr-inner-style'><\/span><\/span><\/div>\n<div  class='av-buildercomment  av-blog-meta-html-info-disabled av-blog-meta-tag-disabled  '><\/div>\n","protected":false},"excerpt":{"rendered":"","protected":false},"author":1,"featured_media":10119,"comment_status":"open","ping_status":"open","sticky":false,"template":"","format":"standard","meta":{"footnotes":""},"categories":[38],"tags":[],"class_list":["post-10118","post","type-post","status-publish","format-standard","has-post-thumbnail","hentry","category-regional"],"jetpack_featured_media_url":"https:\/\/radiorevelacionfm.cl\/wp-content\/uploads\/2021\/10\/Visita-Gob1-1-1.jpeg","_links":{"self":[{"href":"https:\/\/radiorevelacionfm.cl\/index.php?rest_route=\/wp\/v2\/posts\/10118","targetHints":{"allow":["GET"]}}],"collection":[{"href":"https:\/\/radiorevelacionfm.cl\/index.php?rest_route=\/wp\/v2\/posts"}],"about":[{"href":"https:\/\/radiorevelacionfm.cl\/index.php?rest_route=\/wp\/v2\/types\/post"}],"author":[{"embeddable":true,"href":"https:\/\/radiorevelacionfm.cl\/index.php?rest_route=\/wp\/v2\/users\/1"}],"replies":[{"embeddable":true,"href":"https:\/\/radiorevelacionfm.cl\/index.php?rest_route=%2Fwp%2Fv2%2Fcomments&post=10118"}],"version-history":[{"count":1,"href":"https:\/\/radiorevelacionfm.cl\/index.php?rest_route=\/wp\/v2\/posts\/10118\/revisions"}],"predecessor-version":[{"id":10120,"href":"https:\/\/radiorevelacionfm.cl\/index.php?rest_route=\/wp\/v2\/posts\/10118\/revisions\/10120"}],"wp:featuredmedia":[{"embeddable":true,"href":"https:\/\/radiorevelacionfm.cl\/index.php?rest_route=\/wp\/v2\/media\/10119"}],"wp:attachment":[{"href":"https:\/\/radiorevelacionfm.cl\/index.php?rest_route=%2Fwp%2Fv2%2Fmedia&parent=10118"}],"wp:term":[{"taxonomy":"category","embeddable":true,"href":"https:\/\/radiorevelacionfm.cl\/index.php?rest_route=%2Fwp%2Fv2%2Fcategories&post=10118"},{"taxonomy":"post_tag","embeddable":true,"href":"https:\/\/radiorevelacionfm.cl\/index.php?rest_route=%2Fwp%2Fv2%2Ftags&post=10118"}],"curies":[{"name":"wp","href":"https:\/\/api.w.org\/{rel}","templated":true}]}}