{"id":10115,"date":"2021-10-28T16:30:24","date_gmt":"2021-10-28T19:30:24","guid":{"rendered":"https:\/\/radiorevelacionfm.cl\/?p=10115"},"modified":"2021-10-28T16:30:24","modified_gmt":"2021-10-28T19:30:24","slug":"expedicion-multidisciplinaria-aborda-diversos-temas-cientificos-en-istmo-de-ofqui","status":"publish","type":"post","link":"https:\/\/radiorevelacionfm.cl\/?p=10115","title":{"rendered":"Expedici\u00f3n multidisciplinaria aborda diversos temas cient\u00edficos en Istmo de Ofqui"},"content":{"rendered":"<div class=\"flex_column av_one_full  flex_column_div av-zero-column-padding first  avia-builder-el-0  el_before_av_one_full  avia-builder-el-first  \" style='border-radius:0px; '><div  class='avia-image-container  av-styling-    avia-builder-el-1  avia-builder-el-no-sibling  avia-align-center '  itemprop=\"image\" itemscope=\"itemscope\" itemtype=\"https:\/\/schema.org\/ImageObject\"  ><div class='avia-image-container-inner'><div class='avia-image-overlay-wrap'><img decoding=\"async\" class='wp-image-10116 avia-img-lazy-loading-not-10116 avia_image' src=\"https:\/\/radiorevelacionfm.cl\/wp-content\/uploads\/2021\/10\/Ofqui2-1-1.jpg\" alt='' title='Ofqui2 (1) (1)' height=\"600\" width=\"800\"  itemprop=\"thumbnailUrl\" srcset=\"https:\/\/radiorevelacionfm.cl\/wp-content\/uploads\/2021\/10\/Ofqui2-1-1.jpg 800w, https:\/\/radiorevelacionfm.cl\/wp-content\/uploads\/2021\/10\/Ofqui2-1-1-300x225.jpg 300w, https:\/\/radiorevelacionfm.cl\/wp-content\/uploads\/2021\/10\/Ofqui2-1-1-768x576.jpg 768w, https:\/\/radiorevelacionfm.cl\/wp-content\/uploads\/2021\/10\/Ofqui2-1-1-705x529.jpg 705w, https:\/\/radiorevelacionfm.cl\/wp-content\/uploads\/2021\/10\/Ofqui2-1-1-600x450.jpg 600w\" sizes=\"(max-width: 800px) 100vw, 800px\" \/><\/div><\/div><\/div><\/div><div class=\"flex_column av_one_full  flex_column_div av-zero-column-padding first  avia-builder-el-2  el_after_av_one_full  el_before_av_one_full  column-top-margin\" style='border-radius:0px; '><section class=\"av_textblock_section \"  itemscope=\"itemscope\" itemtype=\"https:\/\/schema.org\/BlogPosting\" itemprop=\"blogPost\" ><div class='avia_textblock  '   itemprop=\"text\" ><p style=\"text-align: center;\"><strong><span style=\"font-size: 18pt;\">Expedici\u00f3n multidisciplinaria aborda diversos temas cient\u00edficos en Istmo de Ofqui<\/span><\/strong><\/p>\n<div id=\"gtx-trans\" style=\"position: absolute; left: -50px; top: 4.31534px;\">\n<div class=\"gtx-trans-icon\"><\/div>\n<\/div>\n<\/div><\/section><\/div><div class=\"flex_column av_one_full  flex_column_div av-zero-column-padding first  avia-builder-el-4  el_after_av_one_full  el_before_av_hr  column-top-margin\" style='border-radius:0px; '><section class=\"av_textblock_section \"  itemscope=\"itemscope\" itemtype=\"https:\/\/schema.org\/BlogPosting\" itemprop=\"blogPost\" ><div class='avia_textblock  '   itemprop=\"text\" ><p style=\"text-align: justify;\">Por definici\u00f3n un istmo es un pedazo de tierra que une dos sistemas acu\u00e1ticos de diferente naturaleza. En el caso de Ofqui conecta la pen\u00ednsula de Taitao con la zona continental en la regi\u00f3n de Ays\u00e9n; limitando al sur con el golfo de Penas y al norte con la laguna San Rafael. Los r\u00edos Negro, Lukac, Blanco y Maniguas confluyen en el r\u00edo San Tadeo, aportando sedimentos glaciales y materia org\u00e1nica al golfo San Esteban y el oc\u00e9ano Pac\u00edfico.<br \/>\nToda esta extensi\u00f3n pertenece al Parque Nacional Laguna San Rafael, el m\u00e1s grande de la regi\u00f3n, con un paisaje cautivador desde donde se aprecia la inmensidad de la naturaleza por la convergencia de din\u00e1micas fluviales, glaciares y marinas que generan un ecosistema \u00fanico.<\/p>\n<div class=\"code-block code-block-6\" style=\"text-align: justify;\">\n<div id=\"sas_99435\">Esta zona fue frecuentada por el ser humano desde \u00e9poca antigua: pueblos canoeros la cruzaban desde la laguna San Rafael hasta el golfo de Penas, y fueron quienes se la ense\u00f1aron a los espa\u00f1oles e ingleses. Entre 1938 y 1944 se trabaj\u00f3 en la apertura de un canal para facilitar la navegaci\u00f3n por los archipi\u00e9lagos de la Patagonia, uniendo el Golfo de Penas con el \u00e1rea de Laguna San Rafael, obra que no prosper\u00f3, siendo a\u00fan un lugar dif\u00edcil de acceder debido a la log\u00edstica de cruzar cargados esta franja de tierra y turba, cubierta de agua y terrenos blandos.<\/div>\n<\/div>\n<div class=\"code-block code-block-4\" style=\"text-align: justify;\">\n<div><\/div>\n<div id=\"sas_99072\">Una iniciativa del Centro de Investigaci\u00f3n en Ecosistemas de la Patagonia (CIEP), con fondos del Proyecto de Fortalecimiento de Centros Regionales PATSER, financiado por ANID, convoc\u00f3 al Centro de Estudio en Zonas \u00c1ridas (CEAZA) y a la Fundaci\u00f3n Mira el Mar con el objetivo de unir esfuerzos en para indagar en la remota zona del Istmo de Ofqui. En ella participaron especialistas del \u00e1rea marina, terrestre y arqueol\u00f3gica, quienes apoyados por la empresa tur\u00edstica Destino Patagonia se trasladaron por v\u00eda mar\u00edtima y terrestre hasta la Bah\u00eda San Quint\u00edn, Isla Arbolada y pen\u00ednsula de Forelius.<\/div>\n<\/div>\n<p style=\"text-align: justify;\">Con el objetivo de indagar las interacciones humanas, un equipo de arque\u00f3logos se enfoc\u00f3 en reconocer superficialmente puntos de inter\u00e9s arqueol\u00f3gico para evaluar el potencial de futuras investigaciones. De este modo, registraron y caracterizaron algunas pruebas de la presencia humana de antiguos cazadores recolectores que habitaron la zona, considerando que no ha sido f\u00e1cil prospectar la regi\u00f3n costera de Ays\u00e9n, debido a la baja conservaci\u00f3n de los sitios arqueol\u00f3gicos y la dificultad de su geograf\u00eda.<\/p>\n<p style=\"text-align: justify;\">Por su parte, el equipo de ecosistemas marinos iba con un claro objetivo, observar y realizar un catastro de la fauna marina, principalmente cet\u00e1ceos y aves que habitan la costa y humedales. La playa ubicada en la bah\u00eda de San Quint\u00edn, con aproximadamente 37 kil\u00f3metros ininterrumpidos de arena blanca, es una de las m\u00e1s largas de Chile, y en los \u00faltimos a\u00f1os ha sido el lugar elegido para diversidad de mam\u00edferos marinos como lobos, delf\u00edn chileno y especialmente las ballenas francas australes, las cuales nuevamente se vieron en esta expedici\u00f3n, reafirmando as\u00ed la hip\u00f3tesis de que esta especie, la cual cuenta con una poblaci\u00f3n vulnerable, ha encontrado en este lugar un \u00e1rea de refugio y crianza. Por otra parte, tanto en la playa como en los alrededores se alberga mucha diversidad de especies de aves tanto residentes como migratorias, y varias en estado de vulnerabilidad. En esta ocasi\u00f3n se lograron observar y censar alrededor de 60 especies, e identificar zonas diferenciadas entre aves de humedal y costeras, como otras m\u00e1s enlazadas y densamente pobladas, especialmente en islotes ubicados en zonas de la bah\u00eda donde se encontraron poblaciones de aves costeras como cormoranes, gaviotas, gaviotines, ping\u00fcinos de magallanes, en convivencia con garzas y caranchos entre otros.<\/p>\n<p style=\"text-align: justify;\">Para entender los distintos componentes geomorfol\u00f3gicos y estructurales del paisaje de la zona, el equipo de din\u00e1mica del Paisaje realiz\u00f3 observaciones por medio de fotograf\u00edas a\u00e9reas obtenidas con un dron de alta resoluci\u00f3n, de esta forma se analiza a gran escala los ecosistemas del Istmo de Ofqui, evaluando la factibilidad de aplicar futuros estudios a comprender los cambios y servicios ecosist\u00e9micos que la zona alberga. Adem\u00e1s, ellos permitieron capturar fotograf\u00edas y material audiovisual de alta definici\u00f3n, siendo un complemento para los especialistas de los otros equipos.<\/p>\n<p style=\"text-align: justify;\">Ahora lo que se espera es que gracias al trabajo colaborativo de investigadores de otras regiones e internacionales se puedan desarrollar estudios de mayor envergadura en la zona y con objetivos claros, lo que permitir\u00e1n tener una base solvente para la protecci\u00f3n de este valioso ecosistema de la regi\u00f3n, el que es importante h\u00e1bitat de especies en riesgo y de sistemas h\u00eddricos como lo son los glaciares, turberas, r\u00edos y mar. Para el director ejecutivo de CIEP, la expedici\u00f3n Ofqui 2021 \u201cFue una primera aproximaci\u00f3n y un esfuerzo de convocar el trabajo articulado, de esta forma poseer mayor informaci\u00f3n base del sector, el que sabemos que es un valioso ecosistema que alberga biodiversidad de gran valor. Ahora nuestro desaf\u00edo es conseguir los recursos para realizar estudios de mayor envergadura\u201d.<\/p>\n<\/div><\/section><\/div><div  style='height:50px' class='hr hr-invisible   avia-builder-el-6  el_after_av_one_full  el_before_av_social_share '><span class='hr-inner ' ><span class='hr-inner-style'><\/span><\/span><\/div><\/p>\n<div  class='av-social-sharing-box  avia-builder-el-7  el_after_av_hr  el_before_av_hr  '><div class='av-share-box'><h5 class='av-share-link-description av-no-toc '>Compartir esta noticia<\/h5><ul class='av-share-box-list noLightbox'><li class='av-share-link av-social-link-facebook' ><a target=\"_blank\" aria-label=\"Compartir en Facebook\" href='https:\/\/www.facebook.com\/sharer.php?u=https:\/\/radiorevelacionfm.cl\/?p=10115&#038;t=Expedici%C3%B3n%20multidisciplinaria%20aborda%20diversos%20temas%20cient%C3%ADficos%20en%20Istmo%20de%20Ofqui' aria-hidden='false' data-av_icon='\ue8f3' data-av_iconfont='entypo-fontello' title='' data-avia-related-tooltip='Compartir en Facebook' rel=\"noopener\"><span class='avia_hidden_link_text'>Compartir en Facebook<\/span><\/a><\/li><li class='av-share-link av-social-link-twitter' ><a target=\"_blank\" aria-label=\"Compartir en Twitter\" href='https:\/\/twitter.com\/share?text=Expedici%C3%B3n%20multidisciplinaria%20aborda%20diversos%20temas%20cient%C3%ADficos%20en%20Istmo%20de%20Ofqui&#038;url=https:\/\/radiorevelacionfm.cl\/?p=10115' aria-hidden='false' data-av_icon='\ue8f1' data-av_iconfont='entypo-fontello' title='' data-avia-related-tooltip='Compartir en Twitter' rel=\"noopener\"><span class='avia_hidden_link_text'>Compartir en Twitter<\/span><\/a><\/li><li class='av-share-link av-social-link-whatsapp' ><a target=\"_blank\" aria-label=\"Compartir en Whatsapp\" href='https:\/\/api.whatsapp.com\/send?text=https:\/\/radiorevelacionfm.cl\/?p=10115' aria-hidden='false' data-av_icon='\uf232' data-av_iconfont='entypo-fontello' title='' data-avia-related-tooltip='Compartir en Whatsapp' rel=\"noopener\"><span class='avia_hidden_link_text'>Compartir en Whatsapp<\/span><\/a><\/li><li class='av-share-link av-social-link-linkedin' ><a target=\"_blank\" aria-label=\"Compartir en LinkedIn\" href='https:\/\/linkedin.com\/shareArticle?mini=true&#038;title=Expedici%C3%B3n%20multidisciplinaria%20aborda%20diversos%20temas%20cient%C3%ADficos%20en%20Istmo%20de%20Ofqui&#038;url=https:\/\/radiorevelacionfm.cl\/?p=10115' aria-hidden='false' data-av_icon='\ue8fc' data-av_iconfont='entypo-fontello' title='' data-avia-related-tooltip='Compartir en LinkedIn' rel=\"noopener\"><span class='avia_hidden_link_text'>Compartir en LinkedIn<\/span><\/a><\/li><li class='av-share-link av-social-link-mail' ><a  aria-label=\"Compartir por correo\" href='mailto:?subject=Expedici%C3%B3n%20multidisciplinaria%20aborda%20diversos%20temas%20cient%C3%ADficos%20en%20Istmo%20de%20Ofqui&#038;body=https:\/\/radiorevelacionfm.cl\/?p=10115' aria-hidden='false' data-av_icon='\ue805' data-av_iconfont='entypo-fontello' title='' data-avia-related-tooltip='Compartir por correo'><span class='avia_hidden_link_text'>Compartir por correo<\/span><\/a><\/li><\/ul><\/div><\/div>\n<div  style='height:50px' class='hr hr-invisible   avia-builder-el-8  el_after_av_social_share  el_before_av_comments_list '><span class='hr-inner ' ><span class='hr-inner-style'><\/span><\/span><\/div>\n<div  class='av-buildercomment  av-blog-meta-html-info-disabled av-blog-meta-tag-disabled  '><\/div>\n","protected":false},"excerpt":{"rendered":"","protected":false},"author":1,"featured_media":10116,"comment_status":"open","ping_status":"open","sticky":false,"template":"","format":"standard","meta":{"footnotes":""},"categories":[53],"tags":[],"class_list":["post-10115","post","type-post","status-publish","format-standard","has-post-thumbnail","hentry","category-ciencia"],"jetpack_featured_media_url":"https:\/\/radiorevelacionfm.cl\/wp-content\/uploads\/2021\/10\/Ofqui2-1-1.jpg","_links":{"self":[{"href":"https:\/\/radiorevelacionfm.cl\/index.php?rest_route=\/wp\/v2\/posts\/10115","targetHints":{"allow":["GET"]}}],"collection":[{"href":"https:\/\/radiorevelacionfm.cl\/index.php?rest_route=\/wp\/v2\/posts"}],"about":[{"href":"https:\/\/radiorevelacionfm.cl\/index.php?rest_route=\/wp\/v2\/types\/post"}],"author":[{"embeddable":true,"href":"https:\/\/radiorevelacionfm.cl\/index.php?rest_route=\/wp\/v2\/users\/1"}],"replies":[{"embeddable":true,"href":"https:\/\/radiorevelacionfm.cl\/index.php?rest_route=%2Fwp%2Fv2%2Fcomments&post=10115"}],"version-history":[{"count":1,"href":"https:\/\/radiorevelacionfm.cl\/index.php?rest_route=\/wp\/v2\/posts\/10115\/revisions"}],"predecessor-version":[{"id":10117,"href":"https:\/\/radiorevelacionfm.cl\/index.php?rest_route=\/wp\/v2\/posts\/10115\/revisions\/10117"}],"wp:featuredmedia":[{"embeddable":true,"href":"https:\/\/radiorevelacionfm.cl\/index.php?rest_route=\/wp\/v2\/media\/10116"}],"wp:attachment":[{"href":"https:\/\/radiorevelacionfm.cl\/index.php?rest_route=%2Fwp%2Fv2%2Fmedia&parent=10115"}],"wp:term":[{"taxonomy":"category","embeddable":true,"href":"https:\/\/radiorevelacionfm.cl\/index.php?rest_route=%2Fwp%2Fv2%2Fcategories&post=10115"},{"taxonomy":"post_tag","embeddable":true,"href":"https:\/\/radiorevelacionfm.cl\/index.php?rest_route=%2Fwp%2Fv2%2Ftags&post=10115"}],"curies":[{"name":"wp","href":"https:\/\/api.w.org\/{rel}","templated":true}]}}