{"id":10074,"date":"2021-10-27T10:53:42","date_gmt":"2021-10-27T13:53:42","guid":{"rendered":"https:\/\/radiorevelacionfm.cl\/?p=10074"},"modified":"2021-10-27T10:53:42","modified_gmt":"2021-10-27T13:53:42","slug":"senadora-ordenes-y-conectividad-en-chile-chico-si-esto-hubiese-ocurrido-en-santiago-ya-habria-una-solucion-en-marcha","status":"publish","type":"post","link":"https:\/\/radiorevelacionfm.cl\/?p=10074","title":{"rendered":"Senadora \u00d3rdenes y conectividad en Chile Chico: \u201cSi esto hubiese ocurrido en Santiago ya habr\u00eda una soluci\u00f3n en marcha\u201d"},"content":{"rendered":"<div class=\"flex_column av_one_full  flex_column_div av-zero-column-padding first  avia-builder-el-0  el_before_av_one_full  avia-builder-el-first  \" style='border-radius:0px; '><div  class='avia-image-container  av-styling-    avia-builder-el-1  avia-builder-el-no-sibling  avia-align-center '  itemprop=\"image\" itemscope=\"itemscope\" itemtype=\"https:\/\/schema.org\/ImageObject\"  ><div class='avia-image-container-inner'><div class='avia-image-overlay-wrap'><img decoding=\"async\" class='wp-image-4061 avia-img-lazy-loading-not-4061 avia_image' src=\"https:\/\/radiorevelacionfm.cl\/wp-content\/uploads\/2021\/05\/Senadora-X-Ordenes3-1.jpg\" alt='' title='Senadora X Ordenes3 (1)' height=\"539\" width=\"900\"  itemprop=\"thumbnailUrl\" srcset=\"https:\/\/radiorevelacionfm.cl\/wp-content\/uploads\/2021\/05\/Senadora-X-Ordenes3-1.jpg 900w, https:\/\/radiorevelacionfm.cl\/wp-content\/uploads\/2021\/05\/Senadora-X-Ordenes3-1-300x180.jpg 300w, https:\/\/radiorevelacionfm.cl\/wp-content\/uploads\/2021\/05\/Senadora-X-Ordenes3-1-768x460.jpg 768w, https:\/\/radiorevelacionfm.cl\/wp-content\/uploads\/2021\/05\/Senadora-X-Ordenes3-1-705x422.jpg 705w, https:\/\/radiorevelacionfm.cl\/wp-content\/uploads\/2021\/05\/Senadora-X-Ordenes3-1-600x359.jpg 600w\" sizes=\"(max-width: 900px) 100vw, 900px\" \/><\/div><\/div><\/div><\/div><div class=\"flex_column av_one_full  flex_column_div av-zero-column-padding first  avia-builder-el-2  el_after_av_one_full  el_before_av_one_full  column-top-margin\" style='border-radius:0px; '><section class=\"av_textblock_section \"  itemscope=\"itemscope\" itemtype=\"https:\/\/schema.org\/BlogPosting\" itemprop=\"blogPost\" ><div class='avia_textblock  '   itemprop=\"text\" ><p style=\"text-align: center;\"><span style=\"font-size: 18pt;\"><b><span lang=\"ES\">Senadora \u00d3rdenes y conectividad en Chile Chico: \u201cSi esto hubiese ocurrido en Santiago ya habr\u00eda una soluci\u00f3n en marcha\u201d<\/span><\/b><\/span><\/p>\n<div id=\"gtx-trans\" style=\"position: absolute; left: -50px; top: 4.31534px;\">\n<div class=\"gtx-trans-icon\"><\/div>\n<\/div>\n<\/div><\/section><\/div><div class=\"flex_column av_one_full  flex_column_div av-zero-column-padding first  avia-builder-el-4  el_after_av_one_full  el_before_av_hr  column-top-margin\" style='border-radius:0px; '><section class=\"av_textblock_section \"  itemscope=\"itemscope\" itemtype=\"https:\/\/schema.org\/BlogPosting\" itemprop=\"blogPost\" ><div class='avia_textblock  '   itemprop=\"text\" ><p style=\"font-weight: 400; text-align: justify;\">Tras conocer el corte Ruta 7 cerca del cruce a Murta y que deja a todas las localidades del Sur de la regi\u00f3n desconectadas, la parlamentaria puso \u00e9nfasis en la situaci\u00f3n de Chile Chico y acus\u00f3 falta de \u201curgencia\u201d para buscar una soluci\u00f3n a los problemas de conectividad de la regi\u00f3n. Adem\u00e1s, de criticar la intenci\u00f3n de instalar como \u201cbuena noticia\u201d la nueva barcaza que no cumple con los est\u00e1ndares del siglo XXI.<\/p>\n<p style=\"font-weight: 400; text-align: justify;\">Hoy la comuna de Chile Chico se encuentra completamente aislada luego de que ocurriera un corte camino a dos kil\u00f3metros del Cruce de Murta. Esta situaci\u00f3n provoc\u00f3 que la parlamentaria Ximena \u00d3rdenes hiciera un en\u00e9rgico llamado a las autoridades a buscar una soluci\u00f3n acorde a la gravedad que viven las y los habitantes de Chile Chico.<\/p>\n<p style=\"font-weight: 400; text-align: justify;\">\u201cEl corte de camino coloca en una situaci\u00f3n muy compleja no solo la conectividad vial con el sur de la regi\u00f3n de Ays\u00e9n, sino que quiero poner \u00e9nfasis en la situaci\u00f3n tan compleja que vive Chile Chico, hoy pr\u00e1cticamente 100% desconectada\u201d, indic\u00f3 la parlamentaria.<\/p>\n<p style=\"font-weight: 400; text-align: justify;\">En este sentido, la senadora \u00d3rdenes Neira recalc\u00f3: \u201cEsta comuna ha tenido que experimentar una situaci\u00f3n de no conectividad a ra\u00edz de la falla de la barcaza La Pilchero y Tehuelche, \u00e9sta \u00faltima debi\u00f3 haber concluido su mantenci\u00f3n el 18 de octubre, cuesti\u00f3n que no ocurri\u00f3 y la promesa es que ocurrir\u00e1 el 16 de diciembre\u201d.<\/p>\n<p style=\"font-weight: 400; text-align: justify;\">Asimismo, la presidenta de la Comisi\u00f3n de Transportes del Senado anunci\u00f3 que junto al diputado Alinco solicitaron que se establezca Estado de Emergencia por Conectividad Lacustre en la zona. \u201cAc\u00e1 hay una responsabilidad del Gobierno, no se puede sostener que existe un sistema de respaldo en base a una embarcaci\u00f3n noble como La Pilchero, pero que claramente no tiene la capacidad para sostener la demanda actual. Estamos hablando de una embarcaci\u00f3n que ya tiene 47 a\u00f1os y capacidad limitada, deber\u00edamos levantarle un monumento por el servicio que ha prestado en la cuenca del Lago general Carrera, pero no se puede sostener que con esa alternativa se resuelve el problema de conectividad lacustre\u201d.<\/p>\n<p style=\"font-weight: 400; text-align: justify;\">Y agreg\u00f3: \u201cQuiero hacer un claro llamado a las autoridades competentes OO.PP, Transportes, Interior y lo hemos hecho saber al Presidente de la Rep\u00fablica para que se defina la situaci\u00f3n de Emergencia por Conectividad Lacustre en Chile Chico\u201d.<\/p>\n<p style=\"font-weight: 400; text-align: justify;\">Tambi\u00e9n la senadora \u00d3rdenes Neira lament\u00f3 el desd\u00e9n con que se trata a las regiones en comparaci\u00f3n a la zona central. \u201cSe ha fallado en darle un sentido de urgencia a un problema que si se hubiera ocurrido en la zona central les aseguro que tendr\u00eda soluciones de manera inmediata\u201d.<\/p>\n<p style=\"font-weight: 400; text-align: justify;\"><strong>Dise\u00f1o nueva barcaza: \u201cEs un reemplazo de la Pilchero, lo que se requiere es una nave con standard de siglo 21\u201d<\/strong><\/p>\n<p style=\"font-weight: 400; text-align: justify;\">Respecto al dise\u00f1o presentado por el Seremi de Transportes de la nueva barcaza para la regi\u00f3n, la senadora Ximena \u00d3rdenes fue enf\u00e1tica en criticar la forma en que se ha informado esta nueva nave.<\/p>\n<p style=\"font-weight: 400; text-align: justify;\">\u201cDesde el a\u00f1o 2019 hemos solicitado se coloque en agenda una nueva nave para el lago General Carrera y finalmente lo que se hace es pensar a escala peque\u00f1a y sin visi\u00f3n de futuro una embarcaci\u00f3n que solo viene a reemplazar a La Pilchero. Se pretende instalar como una buena noticia la situaci\u00f3n de una nueva barcaza, con una capacidad de 128 pasajeros, significativamente menor a los aproximadamente 250 pasajeros que transporta en sal\u00f3n actualmente la Tehuelche. Es decir, estamos mirando al pasado, no estamos pensando en los est\u00e1ndares del siglo 21 y la situaci\u00f3n de Chile Chico ya no se sostiene\u201d, indic\u00f3.<\/p>\n<p style=\"font-weight: 400; text-align: justify;\">Finalmente, \u00d3rdenes Neira insisti\u00f3 en el retraso en la toma de decisiones por parte de las autoridades para resolver los problemas de conectividad de Chile Chico. \u201cLas respuestas que se han dado no han sido oportunas y el anuncio del Gobierno a mi juicio es m\u00e1s bien miope\u201d, puntualiz\u00f3.<\/p>\n<\/div><\/section><\/div><div  style='height:50px' class='hr hr-invisible   avia-builder-el-6  el_after_av_one_full  el_before_av_social_share '><span class='hr-inner ' ><span class='hr-inner-style'><\/span><\/span><\/div><\/p>\n<div  class='av-social-sharing-box  avia-builder-el-7  el_after_av_hr  el_before_av_hr  '><div class='av-share-box'><h5 class='av-share-link-description av-no-toc '>Compartir esta noticia<\/h5><ul class='av-share-box-list noLightbox'><li class='av-share-link av-social-link-facebook' ><a target=\"_blank\" aria-label=\"Compartir en Facebook\" href='https:\/\/www.facebook.com\/sharer.php?u=https:\/\/radiorevelacionfm.cl\/?p=10074&#038;t=Senadora%20%C3%93rdenes%20y%20conectividad%20en%20Chile%20Chico%3A%20%E2%80%9CSi%20esto%20hubiese%20ocurrido%20en%20Santiago%20ya%20habr%C3%ADa%20una%20soluci%C3%B3n%20en%20marcha%E2%80%9D' aria-hidden='false' data-av_icon='\ue8f3' data-av_iconfont='entypo-fontello' title='' data-avia-related-tooltip='Compartir en Facebook' rel=\"noopener\"><span class='avia_hidden_link_text'>Compartir en Facebook<\/span><\/a><\/li><li class='av-share-link av-social-link-twitter' ><a target=\"_blank\" aria-label=\"Compartir en Twitter\" href='https:\/\/twitter.com\/share?text=Senadora%20%C3%93rdenes%20y%20conectividad%20en%20Chile%20Chico%3A%20%E2%80%9CSi%20esto%20hubiese%20ocurrido%20en%20Santiago%20ya%20habr%C3%ADa%20una%20soluci%C3%B3n%20en%20marcha%E2%80%9D&#038;url=https:\/\/radiorevelacionfm.cl\/?p=10074' aria-hidden='false' data-av_icon='\ue8f1' data-av_iconfont='entypo-fontello' title='' data-avia-related-tooltip='Compartir en Twitter' rel=\"noopener\"><span class='avia_hidden_link_text'>Compartir en Twitter<\/span><\/a><\/li><li class='av-share-link av-social-link-whatsapp' ><a target=\"_blank\" aria-label=\"Compartir en Whatsapp\" href='https:\/\/api.whatsapp.com\/send?text=https:\/\/radiorevelacionfm.cl\/?p=10074' aria-hidden='false' data-av_icon='\uf232' data-av_iconfont='entypo-fontello' title='' data-avia-related-tooltip='Compartir en Whatsapp' rel=\"noopener\"><span class='avia_hidden_link_text'>Compartir en Whatsapp<\/span><\/a><\/li><li class='av-share-link av-social-link-linkedin' ><a target=\"_blank\" aria-label=\"Compartir en LinkedIn\" href='https:\/\/linkedin.com\/shareArticle?mini=true&#038;title=Senadora%20%C3%93rdenes%20y%20conectividad%20en%20Chile%20Chico%3A%20%E2%80%9CSi%20esto%20hubiese%20ocurrido%20en%20Santiago%20ya%20habr%C3%ADa%20una%20soluci%C3%B3n%20en%20marcha%E2%80%9D&#038;url=https:\/\/radiorevelacionfm.cl\/?p=10074' aria-hidden='false' data-av_icon='\ue8fc' data-av_iconfont='entypo-fontello' title='' data-avia-related-tooltip='Compartir en LinkedIn' rel=\"noopener\"><span class='avia_hidden_link_text'>Compartir en LinkedIn<\/span><\/a><\/li><li class='av-share-link av-social-link-mail' ><a  aria-label=\"Compartir por correo\" href='mailto:?subject=Senadora%20%C3%93rdenes%20y%20conectividad%20en%20Chile%20Chico%3A%20%E2%80%9CSi%20esto%20hubiese%20ocurrido%20en%20Santiago%20ya%20habr%C3%ADa%20una%20soluci%C3%B3n%20en%20marcha%E2%80%9D&#038;body=https:\/\/radiorevelacionfm.cl\/?p=10074' aria-hidden='false' data-av_icon='\ue805' data-av_iconfont='entypo-fontello' title='' data-avia-related-tooltip='Compartir por correo'><span class='avia_hidden_link_text'>Compartir por correo<\/span><\/a><\/li><\/ul><\/div><\/div>\n<div  style='height:50px' class='hr hr-invisible   avia-builder-el-8  el_after_av_social_share  el_before_av_comments_list '><span class='hr-inner ' ><span class='hr-inner-style'><\/span><\/span><\/div>\n<div  class='av-buildercomment  av-blog-meta-html-info-disabled av-blog-meta-tag-disabled  '><\/div>\n","protected":false},"excerpt":{"rendered":"","protected":false},"author":1,"featured_media":4061,"comment_status":"open","ping_status":"open","sticky":false,"template":"","format":"standard","meta":{"footnotes":""},"categories":[35],"tags":[],"class_list":["post-10074","post","type-post","status-publish","format-standard","has-post-thumbnail","hentry","category-politica"],"jetpack_featured_media_url":"https:\/\/radiorevelacionfm.cl\/wp-content\/uploads\/2021\/05\/Senadora-X-Ordenes3-1.jpg","_links":{"self":[{"href":"https:\/\/radiorevelacionfm.cl\/index.php?rest_route=\/wp\/v2\/posts\/10074","targetHints":{"allow":["GET"]}}],"collection":[{"href":"https:\/\/radiorevelacionfm.cl\/index.php?rest_route=\/wp\/v2\/posts"}],"about":[{"href":"https:\/\/radiorevelacionfm.cl\/index.php?rest_route=\/wp\/v2\/types\/post"}],"author":[{"embeddable":true,"href":"https:\/\/radiorevelacionfm.cl\/index.php?rest_route=\/wp\/v2\/users\/1"}],"replies":[{"embeddable":true,"href":"https:\/\/radiorevelacionfm.cl\/index.php?rest_route=%2Fwp%2Fv2%2Fcomments&post=10074"}],"version-history":[{"count":1,"href":"https:\/\/radiorevelacionfm.cl\/index.php?rest_route=\/wp\/v2\/posts\/10074\/revisions"}],"predecessor-version":[{"id":10075,"href":"https:\/\/radiorevelacionfm.cl\/index.php?rest_route=\/wp\/v2\/posts\/10074\/revisions\/10075"}],"wp:featuredmedia":[{"embeddable":true,"href":"https:\/\/radiorevelacionfm.cl\/index.php?rest_route=\/wp\/v2\/media\/4061"}],"wp:attachment":[{"href":"https:\/\/radiorevelacionfm.cl\/index.php?rest_route=%2Fwp%2Fv2%2Fmedia&parent=10074"}],"wp:term":[{"taxonomy":"category","embeddable":true,"href":"https:\/\/radiorevelacionfm.cl\/index.php?rest_route=%2Fwp%2Fv2%2Fcategories&post=10074"},{"taxonomy":"post_tag","embeddable":true,"href":"https:\/\/radiorevelacionfm.cl\/index.php?rest_route=%2Fwp%2Fv2%2Ftags&post=10074"}],"curies":[{"name":"wp","href":"https:\/\/api.w.org\/{rel}","templated":true}]}}