{"id":10072,"date":"2021-10-27T10:16:29","date_gmt":"2021-10-27T13:16:29","guid":{"rendered":"https:\/\/radiorevelacionfm.cl\/?p=10072"},"modified":"2021-10-27T10:16:29","modified_gmt":"2021-10-27T13:16:29","slug":"ocho-productores-de-aysen-recibiran-maquinaria-para-el-procesamiento-de-lena-de-calidad","status":"publish","type":"post","link":"https:\/\/radiorevelacionfm.cl\/?p=10072","title":{"rendered":"Ocho productores de Ays\u00e9n recibir\u00e1n maquinaria para el procesamiento de le\u00f1a de calidad"},"content":{"rendered":"<div class=\"flex_column av_one_full  flex_column_div av-zero-column-padding first  avia-builder-el-0  el_before_av_one_full  avia-builder-el-first  \" style='border-radius:0px; '><div  class='avia-image-container  av-styling-    avia-builder-el-1  avia-builder-el-no-sibling  avia-align-center '  itemprop=\"image\" itemscope=\"itemscope\" itemtype=\"https:\/\/schema.org\/ImageObject\"  ><div class='avia-image-container-inner'><div class='avia-image-overlay-wrap'><img decoding=\"async\" class='wp-image-0 avia-img-lazy-loading-not-0 avia_image' src=\"https:\/\/radiorevelacionfm.cl\/wp-content\/uploads\/2021\/05\/lena6-1-1.jpeg\" alt='' title=''   itemprop=\"thumbnailUrl\"  \/><\/div><\/div><\/div><\/div><div class=\"flex_column av_one_full  flex_column_div av-zero-column-padding first  avia-builder-el-2  el_after_av_one_full  el_before_av_one_full  column-top-margin\" style='border-radius:0px; '><section class=\"av_textblock_section \"  itemscope=\"itemscope\" itemtype=\"https:\/\/schema.org\/BlogPosting\" itemprop=\"blogPost\" ><div class='avia_textblock  '   itemprop=\"text\" ><p style=\"text-align: center;\"><strong><span style=\"font-size: 18pt;\">Ocho productores de Ays\u00e9n recibir\u00e1n maquinaria para el procesamiento de le\u00f1a de calidad<\/span><\/strong><\/p>\n<div id=\"gtx-trans\" style=\"position: absolute; left: -50px; top: 4.31534px;\">\n<div class=\"gtx-trans-icon\"><\/div>\n<\/div>\n<\/div><\/section><\/div><div class=\"flex_column av_one_full  flex_column_div av-zero-column-padding first  avia-builder-el-4  el_after_av_one_full  el_before_av_hr  column-top-margin\" style='border-radius:0px; '><section class=\"av_textblock_section \"  itemscope=\"itemscope\" itemtype=\"https:\/\/schema.org\/BlogPosting\" itemprop=\"blogPost\" ><div class='avia_textblock  '   itemprop=\"text\" ><p style=\"text-align: justify;\">El Seremi de Energ\u00eda de Ays\u00e9n, Juan Luis Amen\u00e1bar, inform\u00f3 que ocho productores de le\u00f1a de las comunas de Coyhaique, Cochrane y Chile Chico, que postularon al Programa Le\u00f1a M\u00e1s Seca Especial Maquinarias 2021, fueron seleccionados y recibir\u00e1n equipamiento para el procesamiento de le\u00f1a seca.<\/p>\n<p style=\"text-align: justify;\">A trav\u00e9s de esta iniciativa impulsada por el Ministerio de Energ\u00eda, y ejecutada por la Agencia de Sostenibilidad Energ\u00e9tica (AgenciaSE), se busca aumentar la oferta de le\u00f1a seca mediante la habilitaci\u00f3n de la capacidad de procesamiento en productores y comerciantes de le\u00f1a.<\/p>\n<p style=\"text-align: justify;\">Al respecto el Seremi de Energ\u00eda de Ays\u00e9n, Juan Luis Amen\u00e1bar, se\u00f1al\u00f3 que \u201capoyar a los comerciantes y productores de le\u00f1a de Ays\u00e9n es fundamental para que exista le\u00f1a de calidad. En el contexto del proyecto de ley que regula los biocombustibles s\u00f3lidos y que est\u00e1 en discusi\u00f3n en el Senado, esto es muy importante, porque ellos est\u00e1n prepar\u00e1ndose para la regulaci\u00f3n que viene, con una inversi\u00f3n que tiene un potencial de aumento de producci\u00f3n de le\u00f1a seca, menos contaminante y m\u00e1s eficiente\u201d.<\/p>\n<p style=\"text-align: justify;\">Adem\u00e1s, el Seremi Amen\u00e1bar agreg\u00f3 que \u201cla nueva maquinaria le permitir\u00e1 a nuestros le\u00f1eros mejorar el procesamiento de la le\u00f1a, para que el producto resultante sea uno m\u00e1s estandarizado, eficiente y de calidad. De esta manera, podremos mejorar la oferta global de este energ\u00e9tico, avanzando as\u00ed hacia la descontaminaci\u00f3n de nuestras ciudades, mejorando la calidad de vida de toda la comunidad\u201d.<\/p>\n<p style=\"text-align: justify;\">El siguiente paso del programa es la formalizaci\u00f3n de los seleccionados, quienes deben demostrar que cuentan con el volumen de le\u00f1a comprometido, y aquellos que no posean inicio de actividades, deber\u00e1n formalizarse ante el Servicio de Impuestos Internos, adem\u00e1s de acreditar que no poseen deudas laborales, entre otros requisitos establecidos para esta etapa. Para ello, la AgenciaSE apoyar\u00e1 a los seleccionados en la obtenci\u00f3n de cada uno de estos requisitos, con talleres virtuales especializados en cada uno de los puntos que tengan dificultades. Una vez formalizados, los beneficiarios podr\u00e1n recibir su maquinaria para la generaci\u00f3n de le\u00f1a seca.<\/p>\n<p style=\"text-align: justify;\">Este programa es parte de la Estrategia de Transici\u00f3n Energ\u00e9tica Residencial impulsada por el Ministerio de Energ\u00eda, y se encuentra en concordancia con el actual Proyecto de Ley de Biocombustibles S\u00f3lidos que se discute en el Senado, que tiene por objetivo establecer los requisitos aplicables a la producci\u00f3n, transporte y comercializaci\u00f3n de biocombustibles s\u00f3lidos, con el fin de que se provea energ\u00eda t\u00e9rmica en forma eficiente, limpia y segura, reduciendo las emisiones de contaminantes atmosf\u00e9ricos, de efecto local y global, derivados de su combusti\u00f3n.<\/p>\n<\/div><\/section><\/div><div  style='height:50px' class='hr hr-invisible   avia-builder-el-6  el_after_av_one_full  el_before_av_social_share '><span class='hr-inner ' ><span class='hr-inner-style'><\/span><\/span><\/div><\/p>\n<div  class='av-social-sharing-box  avia-builder-el-7  el_after_av_hr  el_before_av_hr  '><div class='av-share-box'><h5 class='av-share-link-description av-no-toc '>Compartir esta noticia<\/h5><ul class='av-share-box-list noLightbox'><li class='av-share-link av-social-link-facebook' ><a target=\"_blank\" aria-label=\"Compartir en Facebook\" href='https:\/\/www.facebook.com\/sharer.php?u=https:\/\/radiorevelacionfm.cl\/?p=10072&#038;t=Ocho%20productores%20de%20Ays%C3%A9n%20recibir%C3%A1n%20maquinaria%20para%20el%20procesamiento%20de%20le%C3%B1a%20de%20calidad' aria-hidden='false' data-av_icon='\ue8f3' data-av_iconfont='entypo-fontello' title='' data-avia-related-tooltip='Compartir en Facebook' rel=\"noopener\"><span class='avia_hidden_link_text'>Compartir en Facebook<\/span><\/a><\/li><li class='av-share-link av-social-link-twitter' ><a target=\"_blank\" aria-label=\"Compartir en Twitter\" href='https:\/\/twitter.com\/share?text=Ocho%20productores%20de%20Ays%C3%A9n%20recibir%C3%A1n%20maquinaria%20para%20el%20procesamiento%20de%20le%C3%B1a%20de%20calidad&#038;url=https:\/\/radiorevelacionfm.cl\/?p=10072' aria-hidden='false' data-av_icon='\ue8f1' data-av_iconfont='entypo-fontello' title='' data-avia-related-tooltip='Compartir en Twitter' rel=\"noopener\"><span class='avia_hidden_link_text'>Compartir en Twitter<\/span><\/a><\/li><li class='av-share-link av-social-link-whatsapp' ><a target=\"_blank\" aria-label=\"Compartir en Whatsapp\" href='https:\/\/api.whatsapp.com\/send?text=https:\/\/radiorevelacionfm.cl\/?p=10072' aria-hidden='false' data-av_icon='\uf232' data-av_iconfont='entypo-fontello' title='' data-avia-related-tooltip='Compartir en Whatsapp' rel=\"noopener\"><span class='avia_hidden_link_text'>Compartir en Whatsapp<\/span><\/a><\/li><li class='av-share-link av-social-link-linkedin' ><a target=\"_blank\" aria-label=\"Compartir en LinkedIn\" href='https:\/\/linkedin.com\/shareArticle?mini=true&#038;title=Ocho%20productores%20de%20Ays%C3%A9n%20recibir%C3%A1n%20maquinaria%20para%20el%20procesamiento%20de%20le%C3%B1a%20de%20calidad&#038;url=https:\/\/radiorevelacionfm.cl\/?p=10072' aria-hidden='false' data-av_icon='\ue8fc' data-av_iconfont='entypo-fontello' title='' data-avia-related-tooltip='Compartir en LinkedIn' rel=\"noopener\"><span class='avia_hidden_link_text'>Compartir en LinkedIn<\/span><\/a><\/li><li class='av-share-link av-social-link-mail' ><a  aria-label=\"Compartir por correo\" href='mailto:?subject=Ocho%20productores%20de%20Ays%C3%A9n%20recibir%C3%A1n%20maquinaria%20para%20el%20procesamiento%20de%20le%C3%B1a%20de%20calidad&#038;body=https:\/\/radiorevelacionfm.cl\/?p=10072' aria-hidden='false' data-av_icon='\ue805' data-av_iconfont='entypo-fontello' title='' data-avia-related-tooltip='Compartir por correo'><span class='avia_hidden_link_text'>Compartir por correo<\/span><\/a><\/li><\/ul><\/div><\/div>\n<div  style='height:50px' class='hr hr-invisible   avia-builder-el-8  el_after_av_social_share  el_before_av_comments_list '><span class='hr-inner ' ><span class='hr-inner-style'><\/span><\/span><\/div>\n<div  class='av-buildercomment  av-blog-meta-html-info-disabled av-blog-meta-tag-disabled  '><\/div>\n<div  style='height:50px' class='hr hr-invisible   avia-builder-el-10  el_after_av_comments_list  el_before_av_hr '><span class='hr-inner ' ><span class='hr-inner-style'><\/span><\/span><\/div>\n<div  style='height:50px' class='hr hr-invisible   avia-builder-el-11  el_after_av_hr  avia-builder-el-last '><span class='hr-inner ' ><span class='hr-inner-style'><\/span><\/span><\/div>\n","protected":false},"excerpt":{"rendered":"","protected":false},"author":1,"featured_media":0,"comment_status":"open","ping_status":"open","sticky":false,"template":"","format":"standard","meta":{"footnotes":""},"categories":[38],"tags":[],"class_list":["post-10072","post","type-post","status-publish","format-standard","hentry","category-regional"],"jetpack_featured_media_url":"","_links":{"self":[{"href":"https:\/\/radiorevelacionfm.cl\/index.php?rest_route=\/wp\/v2\/posts\/10072","targetHints":{"allow":["GET"]}}],"collection":[{"href":"https:\/\/radiorevelacionfm.cl\/index.php?rest_route=\/wp\/v2\/posts"}],"about":[{"href":"https:\/\/radiorevelacionfm.cl\/index.php?rest_route=\/wp\/v2\/types\/post"}],"author":[{"embeddable":true,"href":"https:\/\/radiorevelacionfm.cl\/index.php?rest_route=\/wp\/v2\/users\/1"}],"replies":[{"embeddable":true,"href":"https:\/\/radiorevelacionfm.cl\/index.php?rest_route=%2Fwp%2Fv2%2Fcomments&post=10072"}],"version-history":[{"count":1,"href":"https:\/\/radiorevelacionfm.cl\/index.php?rest_route=\/wp\/v2\/posts\/10072\/revisions"}],"predecessor-version":[{"id":10073,"href":"https:\/\/radiorevelacionfm.cl\/index.php?rest_route=\/wp\/v2\/posts\/10072\/revisions\/10073"}],"wp:attachment":[{"href":"https:\/\/radiorevelacionfm.cl\/index.php?rest_route=%2Fwp%2Fv2%2Fmedia&parent=10072"}],"wp:term":[{"taxonomy":"category","embeddable":true,"href":"https:\/\/radiorevelacionfm.cl\/index.php?rest_route=%2Fwp%2Fv2%2Fcategories&post=10072"},{"taxonomy":"post_tag","embeddable":true,"href":"https:\/\/radiorevelacionfm.cl\/index.php?rest_route=%2Fwp%2Fv2%2Ftags&post=10072"}],"curies":[{"name":"wp","href":"https:\/\/api.w.org\/{rel}","templated":true}]}}