{"id":10069,"date":"2021-10-26T19:50:18","date_gmt":"2021-10-26T22:50:18","guid":{"rendered":"https:\/\/radiorevelacionfm.cl\/?p=10069"},"modified":"2021-10-26T19:50:18","modified_gmt":"2021-10-26T22:50:18","slug":"incorporan-nuevo-punto-de-vacunacion-para-facilitar-entrega-de-dosis-de-refuerzo-a-la-poblacion","status":"publish","type":"post","link":"https:\/\/radiorevelacionfm.cl\/?p=10069","title":{"rendered":"Incorporan nuevo punto de vacunaci\u00f3n para facilitar entrega de dosis de refuerzo a la poblaci\u00f3n"},"content":{"rendered":"<div class=\"flex_column av_one_full  flex_column_div av-zero-column-padding first  avia-builder-el-0  el_before_av_one_full  avia-builder-el-first  \" style='border-radius:0px; '><div  class='avia-image-container  av-styling-    avia-builder-el-1  avia-builder-el-no-sibling  avia-align-center '  itemprop=\"image\" itemscope=\"itemscope\" itemtype=\"https:\/\/schema.org\/ImageObject\"  ><div class='avia-image-container-inner'><div class='avia-image-overlay-wrap'><img decoding=\"async\" class='wp-image-10070 avia-img-lazy-loading-not-10070 avia_image' src=\"https:\/\/radiorevelacionfm.cl\/wp-content\/uploads\/2021\/10\/dosis-refuerzo-1a-1-1.jpg\" alt='' title='dosis refuerzo 1a (1) (1)' height=\"600\" width=\"962\"  itemprop=\"thumbnailUrl\" srcset=\"https:\/\/radiorevelacionfm.cl\/wp-content\/uploads\/2021\/10\/dosis-refuerzo-1a-1-1.jpg 962w, https:\/\/radiorevelacionfm.cl\/wp-content\/uploads\/2021\/10\/dosis-refuerzo-1a-1-1-300x187.jpg 300w, https:\/\/radiorevelacionfm.cl\/wp-content\/uploads\/2021\/10\/dosis-refuerzo-1a-1-1-768x479.jpg 768w, https:\/\/radiorevelacionfm.cl\/wp-content\/uploads\/2021\/10\/dosis-refuerzo-1a-1-1-705x440.jpg 705w, https:\/\/radiorevelacionfm.cl\/wp-content\/uploads\/2021\/10\/dosis-refuerzo-1a-1-1-600x374.jpg 600w\" sizes=\"(max-width: 962px) 100vw, 962px\" \/><\/div><\/div><\/div><\/div><div class=\"flex_column av_one_full  flex_column_div av-zero-column-padding first  avia-builder-el-2  el_after_av_one_full  el_before_av_one_full  column-top-margin\" style='border-radius:0px; '><section class=\"av_textblock_section \"  itemscope=\"itemscope\" itemtype=\"https:\/\/schema.org\/BlogPosting\" itemprop=\"blogPost\" ><div class='avia_textblock  '   itemprop=\"text\" ><p style=\"text-align: center;\"><strong><span style=\"font-size: 18pt;\">Incorporan nuevo punto de vacunaci\u00f3n para facilitar entrega de dosis de refuerzo a la poblaci\u00f3n<\/span><\/strong><\/p>\n<div id=\"gtx-trans\" style=\"position: absolute; left: -50px; top: 4.31534px;\">\n<div class=\"gtx-trans-icon\"><\/div>\n<\/div>\n<\/div><\/section><\/div><div class=\"flex_column av_one_full  flex_column_div av-zero-column-padding first  avia-builder-el-4  el_after_av_one_full  el_before_av_hr  column-top-margin\" style='border-radius:0px; '><section class=\"av_textblock_section \"  itemscope=\"itemscope\" itemtype=\"https:\/\/schema.org\/BlogPosting\" itemprop=\"blogPost\" ><div class='avia_textblock  '   itemprop=\"text\" ><p style=\"text-align: justify;\">Con la finalidad de aumentar la cobertura en la dosis de refuerzo, se habilit\u00f3 un nuevo punto de vacunaci\u00f3n en la capital regional, se trata del gimnasio municipal ubicado en calle Sim\u00f3n Bol\u00edvar, entre Freire y Err\u00e1zuriz (ex colegio Antoine); iniciativa con la cual se espera llegar a un mayor n\u00famero de la poblaci\u00f3n que a\u00fan no completa su esquema de vacunaci\u00f3n contra el COVID-19.<\/p>\n<p style=\"text-align: justify;\">Tal como lo indic\u00f3 Abigail Soto, Enfermera de apoyo del Programa Nacional de Inmunizaci\u00f3n, quien explic\u00f3 que como regi\u00f3n presentamos un bajo porcentaje de vacunaci\u00f3n respecto a la dosis de refuerzo. \u201cComo regi\u00f3n de Ays\u00e9n llevamos una cobertura de la dosis de refuerzo de 31,53% es una cobertura baja, es por lo mismo que invitamos a las personas a acercarse a los puntos de vacunaci\u00f3n disponibles tanto en Coyhaique, como en el resto de la regi\u00f3n. Las vacunas tienen una inmunidad limitada, por eso es importante avanzar con la dosis de refuerzo, para que se pueda tener un mayor control de esta enfermedad\u201d.<\/p>\n<p style=\"text-align: justify;\">Para esta semana est\u00e1 contemplado la entrega de la dosis de refuerzo para\u00a0 las personas desde los 55 a\u00f1os con esquema completo hasta el 27 de junio; menores de 55 a\u00f1os, con esquema completo SINOVAC hasta el 27 de junio; y menores de 55 a\u00f1os con esquema completo distinto a SINOVAC, hasta el 23 de mayo.<\/p>\n<p style=\"text-align: justify;\">En relaci\u00f3n a la vacunaci\u00f3n escolar, con la entrega de primera dosis, a la fecha se registra un avance de 50,4% con el suministro de 4.875 dosis; mientras que en la entrega de la segunda dosis, se registra un 2,0% de avance.\u00a0 En este sentido, explic\u00f3 la profesional de la Seremi de Salud, se recomienda que los padres o apoderados de los escolares est\u00e9n atentos a la informaci\u00f3n que proporcionar\u00e1n los propios establecimientos educacionales. \u201cLa vacunaci\u00f3n escolar se encuentra en proceso, realiz\u00e1ndose en los propios establecimientos educacionales, en coordinaci\u00f3n de los colegios con los establecimientos de salud; por lo tanto, para las personas que tengan dudas con el lugar y d\u00eda en que ser\u00e1n vacunados, son los propios colegios los que realizar\u00e1n estas gestiones\u201d (aviso a los apoderados).<\/p>\n<p style=\"text-align: justify;\">Por su parte, el doctor Carlos Mej\u00edas, Infect\u00f3logo del Hospital Regional Coyhaique, se refiri\u00f3 a la importancia de la dosis de refuerzo. \u201cHemos visto que las cifras de COVID han ido disminuyendo progresivamente, sin embargo para nadie es desconocido que el COVID ha estado reapareciendo en las \u00faltimas semanas. Las dosis de vacunas iniciales, que han sido muy efectivas, tienden a ir perdiendo su efectividad en el tiempo, sobretodo en personas m\u00e1s vulnerables; es por eso que se ha demostrado que esta dosis de refuerzo logra un importante aumento en las defensas, casi al nivel que ten\u00edan antes, por eso es importante que todos estemos con el mejor nivel de protecci\u00f3n\u201d.<\/p>\n<p style=\"text-align: justify;\">En este contexto, Marcela Oliva, quien recibi\u00f3 su tercera dosis, invit\u00f3 a la comunidad a recibir la dosis de refuerzo. \u201cQuiero invitarlos que se vengan a vacunar, la vacuna no duele y las molestias son muy pocas despu\u00e9s de la vacunaci\u00f3n, adem\u00e1s hay que recordar que hoy en d\u00eda a cualquier lugar que uno quiera viajar o ir a realizar tr\u00e1mites nos est\u00e1n pidiendo el pase de movilidad, adem\u00e1s hay que hacerlo por la salud de nuestras familias\u201d.<\/p>\n<p style=\"text-align: justify;\">Cabe se\u00f1alar que respecto a la dosis de refuerzo, a nivel regional alcanzamos un 31,53% con una cobertura de 25.428 dosis a nivel regional, cifras muy por debajo con el resto de otras regiones.<\/p>\n<\/div><\/section><\/div><div  style='height:50px' class='hr hr-invisible   avia-builder-el-6  el_after_av_one_full  el_before_av_social_share '><span class='hr-inner ' ><span class='hr-inner-style'><\/span><\/span><\/div><\/p>\n<div  class='av-social-sharing-box  avia-builder-el-7  el_after_av_hr  el_before_av_hr  '><div class='av-share-box'><h5 class='av-share-link-description av-no-toc '>Compartir esta noticia<\/h5><ul class='av-share-box-list noLightbox'><li class='av-share-link av-social-link-facebook' ><a target=\"_blank\" aria-label=\"Compartir en Facebook\" href='https:\/\/www.facebook.com\/sharer.php?u=https:\/\/radiorevelacionfm.cl\/?p=10069&#038;t=Incorporan%20nuevo%20punto%20de%20vacunaci%C3%B3n%20para%20facilitar%20entrega%20de%20dosis%20de%20refuerzo%20a%20la%20poblaci%C3%B3n' aria-hidden='false' data-av_icon='\ue8f3' data-av_iconfont='entypo-fontello' title='' data-avia-related-tooltip='Compartir en Facebook' rel=\"noopener\"><span class='avia_hidden_link_text'>Compartir en Facebook<\/span><\/a><\/li><li class='av-share-link av-social-link-twitter' ><a target=\"_blank\" aria-label=\"Compartir en Twitter\" href='https:\/\/twitter.com\/share?text=Incorporan%20nuevo%20punto%20de%20vacunaci%C3%B3n%20para%20facilitar%20entrega%20de%20dosis%20de%20refuerzo%20a%20la%20poblaci%C3%B3n&#038;url=https:\/\/radiorevelacionfm.cl\/?p=10069' aria-hidden='false' data-av_icon='\ue8f1' data-av_iconfont='entypo-fontello' title='' data-avia-related-tooltip='Compartir en Twitter' rel=\"noopener\"><span class='avia_hidden_link_text'>Compartir en Twitter<\/span><\/a><\/li><li class='av-share-link av-social-link-whatsapp' ><a target=\"_blank\" aria-label=\"Compartir en Whatsapp\" href='https:\/\/api.whatsapp.com\/send?text=https:\/\/radiorevelacionfm.cl\/?p=10069' aria-hidden='false' data-av_icon='\uf232' data-av_iconfont='entypo-fontello' title='' data-avia-related-tooltip='Compartir en Whatsapp' rel=\"noopener\"><span class='avia_hidden_link_text'>Compartir en Whatsapp<\/span><\/a><\/li><li class='av-share-link av-social-link-linkedin' ><a target=\"_blank\" aria-label=\"Compartir en LinkedIn\" href='https:\/\/linkedin.com\/shareArticle?mini=true&#038;title=Incorporan%20nuevo%20punto%20de%20vacunaci%C3%B3n%20para%20facilitar%20entrega%20de%20dosis%20de%20refuerzo%20a%20la%20poblaci%C3%B3n&#038;url=https:\/\/radiorevelacionfm.cl\/?p=10069' aria-hidden='false' data-av_icon='\ue8fc' data-av_iconfont='entypo-fontello' title='' data-avia-related-tooltip='Compartir en LinkedIn' rel=\"noopener\"><span class='avia_hidden_link_text'>Compartir en LinkedIn<\/span><\/a><\/li><li class='av-share-link av-social-link-mail' ><a  aria-label=\"Compartir por correo\" href='mailto:?subject=Incorporan%20nuevo%20punto%20de%20vacunaci%C3%B3n%20para%20facilitar%20entrega%20de%20dosis%20de%20refuerzo%20a%20la%20poblaci%C3%B3n&#038;body=https:\/\/radiorevelacionfm.cl\/?p=10069' aria-hidden='false' data-av_icon='\ue805' data-av_iconfont='entypo-fontello' title='' data-avia-related-tooltip='Compartir por correo'><span class='avia_hidden_link_text'>Compartir por correo<\/span><\/a><\/li><\/ul><\/div><\/div>\n<div  style='height:50px' class='hr hr-invisible   avia-builder-el-8  el_after_av_social_share  el_before_av_comments_list '><span class='hr-inner ' ><span class='hr-inner-style'><\/span><\/span><\/div>\n<div  class='av-buildercomment  av-blog-meta-html-info-disabled av-blog-meta-tag-disabled  '><\/div>\n","protected":false},"excerpt":{"rendered":"","protected":false},"author":1,"featured_media":10070,"comment_status":"open","ping_status":"open","sticky":false,"template":"","format":"standard","meta":{"footnotes":""},"categories":[46],"tags":[],"class_list":["post-10069","post","type-post","status-publish","format-standard","has-post-thumbnail","hentry","category-salud"],"jetpack_featured_media_url":"https:\/\/radiorevelacionfm.cl\/wp-content\/uploads\/2021\/10\/dosis-refuerzo-1a-1-1.jpg","_links":{"self":[{"href":"https:\/\/radiorevelacionfm.cl\/index.php?rest_route=\/wp\/v2\/posts\/10069","targetHints":{"allow":["GET"]}}],"collection":[{"href":"https:\/\/radiorevelacionfm.cl\/index.php?rest_route=\/wp\/v2\/posts"}],"about":[{"href":"https:\/\/radiorevelacionfm.cl\/index.php?rest_route=\/wp\/v2\/types\/post"}],"author":[{"embeddable":true,"href":"https:\/\/radiorevelacionfm.cl\/index.php?rest_route=\/wp\/v2\/users\/1"}],"replies":[{"embeddable":true,"href":"https:\/\/radiorevelacionfm.cl\/index.php?rest_route=%2Fwp%2Fv2%2Fcomments&post=10069"}],"version-history":[{"count":1,"href":"https:\/\/radiorevelacionfm.cl\/index.php?rest_route=\/wp\/v2\/posts\/10069\/revisions"}],"predecessor-version":[{"id":10071,"href":"https:\/\/radiorevelacionfm.cl\/index.php?rest_route=\/wp\/v2\/posts\/10069\/revisions\/10071"}],"wp:featuredmedia":[{"embeddable":true,"href":"https:\/\/radiorevelacionfm.cl\/index.php?rest_route=\/wp\/v2\/media\/10070"}],"wp:attachment":[{"href":"https:\/\/radiorevelacionfm.cl\/index.php?rest_route=%2Fwp%2Fv2%2Fmedia&parent=10069"}],"wp:term":[{"taxonomy":"category","embeddable":true,"href":"https:\/\/radiorevelacionfm.cl\/index.php?rest_route=%2Fwp%2Fv2%2Fcategories&post=10069"},{"taxonomy":"post_tag","embeddable":true,"href":"https:\/\/radiorevelacionfm.cl\/index.php?rest_route=%2Fwp%2Fv2%2Ftags&post=10069"}],"curies":[{"name":"wp","href":"https:\/\/api.w.org\/{rel}","templated":true}]}}