{"id":10065,"date":"2021-10-26T20:10:12","date_gmt":"2021-10-26T23:10:12","guid":{"rendered":"https:\/\/radiorevelacionfm.cl\/?p=10065"},"modified":"2021-10-26T20:10:12","modified_gmt":"2021-10-26T23:10:12","slug":"en-nuevo-aniversario-de-jardin-infantil-aysen-chiquito-reconocen-trayectoria-de-funcionaria-blanca-barria","status":"publish","type":"post","link":"https:\/\/radiorevelacionfm.cl\/?p=10065","title":{"rendered":"En nuevo aniversario de jard\u00edn infantil Ays\u00e9n Chiquito reconocen trayectoria de funcionaria Blanca Barr\u00eda"},"content":{"rendered":"<div class=\"flex_column av_one_full  flex_column_div av-zero-column-padding first  avia-builder-el-0  el_before_av_one_full  avia-builder-el-first  \" style='border-radius:0px; '><div  class='avia-image-container  av-styling-    avia-builder-el-1  avia-builder-el-no-sibling  avia-align-center '  itemprop=\"image\" itemscope=\"itemscope\" itemtype=\"https:\/\/schema.org\/ImageObject\"  ><div class='avia-image-container-inner'><div class='avia-image-overlay-wrap'><img decoding=\"async\" class='wp-image-10067 avia-img-lazy-loading-not-10067 avia_image' src=\"https:\/\/radiorevelacionfm.cl\/wp-content\/uploads\/2021\/10\/Jardin_A0-1-1.jpg\" alt='' title='Jardin_A0 (1) (1)' height=\"600\" width=\"800\"  itemprop=\"thumbnailUrl\" srcset=\"https:\/\/radiorevelacionfm.cl\/wp-content\/uploads\/2021\/10\/Jardin_A0-1-1.jpg 800w, https:\/\/radiorevelacionfm.cl\/wp-content\/uploads\/2021\/10\/Jardin_A0-1-1-300x225.jpg 300w, https:\/\/radiorevelacionfm.cl\/wp-content\/uploads\/2021\/10\/Jardin_A0-1-1-768x576.jpg 768w, https:\/\/radiorevelacionfm.cl\/wp-content\/uploads\/2021\/10\/Jardin_A0-1-1-705x529.jpg 705w, https:\/\/radiorevelacionfm.cl\/wp-content\/uploads\/2021\/10\/Jardin_A0-1-1-600x450.jpg 600w\" sizes=\"(max-width: 800px) 100vw, 800px\" \/><\/div><\/div><\/div><\/div><div class=\"flex_column av_one_full  flex_column_div av-zero-column-padding first  avia-builder-el-2  el_after_av_one_full  el_before_av_one_full  column-top-margin\" style='border-radius:0px; '><section class=\"av_textblock_section \"  itemscope=\"itemscope\" itemtype=\"https:\/\/schema.org\/BlogPosting\" itemprop=\"blogPost\" ><div class='avia_textblock  '   itemprop=\"text\" ><p style=\"text-align: center;\"><span style=\"font-size: 18pt;\"><strong>En nuevo aniversario de jard\u00edn infantil Ays\u00e9n Chiquito reconocen trayectoria de funcionaria Blanca Barr\u00eda<\/strong><\/span><\/p>\n<div id=\"gtx-trans\" style=\"position: absolute; left: -50px; top: 4.31534px;\">\n<div class=\"gtx-trans-icon\"><\/div>\n<\/div>\n<\/div><\/section><\/div><div class=\"flex_column av_one_full  flex_column_div av-zero-column-padding first  avia-builder-el-4  el_after_av_one_full  el_before_av_hr  column-top-margin\" style='border-radius:0px; '><section class=\"av_textblock_section \"  itemscope=\"itemscope\" itemtype=\"https:\/\/schema.org\/BlogPosting\" itemprop=\"blogPost\" ><div class='avia_textblock  '   itemprop=\"text\" ><p style=\"text-align: justify;\">Feliz se mostr\u00f3 la comunidad educativa de la sala cuna y jard\u00edn infantil Ays\u00e9n Chiquito, quienes por estos d\u00edas cumplieron 20 a\u00f1os desde su nacimiento en 2001.<\/p>\n<p style=\"text-align: justify;\">Para conmemorarlo se realizaron una serie de actividades, como pijamada y ma\u00f1ana de pel\u00edculas, caminata por la ciudad, d\u00eda de la actividad f\u00edsica, caravana y fiesta de disfraces. Todo lo cual cont\u00f3 con el apoyo de las familias de los p\u00e1rvulos y funcionarias del establecimiento educacional preb\u00e1sico, quienes quisieron regalar a los estudiantes un momento de distenci\u00f3n a prop\u00f3sito de este nuevo cumplea\u00f1os.<\/p>\n<p style=\"text-align: justify;\">De esta manera, durante la \u00faltima semana diversas fueron las visitas que recibi\u00f3 el jard\u00edn infantil, entre ellos instituciones como Carabineros de Chile y Bomberos, quienes adem\u00e1s buscaron mostrar su oficio a los peque\u00f1os. Asimismo, hicieron llegar sus parabienes a sus pares de Ays\u00e9n Chiquito, la comunidad educativa del jard\u00edn infantil Arboliris de Villa Ma\u00f1ihuales, entre otros.<\/p>\n<p style=\"text-align: justify;\">Durante la \u00faltima actividad, se relev\u00f3 adem\u00e1s a la funcionaria Blanca Barr\u00eda, quien se encuentra hace 20 a\u00f1os cumpliendo funciones en el recinto educacional, reconociendo en ella su entrega, vocaci\u00f3n y compromiso para con cada uno de los ni\u00f1os y ni\u00f1as, familias y comunidad educativa. Instancia en la que estuvo presente el edil aysenino, Julio Uribe, quien quiso ser parte de esta importante celebraci\u00f3n.<\/p>\n<p style=\"text-align: justify;\">\u201cYa estamos cumpliendo 20 a\u00f1os de existencia, de servicio a la comunidad, lleno de aprendizajes y experiencias significativas para nuestros ni\u00f1os y ni\u00f1as, sus familias y nuestro personal. Y con este reconocimiento a nuestra fundadora, nuestra t\u00eda Blanquita, t\u00e9cnico en P\u00e1rvulos, que durante todos estos a\u00f1os ha estado comprometida con el establecimiento\u201d, indic\u00f3 la directora de Ays\u00e9n Chiquito, Ver\u00f3nica Z\u00fa\u00f1iga.<\/p>\n<p style=\"text-align: justify;\">Agreg\u00f3 que \u201cestamos felices de poder volver a celebrar nuestro aniversario, que por temas de pandemia no hab\u00edamos podido desarrollar. Hemos recibido muchos saludos y muestras de cari\u00f1o de muchas personas y hoy finalizamos con la visita del alcalde, que todos los a\u00f1os nos apoya y colabora, independiente del cargo, as\u00ed que sorprendida y especialmente agradecida\u201d.<\/p>\n<p style=\"text-align: justify;\">Por su parte, la funcionaria reconocida manifest\u00f3 que \u201cculminamos una fecha muy importante, nuestros 20 a\u00f1os con mucho cari\u00f1o, con mucha emoci\u00f3n. Han sido 20 a\u00f1os de trayectoria donde he podido desarrollar mi trabajo con respeto y cari\u00f1o hacia los ni\u00f1os, y siempre con la mejor voluntad y donde ellos son la prioridad\u201d.<\/p>\n<p style=\"text-align: justify;\">Al respecto, Blanca Barr\u00eda Carrillo se\u00f1al\u00f3 que \u201ceste sue\u00f1o se inici\u00f3 como un gran desaf\u00edo para quienes estuvimos desde el principio, por tratarse de la primera sala comuna en la comuna. Con mucha incertidumbre, al tratarse de beb\u00e9s. Posteriormente, se incorpor\u00f3 el jard\u00edn infantil. Pese a las dificultades, siempre ha primado el respeto y mucha dedicaci\u00f3n, porque sab\u00edamos que las mam\u00e1s nos confiaban a sus ni\u00f1os y respondimos a esa confianza. Agradecer estos 20 a\u00f1os como comunidad educativa, ya que siempre estamos muy afiatadas para continuar trabajando siempre en bien de los ni\u00f1os y ni\u00f1as\u201d, culmin\u00f3.<\/p>\n<\/div><\/section><\/div><div  style='height:50px' class='hr hr-invisible   avia-builder-el-6  el_after_av_one_full  el_before_av_social_share '><span class='hr-inner ' ><span class='hr-inner-style'><\/span><\/span><\/div><\/p>\n<div  class='av-social-sharing-box  avia-builder-el-7  el_after_av_hr  el_before_av_hr  '><div class='av-share-box'><h5 class='av-share-link-description av-no-toc '>Compartir esta noticia<\/h5><ul class='av-share-box-list noLightbox'><li class='av-share-link av-social-link-facebook' ><a target=\"_blank\" aria-label=\"Compartir en Facebook\" href='https:\/\/www.facebook.com\/sharer.php?u=https:\/\/radiorevelacionfm.cl\/?p=10065&#038;t=En%20nuevo%20aniversario%20de%20jard%C3%ADn%20infantil%20Ays%C3%A9n%20Chiquito%20reconocen%20trayectoria%20de%20funcionaria%20Blanca%20Barr%C3%ADa' aria-hidden='false' data-av_icon='\ue8f3' data-av_iconfont='entypo-fontello' title='' data-avia-related-tooltip='Compartir en Facebook' rel=\"noopener\"><span class='avia_hidden_link_text'>Compartir en Facebook<\/span><\/a><\/li><li class='av-share-link av-social-link-twitter' ><a target=\"_blank\" aria-label=\"Compartir en Twitter\" href='https:\/\/twitter.com\/share?text=En%20nuevo%20aniversario%20de%20jard%C3%ADn%20infantil%20Ays%C3%A9n%20Chiquito%20reconocen%20trayectoria%20de%20funcionaria%20Blanca%20Barr%C3%ADa&#038;url=https:\/\/radiorevelacionfm.cl\/?p=10065' aria-hidden='false' data-av_icon='\ue8f1' data-av_iconfont='entypo-fontello' title='' data-avia-related-tooltip='Compartir en Twitter' rel=\"noopener\"><span class='avia_hidden_link_text'>Compartir en Twitter<\/span><\/a><\/li><li class='av-share-link av-social-link-whatsapp' ><a target=\"_blank\" aria-label=\"Compartir en Whatsapp\" href='https:\/\/api.whatsapp.com\/send?text=https:\/\/radiorevelacionfm.cl\/?p=10065' aria-hidden='false' data-av_icon='\uf232' data-av_iconfont='entypo-fontello' title='' data-avia-related-tooltip='Compartir en Whatsapp' rel=\"noopener\"><span class='avia_hidden_link_text'>Compartir en Whatsapp<\/span><\/a><\/li><li class='av-share-link av-social-link-linkedin' ><a target=\"_blank\" aria-label=\"Compartir en LinkedIn\" href='https:\/\/linkedin.com\/shareArticle?mini=true&#038;title=En%20nuevo%20aniversario%20de%20jard%C3%ADn%20infantil%20Ays%C3%A9n%20Chiquito%20reconocen%20trayectoria%20de%20funcionaria%20Blanca%20Barr%C3%ADa&#038;url=https:\/\/radiorevelacionfm.cl\/?p=10065' aria-hidden='false' data-av_icon='\ue8fc' data-av_iconfont='entypo-fontello' title='' data-avia-related-tooltip='Compartir en LinkedIn' rel=\"noopener\"><span class='avia_hidden_link_text'>Compartir en LinkedIn<\/span><\/a><\/li><li class='av-share-link av-social-link-mail' ><a  aria-label=\"Compartir por correo\" href='mailto:?subject=En%20nuevo%20aniversario%20de%20jard%C3%ADn%20infantil%20Ays%C3%A9n%20Chiquito%20reconocen%20trayectoria%20de%20funcionaria%20Blanca%20Barr%C3%ADa&#038;body=https:\/\/radiorevelacionfm.cl\/?p=10065' aria-hidden='false' data-av_icon='\ue805' data-av_iconfont='entypo-fontello' title='' data-avia-related-tooltip='Compartir por correo'><span class='avia_hidden_link_text'>Compartir por correo<\/span><\/a><\/li><\/ul><\/div><\/div>\n<div  style='height:50px' class='hr hr-invisible   avia-builder-el-8  el_after_av_social_share  el_before_av_comments_list '><span class='hr-inner ' ><span class='hr-inner-style'><\/span><\/span><\/div>\n<div  class='av-buildercomment  av-blog-meta-html-info-disabled av-blog-meta-tag-disabled  '><\/div>\n","protected":false},"excerpt":{"rendered":"","protected":false},"author":1,"featured_media":10067,"comment_status":"open","ping_status":"open","sticky":false,"template":"","format":"standard","meta":{"footnotes":""},"categories":[38],"tags":[],"class_list":["post-10065","post","type-post","status-publish","format-standard","has-post-thumbnail","hentry","category-regional"],"jetpack_featured_media_url":"https:\/\/radiorevelacionfm.cl\/wp-content\/uploads\/2021\/10\/Jardin_A0-1-1.jpg","_links":{"self":[{"href":"https:\/\/radiorevelacionfm.cl\/index.php?rest_route=\/wp\/v2\/posts\/10065","targetHints":{"allow":["GET"]}}],"collection":[{"href":"https:\/\/radiorevelacionfm.cl\/index.php?rest_route=\/wp\/v2\/posts"}],"about":[{"href":"https:\/\/radiorevelacionfm.cl\/index.php?rest_route=\/wp\/v2\/types\/post"}],"author":[{"embeddable":true,"href":"https:\/\/radiorevelacionfm.cl\/index.php?rest_route=\/wp\/v2\/users\/1"}],"replies":[{"embeddable":true,"href":"https:\/\/radiorevelacionfm.cl\/index.php?rest_route=%2Fwp%2Fv2%2Fcomments&post=10065"}],"version-history":[{"count":1,"href":"https:\/\/radiorevelacionfm.cl\/index.php?rest_route=\/wp\/v2\/posts\/10065\/revisions"}],"predecessor-version":[{"id":10068,"href":"https:\/\/radiorevelacionfm.cl\/index.php?rest_route=\/wp\/v2\/posts\/10065\/revisions\/10068"}],"wp:featuredmedia":[{"embeddable":true,"href":"https:\/\/radiorevelacionfm.cl\/index.php?rest_route=\/wp\/v2\/media\/10067"}],"wp:attachment":[{"href":"https:\/\/radiorevelacionfm.cl\/index.php?rest_route=%2Fwp%2Fv2%2Fmedia&parent=10065"}],"wp:term":[{"taxonomy":"category","embeddable":true,"href":"https:\/\/radiorevelacionfm.cl\/index.php?rest_route=%2Fwp%2Fv2%2Fcategories&post=10065"},{"taxonomy":"post_tag","embeddable":true,"href":"https:\/\/radiorevelacionfm.cl\/index.php?rest_route=%2Fwp%2Fv2%2Ftags&post=10065"}],"curies":[{"name":"wp","href":"https:\/\/api.w.org\/{rel}","templated":true}]}}