{"id":10050,"date":"2021-10-27T10:00:20","date_gmt":"2021-10-27T13:00:20","guid":{"rendered":"https:\/\/radiorevelacionfm.cl\/?p=10050"},"modified":"2021-10-27T10:00:20","modified_gmt":"2021-10-27T13:00:20","slug":"conaf-aysen-inicia-estudio-para-conocer-la-diversidad-genetica-de-la-guina-en-su-rango-de-distribucion-mas-austral","status":"publish","type":"post","link":"https:\/\/radiorevelacionfm.cl\/?p=10050","title":{"rendered":"Conaf Ays\u00e9n inicia estudio para conocer la diversidad gen\u00e9tica de la g\u00fci\u00f1a en su rango de distribuci\u00f3n m\u00e1s austral"},"content":{"rendered":"<div class=\"flex_column av_one_full  flex_column_div av-zero-column-padding first  avia-builder-el-0  el_before_av_one_full  avia-builder-el-first  \" style='border-radius:0px; '><div  class='avia-image-container  av-styling-    avia-builder-el-1  avia-builder-el-no-sibling  avia-align-center '  itemprop=\"image\" itemscope=\"itemscope\" itemtype=\"https:\/\/schema.org\/ImageObject\"  ><div class='avia-image-container-inner'><div class='avia-image-overlay-wrap'><img decoding=\"async\" class='wp-image-10051 avia-img-lazy-loading-not-10051 avia_image' src=\"https:\/\/radiorevelacionfm.cl\/wp-content\/uploads\/2021\/10\/dscn4592-1_optimized.jpg\" alt='' title='dscn4592-(1)_optimized' height=\"600\" width=\"800\"  itemprop=\"thumbnailUrl\" srcset=\"https:\/\/radiorevelacionfm.cl\/wp-content\/uploads\/2021\/10\/dscn4592-1_optimized.jpg 800w, https:\/\/radiorevelacionfm.cl\/wp-content\/uploads\/2021\/10\/dscn4592-1_optimized-300x225.jpg 300w, https:\/\/radiorevelacionfm.cl\/wp-content\/uploads\/2021\/10\/dscn4592-1_optimized-768x576.jpg 768w, https:\/\/radiorevelacionfm.cl\/wp-content\/uploads\/2021\/10\/dscn4592-1_optimized-705x529.jpg 705w, https:\/\/radiorevelacionfm.cl\/wp-content\/uploads\/2021\/10\/dscn4592-1_optimized-600x450.jpg 600w\" sizes=\"(max-width: 800px) 100vw, 800px\" \/><\/div><\/div><\/div><\/div>\n<div class=\"flex_column av_one_full  flex_column_div av-zero-column-padding first  avia-builder-el-2  el_after_av_one_full  el_before_av_one_full  column-top-margin\" style='border-radius:0px; '><section class=\"av_textblock_section \"  itemscope=\"itemscope\" itemtype=\"https:\/\/schema.org\/BlogPosting\" itemprop=\"blogPost\" ><div class='avia_textblock  '   itemprop=\"text\" ><p style=\"text-align: center;\"><strong><span style=\"font-size: 18pt;\">Conaf Ays\u00e9n inicia estudio para conocer la diversidad gen\u00e9tica de la g\u00fci\u00f1a en su rango de distribuci\u00f3n m\u00e1s austral<\/span><\/strong><\/p>\n<div id=\"gtx-trans\" style=\"position: absolute; left: -50px; top: 4.31534px;\">\n<div class=\"gtx-trans-icon\"><\/div>\n<\/div>\n<\/div><\/section><\/div>\n<div class=\"flex_column av_one_full  flex_column_div av-zero-column-padding first  avia-builder-el-4  el_after_av_one_full  el_before_av_hr  column-top-margin\" style='border-radius:0px; '><section class=\"av_textblock_section \"  itemscope=\"itemscope\" itemtype=\"https:\/\/schema.org\/BlogPosting\" itemprop=\"blogPost\" ><div class='avia_textblock  '   itemprop=\"text\" ><p style=\"text-align: justify;\">El \u00fanico estudio que aborda temas asociados a gen\u00e9tica de poblaciones en la regi\u00f3n de Ays\u00e9n data del a\u00f1o 2012 realizado por la investigadora Constanza Napolitano.<\/p>\n<p style=\"text-align: justify;\">Categorizada como especie vulnerable en nuestro pa\u00eds, el<em> Leopardus guigna<\/em>, conocido como gato g\u00fci\u00f1a, es un felino que tiene el rango de distribuci\u00f3n m\u00e1s peque\u00f1o de Am\u00e9rica del Sur y que seg\u00fan declar\u00f3 este la Uni\u00f3n Internacional para la Conservaci\u00f3n de la Naturaleza, su bajo tama\u00f1o poblacional var\u00eda entre 400 a 6.160 individuos maduros. Lo que, a todas luces, habla de una poblaci\u00f3n muy peque\u00f1a que necesita ser estudiada para comprender la ecolog\u00eda de la especie e implementar medidas eficientes para su conservaci\u00f3n.<\/p>\n<p style=\"text-align: justify;\">Es as\u00ed como el equipo de \u00e1reas silvestres protegidas de la oficina provincial de Ays\u00e9n se ha volcado a investigar estos felinos para conocer aspectos fundamentales de la conservaci\u00f3n como es su diversidad gen\u00e9tica, lo que no ser\u00eda posible sin el apoyo de dos investigadoras; Constanza Napolitano Directora del Laboratorio de Gen\u00e9tica de la Conservaci\u00f3n, en el Departamento de Ciencias Biol\u00f3gicas y Biodiversidad de la Universidad de Los Lagos y Delphine Vanhaecke, directora del proyecto FIC MOBI-AYS\u00c9N, financiado por el GORE, que permiti\u00f3 crear el primer laboratorio en la Universidad de Ays\u00e9n dedicado a estudiar y monitorear la gen\u00e9tica de la biodiversidad de Ays\u00e9n, que comenta estar muy feliz de poder aportar al estudio gen\u00e9tico de las poblaciones de la gui\u00f1a en la regi\u00f3n. \u201cPor fin podemos hacer este tipo de estudios desde la regi\u00f3n, lo cual nos permite avanzar con las estrategias y acciones reales para la conservaci\u00f3n de la biodiversidad basados en datos cient\u00edficos gen\u00e9ticamente respaldados\u00bb argument\u00f3.<\/p>\n<p style=\"text-align: justify;\">Con respecto a la ubicaci\u00f3n geogr\u00e1fica de estudio, se realizan esfuerzos por ampliar el conocimiento a la poblaci\u00f3n de esta especie en la regi\u00f3n, ya que s\u00f3lo se cuenta con informaci\u00f3n de un sector del Parque Nacional Laguna San Rafael, el cual demostr\u00f3 que dichas poblaciones tienen los menores \u00edndices de diversidad gen\u00e9tica en todo el rango de distribuci\u00f3n y un tama\u00f1o poblacional bajo \u00bfCu\u00e1l es la importancia? Un bajo \u00edndice de diversidad podr\u00eda producir una endogamia en las poblaciones lo que puede llevar problemas en su reproducci\u00f3n (por ejemplo, disminuyendo el n\u00famero de nacimientos o a su vez reducir la capacidad de dar respuesta a la aparici\u00f3n de enfermedades) y en el largo plazo podr\u00edan extinguirse las poblaciones locales.<\/p>\n<p style=\"text-align: justify;\">Gabriela G\u00f3mez, Encarga de ASP de la oficina provincial de Ays\u00e9n, se\u00f1ala que conocer el estado de las poblaciones de gui\u00f1a en Ays\u00e9n, en especial, su diversidad gen\u00e9tica, es fundamental para poder realizar conservaci\u00f3n efectiva dentro y fuera de las \u00c1reas Silvestres Protegidas. \u201cEsta especie en particular, cumple un rol fundamental en el ecosistema ya que ayuda a mantener en equilibrio las poblaciones de roedores que son transmisoras de hanta. Su h\u00e1bitat, el bosque siempreverde, est\u00e1 siendo reducido por la acci\u00f3n humana, situaci\u00f3n que puede estar a disminuyendo sus poblaciones y que es importante conocer y aclarar\u201d<\/p>\n<p style=\"text-align: justify;\">Lo anterior, sumado a que dentro de las principales amenazas descritas para la especie se encuentra el cambio de uso de suelos, la p\u00e9rdida de h\u00e1bitat, los incendios forestales, muerte o da\u00f1o por atropellos, presencia de perros y gatos en el h\u00e1bitat de la gui\u00f1a, caza y captura, presencia de especies ex\u00f3ticas invasoras que al compartir el mismo h\u00e1bitat pueden transmitirle enfermedades, disminuir la disponibilidad de alimento por una competencia, desplazarla, entre otros factores negativos, hacen fundamental de conocer sobre la especie en la regi\u00f3n de Ays\u00e9n<\/p>\n<p style=\"text-align: justify;\">Es aqu\u00ed donde el apoyo de investigadoras especializadas en el \u00e1rea de la gen\u00e9tica es de vital importancia, esto \u00faltimo radica en que es una herramienta que permite tomar decisiones con argumentos cient\u00edficos y t\u00e9cnicos para implementar medidas de conservaci\u00f3n eficientes y eficaces donde la instituci\u00f3n puede trabajar de mejor forma para mantener la fauna silvestre del pa\u00eds.<\/p>\n<p style=\"text-align: justify;\">La investigaci\u00f3n se est\u00e1 llevando a cabo dentro de la regi\u00f3n de Ays\u00e9n, considerando algunas \u00e1reas silvestres y tiene como objetivo evaluar la diversidad y la estructura gen\u00e9tica poblacional de <em>Leopardus guigna<\/em> en la regi\u00f3n a trav\u00e9s de an\u00e1lisis de ADN, para contribuir al conocimiento de la ecolog\u00eda de la especie en su distribuci\u00f3n austral, el que posteriormente ser\u00e1 difundido en una publicaci\u00f3n cient\u00edfica de gran importancia.<\/p>\n<\/div><\/section><\/div><div  style='height:50px' class='hr hr-invisible   avia-builder-el-6  el_after_av_one_full  el_before_av_social_share '><span class='hr-inner ' ><span class='hr-inner-style'><\/span><\/span><\/div><\/p>\n<div  class='av-social-sharing-box  avia-builder-el-7  el_after_av_hr  el_before_av_hr  '><div class='av-share-box'><h5 class='av-share-link-description av-no-toc '>Compartir esta noticia<\/h5><ul class='av-share-box-list noLightbox'><li class='av-share-link av-social-link-facebook' ><a target=\"_blank\" aria-label=\"Compartir en Facebook\" href='https:\/\/www.facebook.com\/sharer.php?u=https:\/\/radiorevelacionfm.cl\/?p=10050&#038;t=Conaf%20Ays%C3%A9n%20inicia%20estudio%20para%20conocer%20la%20diversidad%20gen%C3%A9tica%20de%20la%20g%C3%BCi%C3%B1a%20en%20su%20rango%20de%20distribuci%C3%B3n%20m%C3%A1s%20austral' aria-hidden='false' data-av_icon='\ue8f3' data-av_iconfont='entypo-fontello' title='' data-avia-related-tooltip='Compartir en Facebook' rel=\"noopener\"><span class='avia_hidden_link_text'>Compartir en Facebook<\/span><\/a><\/li><li class='av-share-link av-social-link-twitter' ><a target=\"_blank\" aria-label=\"Compartir en Twitter\" href='https:\/\/twitter.com\/share?text=Conaf%20Ays%C3%A9n%20inicia%20estudio%20para%20conocer%20la%20diversidad%20gen%C3%A9tica%20de%20la%20g%C3%BCi%C3%B1a%20en%20su%20rango%20de%20distribuci%C3%B3n%20m%C3%A1s%20austral&#038;url=https:\/\/radiorevelacionfm.cl\/?p=10050' aria-hidden='false' data-av_icon='\ue8f1' data-av_iconfont='entypo-fontello' title='' data-avia-related-tooltip='Compartir en Twitter' rel=\"noopener\"><span class='avia_hidden_link_text'>Compartir en Twitter<\/span><\/a><\/li><li class='av-share-link av-social-link-whatsapp' ><a target=\"_blank\" aria-label=\"Compartir en Whatsapp\" href='https:\/\/api.whatsapp.com\/send?text=https:\/\/radiorevelacionfm.cl\/?p=10050' aria-hidden='false' data-av_icon='\uf232' data-av_iconfont='entypo-fontello' title='' data-avia-related-tooltip='Compartir en Whatsapp' rel=\"noopener\"><span class='avia_hidden_link_text'>Compartir en Whatsapp<\/span><\/a><\/li><li class='av-share-link av-social-link-linkedin' ><a target=\"_blank\" aria-label=\"Compartir en LinkedIn\" href='https:\/\/linkedin.com\/shareArticle?mini=true&#038;title=Conaf%20Ays%C3%A9n%20inicia%20estudio%20para%20conocer%20la%20diversidad%20gen%C3%A9tica%20de%20la%20g%C3%BCi%C3%B1a%20en%20su%20rango%20de%20distribuci%C3%B3n%20m%C3%A1s%20austral&#038;url=https:\/\/radiorevelacionfm.cl\/?p=10050' aria-hidden='false' data-av_icon='\ue8fc' data-av_iconfont='entypo-fontello' title='' data-avia-related-tooltip='Compartir en LinkedIn' rel=\"noopener\"><span class='avia_hidden_link_text'>Compartir en LinkedIn<\/span><\/a><\/li><li class='av-share-link av-social-link-mail' ><a  aria-label=\"Compartir por correo\" href='mailto:?subject=Conaf%20Ays%C3%A9n%20inicia%20estudio%20para%20conocer%20la%20diversidad%20gen%C3%A9tica%20de%20la%20g%C3%BCi%C3%B1a%20en%20su%20rango%20de%20distribuci%C3%B3n%20m%C3%A1s%20austral&#038;body=https:\/\/radiorevelacionfm.cl\/?p=10050' aria-hidden='false' data-av_icon='\ue805' data-av_iconfont='entypo-fontello' title='' data-avia-related-tooltip='Compartir por correo'><span class='avia_hidden_link_text'>Compartir por correo<\/span><\/a><\/li><\/ul><\/div><\/div>\n<div  style='height:50px' class='hr hr-invisible   avia-builder-el-8  el_after_av_social_share  el_before_av_comments_list '><span class='hr-inner ' ><span class='hr-inner-style'><\/span><\/span><\/div>\n<div  class='av-buildercomment  av-blog-meta-html-info-disabled av-blog-meta-tag-disabled  '><\/div>\n","protected":false},"excerpt":{"rendered":"","protected":false},"author":1,"featured_media":10051,"comment_status":"open","ping_status":"open","sticky":false,"template":"","format":"standard","meta":{"footnotes":""},"categories":[39],"tags":[],"class_list":["post-10050","post","type-post","status-publish","format-standard","has-post-thumbnail","hentry","category-medio-ambiente"],"jetpack_featured_media_url":"https:\/\/radiorevelacionfm.cl\/wp-content\/uploads\/2021\/10\/dscn4592-1_optimized.jpg","_links":{"self":[{"href":"https:\/\/radiorevelacionfm.cl\/index.php?rest_route=\/wp\/v2\/posts\/10050","targetHints":{"allow":["GET"]}}],"collection":[{"href":"https:\/\/radiorevelacionfm.cl\/index.php?rest_route=\/wp\/v2\/posts"}],"about":[{"href":"https:\/\/radiorevelacionfm.cl\/index.php?rest_route=\/wp\/v2\/types\/post"}],"author":[{"embeddable":true,"href":"https:\/\/radiorevelacionfm.cl\/index.php?rest_route=\/wp\/v2\/users\/1"}],"replies":[{"embeddable":true,"href":"https:\/\/radiorevelacionfm.cl\/index.php?rest_route=%2Fwp%2Fv2%2Fcomments&post=10050"}],"version-history":[{"count":2,"href":"https:\/\/radiorevelacionfm.cl\/index.php?rest_route=\/wp\/v2\/posts\/10050\/revisions"}],"predecessor-version":[{"id":10054,"href":"https:\/\/radiorevelacionfm.cl\/index.php?rest_route=\/wp\/v2\/posts\/10050\/revisions\/10054"}],"wp:featuredmedia":[{"embeddable":true,"href":"https:\/\/radiorevelacionfm.cl\/index.php?rest_route=\/wp\/v2\/media\/10051"}],"wp:attachment":[{"href":"https:\/\/radiorevelacionfm.cl\/index.php?rest_route=%2Fwp%2Fv2%2Fmedia&parent=10050"}],"wp:term":[{"taxonomy":"category","embeddable":true,"href":"https:\/\/radiorevelacionfm.cl\/index.php?rest_route=%2Fwp%2Fv2%2Fcategories&post=10050"},{"taxonomy":"post_tag","embeddable":true,"href":"https:\/\/radiorevelacionfm.cl\/index.php?rest_route=%2Fwp%2Fv2%2Ftags&post=10050"}],"curies":[{"name":"wp","href":"https:\/\/api.w.org\/{rel}","templated":true}]}}