{"id":10044,"date":"2021-10-26T17:59:16","date_gmt":"2021-10-26T20:59:16","guid":{"rendered":"https:\/\/radiorevelacionfm.cl\/?p=10044"},"modified":"2021-10-26T17:59:16","modified_gmt":"2021-10-26T20:59:16","slug":"revocan-medida-a-imputado-que-quemo-vehiculo-de-su-ex-pareja-pasando-a-prision-preventiva-por-incendio-y-amenazas-en-contexto-de-vif","status":"publish","type":"post","link":"https:\/\/radiorevelacionfm.cl\/?p=10044","title":{"rendered":"Revocan medida a imputado que quem\u00f3 veh\u00edculo de su ex-pareja pasando a prisi\u00f3n preventiva por incendio y amenazas en contexto de VIF"},"content":{"rendered":"<div class=\"flex_column av_one_full  flex_column_div av-zero-column-padding first  avia-builder-el-0  el_before_av_one_full  avia-builder-el-first  \" style='border-radius:0px; '><div  class='avia-image-container  av-styling-    avia-builder-el-1  avia-builder-el-no-sibling  avia-align-center '  itemprop=\"image\" itemscope=\"itemscope\" itemtype=\"https:\/\/schema.org\/ImageObject\"  ><div class='avia-image-container-inner'><div class='avia-image-overlay-wrap'><img decoding=\"async\" class='wp-image-10045 avia-img-lazy-loading-not-10045 avia_image' src=\"https:\/\/radiorevelacionfm.cl\/wp-content\/uploads\/2021\/10\/auto-quemado-1_optimized.jpg\" alt='' title='auto-quemado-(1)_optimized' height=\"600\" width=\"1550\"  itemprop=\"thumbnailUrl\" srcset=\"https:\/\/radiorevelacionfm.cl\/wp-content\/uploads\/2021\/10\/auto-quemado-1_optimized.jpg 1550w, https:\/\/radiorevelacionfm.cl\/wp-content\/uploads\/2021\/10\/auto-quemado-1_optimized-300x116.jpg 300w, https:\/\/radiorevelacionfm.cl\/wp-content\/uploads\/2021\/10\/auto-quemado-1_optimized-1030x399.jpg 1030w, https:\/\/radiorevelacionfm.cl\/wp-content\/uploads\/2021\/10\/auto-quemado-1_optimized-768x297.jpg 768w, https:\/\/radiorevelacionfm.cl\/wp-content\/uploads\/2021\/10\/auto-quemado-1_optimized-1536x595.jpg 1536w, https:\/\/radiorevelacionfm.cl\/wp-content\/uploads\/2021\/10\/auto-quemado-1_optimized-1500x581.jpg 1500w, https:\/\/radiorevelacionfm.cl\/wp-content\/uploads\/2021\/10\/auto-quemado-1_optimized-705x273.jpg 705w, https:\/\/radiorevelacionfm.cl\/wp-content\/uploads\/2021\/10\/auto-quemado-1_optimized-600x232.jpg 600w\" sizes=\"(max-width: 1550px) 100vw, 1550px\" \/><\/div><\/div><\/div><\/div><div class=\"flex_column av_one_full  flex_column_div av-zero-column-padding first  avia-builder-el-2  el_after_av_one_full  el_before_av_one_full  column-top-margin\" style='border-radius:0px; '><section class=\"av_textblock_section \"  itemscope=\"itemscope\" itemtype=\"https:\/\/schema.org\/BlogPosting\" itemprop=\"blogPost\" ><div class='avia_textblock  '   itemprop=\"text\" ><p style=\"text-align: center;\"><strong><span style=\"font-size: 18pt;\">Revocan medida a sujeto que quem\u00f3 veh\u00edculo de su ex-pareja quedando en prisi\u00f3n preventiva por incendio y amenazas en contexto de VIF<\/span><\/strong><\/p>\n<div id=\"gtx-trans\" style=\"position: absolute; left: -50px; top: 4.31534px;\">\n<div class=\"gtx-trans-icon\"><\/div>\n<\/div>\n<\/div><\/section><\/div><div class=\"flex_column av_one_full  flex_column_div av-zero-column-padding first  avia-builder-el-4  el_after_av_one_full  el_before_av_hr  column-top-margin\" style='border-radius:0px; '><section class=\"av_textblock_section \"  itemscope=\"itemscope\" itemtype=\"https:\/\/schema.org\/BlogPosting\" itemprop=\"blogPost\" ><div class='avia_textblock  '   itemprop=\"text\" ><p style=\"text-align: justify;\">Tras apelaci\u00f3n del Ministerio P\u00fablico, las medidas cautelares de menor intensidad fueron revocadas por la Corte de Apelaciones, procediendo al cumplimiento de la orden de detenci\u00f3n.<\/p>\n<p style=\"text-align: justify;\">Desde el pasado 14 de octubre, la Polic\u00eda de Investigaciones de Chile junto al Ministerio P\u00fablico se encuentran investigando un hecho relacionado con el incendio de un veh\u00edculo y amenazas en contexto de violencia intrafamiliar, donde detectives de la Brigada de Investigaci\u00f3n Criminal (BICRIM) Coyhaique concurrieron a un sitio de suceso para realizar las primeras diligencias investigativas, lo que permiti\u00f3 esclarecer los hechos.<\/p>\n<p style=\"text-align: justify;\">Seg\u00fan lo informado por el subprefecto Christian Mora, jefe de la BICRIM Coyhaique, en la oportunidad \u201cse logr\u00f3 la detenci\u00f3n de un imputado quien condujo el veh\u00edculo de la v\u00edctima hasta un sitio eriazo, procediendo a quemarlo por completo\u201d, el veh\u00edculo result\u00f3 con p\u00e9rdida total y los da\u00f1os fueron avaluados en la suma de diez millones de pesos.<\/p>\n<p style=\"text-align: justify;\">As\u00ed, el sujeto fue puesto a disposici\u00f3n del Juzgado de Garant\u00eda de Coyhaique, quedando con las medidas cautelares de prohibici\u00f3n de acercamiento a la v\u00edctima, con la obligaci\u00f3n de residir en la localidad de Puerto Ays\u00e9n y firma diaria en la Segunda Comisar\u00eda de Puerto Ays\u00e9n.<\/p>\n<p style=\"text-align: justify;\">Atendida la gravedad de los hechos y la forma en que \u00e9stos ocurrieron, la Fiscal\u00eda Local de Coyhaique apel\u00f3 ante la Corte de Apelaciones de la ciudad, instancia donde los Ministros resolvieron revocar las medidas cautelares anteriormente impuestas para decretar la prisi\u00f3n preventiva del imputado, debido a que su libertad constituir\u00eda un riesgo para la seguridad de la v\u00edctima.<\/p>\n<p style=\"text-align: justify;\">Al respecto, el subprefecto Mora agreg\u00f3 que se dio cumplimiento a la orden de detenci\u00f3n, \u201ccon fecha 22 de octubre del presente a\u00f1o se eman\u00f3 la respectiva orden de detenci\u00f3n contra el imputado, resultando detenido ese mismo d\u00eda en horas de la tarde por personal de esta Brigada de Investigaci\u00f3n Criminal Coyhaique, traslad\u00e1ndolo posteriormente a dependencias del centro de cumplimiento penitenciario de esta ciudad para cumplir con su prisi\u00f3n preventiva\u201d.<\/p>\n<p style=\"text-align: justify;\">Finalmente, desde la PDI recordaron a la ciudadan\u00eda denunciar todo hecho constitutivo de delito para iniciar los respectivos procesos investigativos en coordinaci\u00f3n al Ministerio P\u00fablico para esclarecer los distintos fen\u00f3menos que afecten a la comunidad.<\/p>\n<\/div><\/section><\/div><div  style='height:50px' class='hr hr-invisible   avia-builder-el-6  el_after_av_one_full  el_before_av_social_share '><span class='hr-inner ' ><span class='hr-inner-style'><\/span><\/span><\/div><\/p>\n<div  class='av-social-sharing-box  avia-builder-el-7  el_after_av_hr  el_before_av_hr  '><div class='av-share-box'><h5 class='av-share-link-description av-no-toc '>Compartir esta noticia<\/h5><ul class='av-share-box-list noLightbox'><li class='av-share-link av-social-link-facebook' ><a target=\"_blank\" aria-label=\"Compartir en Facebook\" href='https:\/\/www.facebook.com\/sharer.php?u=https:\/\/radiorevelacionfm.cl\/?p=10044&#038;t=Revocan%20medida%20a%20imputado%20que%20quem%C3%B3%20veh%C3%ADculo%20de%20su%20ex-pareja%20pasando%20a%20prisi%C3%B3n%20preventiva%20por%20incendio%20y%20amenazas%20en%20contexto%20de%20VIF' aria-hidden='false' data-av_icon='\ue8f3' data-av_iconfont='entypo-fontello' title='' data-avia-related-tooltip='Compartir en Facebook' rel=\"noopener\"><span class='avia_hidden_link_text'>Compartir en Facebook<\/span><\/a><\/li><li class='av-share-link av-social-link-twitter' ><a target=\"_blank\" aria-label=\"Compartir en Twitter\" href='https:\/\/twitter.com\/share?text=Revocan%20medida%20a%20imputado%20que%20quem%C3%B3%20veh%C3%ADculo%20de%20su%20ex-pareja%20pasando%20a%20prisi%C3%B3n%20preventiva%20por%20incendio%20y%20amenazas%20en%20contexto%20de%20VIF&#038;url=https:\/\/radiorevelacionfm.cl\/?p=10044' aria-hidden='false' data-av_icon='\ue8f1' data-av_iconfont='entypo-fontello' title='' data-avia-related-tooltip='Compartir en Twitter' rel=\"noopener\"><span class='avia_hidden_link_text'>Compartir en Twitter<\/span><\/a><\/li><li class='av-share-link av-social-link-whatsapp' ><a target=\"_blank\" aria-label=\"Compartir en Whatsapp\" href='https:\/\/api.whatsapp.com\/send?text=https:\/\/radiorevelacionfm.cl\/?p=10044' aria-hidden='false' data-av_icon='\uf232' data-av_iconfont='entypo-fontello' title='' data-avia-related-tooltip='Compartir en Whatsapp' rel=\"noopener\"><span class='avia_hidden_link_text'>Compartir en Whatsapp<\/span><\/a><\/li><li class='av-share-link av-social-link-linkedin' ><a target=\"_blank\" aria-label=\"Compartir en LinkedIn\" href='https:\/\/linkedin.com\/shareArticle?mini=true&#038;title=Revocan%20medida%20a%20imputado%20que%20quem%C3%B3%20veh%C3%ADculo%20de%20su%20ex-pareja%20pasando%20a%20prisi%C3%B3n%20preventiva%20por%20incendio%20y%20amenazas%20en%20contexto%20de%20VIF&#038;url=https:\/\/radiorevelacionfm.cl\/?p=10044' aria-hidden='false' data-av_icon='\ue8fc' data-av_iconfont='entypo-fontello' title='' data-avia-related-tooltip='Compartir en LinkedIn' rel=\"noopener\"><span class='avia_hidden_link_text'>Compartir en LinkedIn<\/span><\/a><\/li><li class='av-share-link av-social-link-mail' ><a  aria-label=\"Compartir por correo\" href='mailto:?subject=Revocan%20medida%20a%20imputado%20que%20quem%C3%B3%20veh%C3%ADculo%20de%20su%20ex-pareja%20pasando%20a%20prisi%C3%B3n%20preventiva%20por%20incendio%20y%20amenazas%20en%20contexto%20de%20VIF&#038;body=https:\/\/radiorevelacionfm.cl\/?p=10044' aria-hidden='false' data-av_icon='\ue805' data-av_iconfont='entypo-fontello' title='' data-avia-related-tooltip='Compartir por correo'><span class='avia_hidden_link_text'>Compartir por correo<\/span><\/a><\/li><\/ul><\/div><\/div>\n<div  style='height:50px' class='hr hr-invisible   avia-builder-el-8  el_after_av_social_share  el_before_av_comments_list '><span class='hr-inner ' ><span class='hr-inner-style'><\/span><\/span><\/div>\n<div  class='av-buildercomment  av-blog-meta-html-info-disabled av-blog-meta-tag-disabled  '><\/div>\n","protected":false},"excerpt":{"rendered":"","protected":false},"author":1,"featured_media":10045,"comment_status":"open","ping_status":"open","sticky":false,"template":"","format":"standard","meta":{"footnotes":""},"categories":[36],"tags":[],"class_list":["post-10044","post","type-post","status-publish","format-standard","has-post-thumbnail","hentry","category-policial"],"jetpack_featured_media_url":"https:\/\/radiorevelacionfm.cl\/wp-content\/uploads\/2021\/10\/auto-quemado-1_optimized.jpg","_links":{"self":[{"href":"https:\/\/radiorevelacionfm.cl\/index.php?rest_route=\/wp\/v2\/posts\/10044","targetHints":{"allow":["GET"]}}],"collection":[{"href":"https:\/\/radiorevelacionfm.cl\/index.php?rest_route=\/wp\/v2\/posts"}],"about":[{"href":"https:\/\/radiorevelacionfm.cl\/index.php?rest_route=\/wp\/v2\/types\/post"}],"author":[{"embeddable":true,"href":"https:\/\/radiorevelacionfm.cl\/index.php?rest_route=\/wp\/v2\/users\/1"}],"replies":[{"embeddable":true,"href":"https:\/\/radiorevelacionfm.cl\/index.php?rest_route=%2Fwp%2Fv2%2Fcomments&post=10044"}],"version-history":[{"count":1,"href":"https:\/\/radiorevelacionfm.cl\/index.php?rest_route=\/wp\/v2\/posts\/10044\/revisions"}],"predecessor-version":[{"id":10046,"href":"https:\/\/radiorevelacionfm.cl\/index.php?rest_route=\/wp\/v2\/posts\/10044\/revisions\/10046"}],"wp:featuredmedia":[{"embeddable":true,"href":"https:\/\/radiorevelacionfm.cl\/index.php?rest_route=\/wp\/v2\/media\/10045"}],"wp:attachment":[{"href":"https:\/\/radiorevelacionfm.cl\/index.php?rest_route=%2Fwp%2Fv2%2Fmedia&parent=10044"}],"wp:term":[{"taxonomy":"category","embeddable":true,"href":"https:\/\/radiorevelacionfm.cl\/index.php?rest_route=%2Fwp%2Fv2%2Fcategories&post=10044"},{"taxonomy":"post_tag","embeddable":true,"href":"https:\/\/radiorevelacionfm.cl\/index.php?rest_route=%2Fwp%2Fv2%2Ftags&post=10044"}],"curies":[{"name":"wp","href":"https:\/\/api.w.org\/{rel}","templated":true}]}}