{"id":10007,"date":"2021-10-26T11:40:00","date_gmt":"2021-10-26T14:40:00","guid":{"rendered":"https:\/\/radiorevelacionfm.cl\/?p=10007"},"modified":"2021-10-26T11:40:00","modified_gmt":"2021-10-26T14:40:00","slug":"indice-de-transformacion-digital-2021-revela-rapido-avance-de-las-mipyme-en-uso-de-tecnologias-producto-de-la-pandemia","status":"publish","type":"post","link":"https:\/\/radiorevelacionfm.cl\/?p=10007","title":{"rendered":"\u00cdndice de transformaci\u00f3n digital 2021 revela r\u00e1pido avance de las Mipyme en uso de tecnolog\u00edas producto de la pandemia"},"content":{"rendered":"<div class=\"flex_column av_one_full  flex_column_div av-zero-column-padding first  avia-builder-el-0  el_before_av_one_full  avia-builder-el-first  \" style='border-radius:0px; '><div  class='avia-image-container  av-styling-    avia-builder-el-1  avia-builder-el-no-sibling  avia-align-center '  itemprop=\"image\" itemscope=\"itemscope\" itemtype=\"https:\/\/schema.org\/ImageObject\"  ><div class='avia-image-container-inner'><div class='avia-image-overlay-wrap'><img decoding=\"async\" class='wp-image-10008 avia-img-lazy-loading-not-10008 avia_image' src=\"https:\/\/radiorevelacionfm.cl\/wp-content\/uploads\/2021\/10\/CorfoAysen-03-1-1.jpg\" alt='' title='CorfoAys\u00e9n 03 (1) (1)' height=\"600\" width=\"900\"  itemprop=\"thumbnailUrl\" srcset=\"https:\/\/radiorevelacionfm.cl\/wp-content\/uploads\/2021\/10\/CorfoAysen-03-1-1.jpg 900w, https:\/\/radiorevelacionfm.cl\/wp-content\/uploads\/2021\/10\/CorfoAysen-03-1-1-300x200.jpg 300w, https:\/\/radiorevelacionfm.cl\/wp-content\/uploads\/2021\/10\/CorfoAysen-03-1-1-768x512.jpg 768w, https:\/\/radiorevelacionfm.cl\/wp-content\/uploads\/2021\/10\/CorfoAysen-03-1-1-705x470.jpg 705w, https:\/\/radiorevelacionfm.cl\/wp-content\/uploads\/2021\/10\/CorfoAysen-03-1-1-600x400.jpg 600w\" sizes=\"(max-width: 900px) 100vw, 900px\" \/><\/div><\/div><\/div><\/div><div class=\"flex_column av_one_full  flex_column_div av-zero-column-padding first  avia-builder-el-2  el_after_av_one_full  el_before_av_one_full  column-top-margin\" style='border-radius:0px; '><section class=\"av_textblock_section \"  itemscope=\"itemscope\" itemtype=\"https:\/\/schema.org\/BlogPosting\" itemprop=\"blogPost\" ><div class='avia_textblock  '   itemprop=\"text\" ><p style=\"text-align: center;\"><strong><span style=\"font-size: 18pt;\">\u00cdndice de transformaci\u00f3n digital 2021 revela r\u00e1pido avance de las Mipyme en uso de tecnolog\u00edas producto de la pandemia<\/span><\/strong><\/p>\n<div id=\"gtx-trans\" style=\"position: absolute; left: -50px; top: 4.31534px;\">\n<div class=\"gtx-trans-icon\"><\/div>\n<\/div>\n<\/div><\/section><\/div><div class=\"flex_column av_one_full  flex_column_div av-zero-column-padding first  avia-builder-el-4  el_after_av_one_full  el_before_av_hr  column-top-margin\" style='border-radius:0px; '><section class=\"av_textblock_section \"  itemscope=\"itemscope\" itemtype=\"https:\/\/schema.org\/BlogPosting\" itemprop=\"blogPost\" ><div class='avia_textblock  '   itemprop=\"text\" ><p style=\"text-align: justify;\">Con m\u00e1s de 750 casos correspondientes a empresas y pymes a nivel nacional, se dieron a conocer los resultados de la cuarta versi\u00f3n del \u00cdndice de <a href=\"http:\/\/wapp4.corfo.cl\/archivos\/WCSCONTI\/DOCS\/21102021ResultadosITD2021.pdf\">Transformaci\u00f3n Digital (ITD) 2021<\/a>, el cual alcanz\u00f3 los 52 puntos &#8211; en una escala de 0 a 100 -, ubicando el progreso de las organizaciones en el nivel \u201cIntermedio Digital\u201d por segundo a\u00f1o consecutivo.<\/p>\n<p style=\"text-align: justify;\">Este indicador analiza las variables culturales y la adopci\u00f3n digital de las empresas chilenas a trav\u00e9s de cinco dimensiones que miden: el liderazgo hacia lo digital, la visi\u00f3n y estrategia de la organizaci\u00f3n, formas de trabajo, personas y cultura; digitalizaci\u00f3n de procesos y toma de decisiones; tecnolog\u00eda, manejo de datos y herramientas digitales.<\/p>\n<p style=\"text-align: justify;\">Dentro de las principales conclusiones de la versi\u00f3n 2021, se encuentra la adopci\u00f3n de nuevas tecnolog\u00edas y herramientas digitales, siendo el e-commerce el \u00edtem con mejor desempe\u00f1o con un alza de 16 puntos, pasando de un 39% a un 55%. Esta alza tuvo directa relaci\u00f3n con lo reportado por las microempresas, las cuales avanzaron 17 puestos, ubic\u00e1ndose en un nivel Intermedio Digital con un ITD de 57 puntos. Las Pymes, en tanto, avanzaron 14 puestos, llegando a los 52 puntos, mientras que la gran empresa subi\u00f3 6, alcanzando los 58 puntos.<\/p>\n<p style=\"text-align: justify;\">\u201cDesde Corfo estamos comprometidos con avanzar hacia la reactivaci\u00f3n de las microempresas y pymes, porque sabemos lo fundamental que son para la econom\u00eda y desarrollo de nuestro pa\u00eds. Por esta raz\u00f3n, fijamos como uno de nuestros ejes estrat\u00e9gicos el promover la digitalizaci\u00f3n para apoyarlas en su continuidad operacional, entendiendo que durante la pandemia muchas de ellas tuvieron que redirigir sus esfuerzos hacia la adopci\u00f3n de nuevas tecnolog\u00edas para levantar sus negocios. Esta nueva versi\u00f3n del \u00cdndice de Transformaci\u00f3n Digital justamente nos revela que son las empresas de menor tama\u00f1o las que han decidido avanzar en esta l\u00ednea, como es el caso del e-commerce, lo que las vuelve m\u00e1s competitivas, resilientes y sostenibles a largo plazo\u201d, se\u00f1al\u00f3 el vicepresidente ejecutivo de Corfo, Pablo Terrazas.<\/p>\n<p style=\"text-align: justify;\">Si bien, los niveles de adopci\u00f3n de tecnolog\u00edas por parte de las microempresas y pymes obtienen mejores resultados que en el estudio de 2020, se observa un estancamiento de las dimensiones vinculadas a la cultura organizacional. Por ejemplo, en el \u00edtem \u201cFormas de trabajo, personas y cultura\u201d, no se visualiza un aumento en la flexibilidad o agilidad de los equipos, debido al retorno a la presencialidad, tras la etapa m\u00e1s cr\u00edtica de la pandemia.<\/p>\n<p style=\"text-align: justify;\">\u201cLos cambios que vemos en nuestro pa\u00eds se enmarcan en un proceso generalizado que han vivido todas empresas del mundo, a partir de la adopci\u00f3n inevitable de modelos digitales en tiempos de confinamiento pand\u00e9mico. Los principales ganadores de esta transformaci\u00f3n han sido los que se encontraban m\u00e1s rezagados, y que han logrado reducir brechas que de otra forma habr\u00edan tomado varios a\u00f1os en cerrarse\u201d, afirm\u00f3 el director del Centro Econom\u00eda Digital de la C\u00e1mara de Comercio de Santiago, George Lever.<\/p>\n<p style=\"text-align: justify;\">El gran desaf\u00edo ahora, seg\u00fan Lever, es capitalizar esta agresiva adopci\u00f3n digital \u201cgestionando el cambio cultural que se requiere para hacer de este proceso un modelo sostenible, que nos permita crear valor permanente para nuestros consumidores y emprendedores\u201d, complement\u00f3.<\/p>\n<p style=\"text-align: justify;\"><strong>Procesos, liderazgo y sectores.<\/strong><\/p>\n<p style=\"text-align: justify;\">El \u00cdndice de Transformaci\u00f3n Digital 2021 se\u00f1ala que la dimensi\u00f3n\u201d Digitalizaci\u00f3n de procesos\u201d avanz\u00f3 7 puestos, pasando de 41 a 48 puntos, impulsada principalmente por las microempresas y pymes, quienes lograron adaptarse a las nuevas formas de trabajo en el contexto de la pandemia.<\/p>\n<p style=\"text-align: justify;\">En contraste con lo anterior, durante el mismo periodo, las grandes empresas avanzan solo un puesto en este \u00edtem, dado que su incorporaci\u00f3n y adopci\u00f3n digital fue m\u00e1s r\u00e1pida y \u00e1gil a inicios de la emergencia sanitaria.<\/p>\n<p style=\"text-align: justify;\">\u201cSeg\u00fan los resultados obtenidos en este periodo, las empresas han reducido la velocidad de adaptaci\u00f3n digital, dada la apertura del comercio y los cambios en las restricciones de movilidad. De alguna manera, hemos vuelto a cierta normalidad, pero marcada por la tendencia de lo h\u00edbrido, es decir, logrando equilibrar lo presencial con lo digital como una estrategia de mejora continua\u201d se\u00f1al\u00f3 el socio director de la consultora PMG, Claudio Parraguez.<\/p>\n<p style=\"text-align: justify;\">Por su parte, la dimensi\u00f3n \u201cLiderazgo hacia lo digital\u201d subi\u00f3 tres puestos pasando de 44 a 47 puntos, registrando as\u00ed su m\u00e1ximo crecimiento en el hist\u00f3rico de esta medici\u00f3n, lo que da cuenta de un cambio cultural al interior de las organizaciones, especialmente las empresas de mayor tama\u00f1o, donde los l\u00edderes lograron coordinar, movilizar e involucrar, en mayor medida, a todos sus integrantes en el proceso de transformaci\u00f3n.<\/p>\n<p style=\"text-align: justify;\">A nivel sectorial, por su parte, se identific\u00f3 que las brechas entre distintas actividades econ\u00f3micas se han reducido. El Comercio y la Industria acortaron su brecha con el sector Servicios, dado el incremento en la Adopci\u00f3n Digital de los segmentos m\u00e1s rezagados.<\/p>\n<p style=\"text-align: justify;\">En tanto, los subsectores Gran comercio\/Retail y Comunicaciones, resultan pioneros respecto a sus avances en transformaci\u00f3n digital, siendo los servicios que muestran mayor madurez.<\/p>\n<\/div><\/section><\/div><div  style='height:50px' class='hr hr-invisible   avia-builder-el-6  el_after_av_one_full  el_before_av_social_share '><span class='hr-inner ' ><span class='hr-inner-style'><\/span><\/span><\/div><\/p>\n<div  class='av-social-sharing-box  avia-builder-el-7  el_after_av_hr  el_before_av_hr  '><div class='av-share-box'><h5 class='av-share-link-description av-no-toc '>Compartir esta noticia<\/h5><ul class='av-share-box-list noLightbox'><li class='av-share-link av-social-link-facebook' ><a target=\"_blank\" aria-label=\"Compartir en Facebook\" href='https:\/\/www.facebook.com\/sharer.php?u=https:\/\/radiorevelacionfm.cl\/?p=10007&#038;t=%C3%8Dndice%20de%20transformaci%C3%B3n%20digital%202021%20revela%20r%C3%A1pido%20avance%20de%20las%20Mipyme%20en%20uso%20de%20tecnolog%C3%ADas%20producto%20de%20la%20pandemia' aria-hidden='false' data-av_icon='\ue8f3' data-av_iconfont='entypo-fontello' title='' data-avia-related-tooltip='Compartir en Facebook' rel=\"noopener\"><span class='avia_hidden_link_text'>Compartir en Facebook<\/span><\/a><\/li><li class='av-share-link av-social-link-twitter' ><a target=\"_blank\" aria-label=\"Compartir en Twitter\" href='https:\/\/twitter.com\/share?text=%C3%8Dndice%20de%20transformaci%C3%B3n%20digital%202021%20revela%20r%C3%A1pido%20avance%20de%20las%20Mipyme%20en%20uso%20de%20tecnolog%C3%ADas%20producto%20de%20la%20pandemia&#038;url=https:\/\/radiorevelacionfm.cl\/?p=10007' aria-hidden='false' data-av_icon='\ue8f1' data-av_iconfont='entypo-fontello' title='' data-avia-related-tooltip='Compartir en Twitter' rel=\"noopener\"><span class='avia_hidden_link_text'>Compartir en Twitter<\/span><\/a><\/li><li class='av-share-link av-social-link-whatsapp' ><a target=\"_blank\" aria-label=\"Compartir en Whatsapp\" href='https:\/\/api.whatsapp.com\/send?text=https:\/\/radiorevelacionfm.cl\/?p=10007' aria-hidden='false' data-av_icon='\uf232' data-av_iconfont='entypo-fontello' title='' data-avia-related-tooltip='Compartir en Whatsapp' rel=\"noopener\"><span class='avia_hidden_link_text'>Compartir en Whatsapp<\/span><\/a><\/li><li class='av-share-link av-social-link-linkedin' ><a target=\"_blank\" aria-label=\"Compartir en LinkedIn\" href='https:\/\/linkedin.com\/shareArticle?mini=true&#038;title=%C3%8Dndice%20de%20transformaci%C3%B3n%20digital%202021%20revela%20r%C3%A1pido%20avance%20de%20las%20Mipyme%20en%20uso%20de%20tecnolog%C3%ADas%20producto%20de%20la%20pandemia&#038;url=https:\/\/radiorevelacionfm.cl\/?p=10007' aria-hidden='false' data-av_icon='\ue8fc' data-av_iconfont='entypo-fontello' title='' data-avia-related-tooltip='Compartir en LinkedIn' rel=\"noopener\"><span class='avia_hidden_link_text'>Compartir en LinkedIn<\/span><\/a><\/li><li class='av-share-link av-social-link-mail' ><a  aria-label=\"Compartir por correo\" href='mailto:?subject=%C3%8Dndice%20de%20transformaci%C3%B3n%20digital%202021%20revela%20r%C3%A1pido%20avance%20de%20las%20Mipyme%20en%20uso%20de%20tecnolog%C3%ADas%20producto%20de%20la%20pandemia&#038;body=https:\/\/radiorevelacionfm.cl\/?p=10007' aria-hidden='false' data-av_icon='\ue805' data-av_iconfont='entypo-fontello' title='' data-avia-related-tooltip='Compartir por correo'><span class='avia_hidden_link_text'>Compartir por correo<\/span><\/a><\/li><\/ul><\/div><\/div>\n<div  style='height:50px' class='hr hr-invisible   avia-builder-el-8  el_after_av_social_share  el_before_av_comments_list '><span class='hr-inner ' ><span class='hr-inner-style'><\/span><\/span><\/div>\n<div  class='av-buildercomment  av-blog-meta-html-info-disabled av-blog-meta-tag-disabled  '><\/div>\n","protected":false},"excerpt":{"rendered":"","protected":false},"author":1,"featured_media":10008,"comment_status":"open","ping_status":"open","sticky":false,"template":"","format":"standard","meta":{"footnotes":""},"categories":[45],"tags":[],"class_list":["post-10007","post","type-post","status-publish","format-standard","has-post-thumbnail","hentry","category-comercio"],"jetpack_featured_media_url":"https:\/\/radiorevelacionfm.cl\/wp-content\/uploads\/2021\/10\/CorfoAysen-03-1-1.jpg","_links":{"self":[{"href":"https:\/\/radiorevelacionfm.cl\/index.php?rest_route=\/wp\/v2\/posts\/10007","targetHints":{"allow":["GET"]}}],"collection":[{"href":"https:\/\/radiorevelacionfm.cl\/index.php?rest_route=\/wp\/v2\/posts"}],"about":[{"href":"https:\/\/radiorevelacionfm.cl\/index.php?rest_route=\/wp\/v2\/types\/post"}],"author":[{"embeddable":true,"href":"https:\/\/radiorevelacionfm.cl\/index.php?rest_route=\/wp\/v2\/users\/1"}],"replies":[{"embeddable":true,"href":"https:\/\/radiorevelacionfm.cl\/index.php?rest_route=%2Fwp%2Fv2%2Fcomments&post=10007"}],"version-history":[{"count":1,"href":"https:\/\/radiorevelacionfm.cl\/index.php?rest_route=\/wp\/v2\/posts\/10007\/revisions"}],"predecessor-version":[{"id":10009,"href":"https:\/\/radiorevelacionfm.cl\/index.php?rest_route=\/wp\/v2\/posts\/10007\/revisions\/10009"}],"wp:featuredmedia":[{"embeddable":true,"href":"https:\/\/radiorevelacionfm.cl\/index.php?rest_route=\/wp\/v2\/media\/10008"}],"wp:attachment":[{"href":"https:\/\/radiorevelacionfm.cl\/index.php?rest_route=%2Fwp%2Fv2%2Fmedia&parent=10007"}],"wp:term":[{"taxonomy":"category","embeddable":true,"href":"https:\/\/radiorevelacionfm.cl\/index.php?rest_route=%2Fwp%2Fv2%2Fcategories&post=10007"},{"taxonomy":"post_tag","embeddable":true,"href":"https:\/\/radiorevelacionfm.cl\/index.php?rest_route=%2Fwp%2Fv2%2Ftags&post=10007"}],"curies":[{"name":"wp","href":"https:\/\/api.w.org\/{rel}","templated":true}]}}