{"id":10005,"date":"2021-10-26T11:41:30","date_gmt":"2021-10-26T14:41:30","guid":{"rendered":"https:\/\/radiorevelacionfm.cl\/?p=10005"},"modified":"2021-10-26T15:39:21","modified_gmt":"2021-10-26T18:39:21","slug":"se-refuerza-llamado-a-recibir-dosis-de-refuerzo-sera-obligatoria-para-obtener-pase-de-movilidad","status":"publish","type":"post","link":"https:\/\/radiorevelacionfm.cl\/?p=10005","title":{"rendered":"Reiteran llamado a recibir dosis de refuerzo: ser\u00e1 obligatoria para obtener Pase de Movilidad"},"content":{"rendered":"<div class=\"flex_column av_one_full  flex_column_div av-zero-column-padding first  avia-builder-el-0  el_before_av_one_full  avia-builder-el-first  \" style='border-radius:0px; '><div  class='avia-image-container  av-styling-    avia-builder-el-1  avia-builder-el-no-sibling  avia-align-center '  itemprop=\"image\" itemscope=\"itemscope\" itemtype=\"https:\/\/schema.org\/ImageObject\"  ><div class='avia-image-container-inner'><div class='avia-image-overlay-wrap'><img decoding=\"async\" class='wp-image-10014 avia-img-lazy-loading-not-10014 avia_image' src=\"https:\/\/radiorevelacionfm.cl\/wp-content\/uploads\/2021\/10\/Vacuna-refuerzo3i-1-1.jpg\" alt='' title='Vacuna refuerzo3i (1) (1)' height=\"600\" width=\"1097\"  itemprop=\"thumbnailUrl\" srcset=\"https:\/\/radiorevelacionfm.cl\/wp-content\/uploads\/2021\/10\/Vacuna-refuerzo3i-1-1.jpg 1097w, https:\/\/radiorevelacionfm.cl\/wp-content\/uploads\/2021\/10\/Vacuna-refuerzo3i-1-1-300x164.jpg 300w, https:\/\/radiorevelacionfm.cl\/wp-content\/uploads\/2021\/10\/Vacuna-refuerzo3i-1-1-1030x563.jpg 1030w, https:\/\/radiorevelacionfm.cl\/wp-content\/uploads\/2021\/10\/Vacuna-refuerzo3i-1-1-768x420.jpg 768w, https:\/\/radiorevelacionfm.cl\/wp-content\/uploads\/2021\/10\/Vacuna-refuerzo3i-1-1-705x386.jpg 705w, https:\/\/radiorevelacionfm.cl\/wp-content\/uploads\/2021\/10\/Vacuna-refuerzo3i-1-1-600x328.jpg 600w\" sizes=\"(max-width: 1097px) 100vw, 1097px\" \/><\/div><\/div><\/div><\/div>\n<div class=\"flex_column av_one_full  flex_column_div av-zero-column-padding first  avia-builder-el-2  el_after_av_one_full  el_before_av_one_full  column-top-margin\" style='border-radius:0px; '><section class=\"av_textblock_section \"  itemscope=\"itemscope\" itemtype=\"https:\/\/schema.org\/BlogPosting\" itemprop=\"blogPost\" ><div class='avia_textblock  '   itemprop=\"text\" ><p style=\"text-align: center;\"><strong><span style=\"font-size: 18pt;\">Reiteran llamado a recibir dosis de refuerzo: ser\u00e1 obligatoria para obtener Pase de Movilidad<\/span><\/strong><\/p>\n<div id=\"gtx-trans\" style=\"position: absolute; left: -50px; top: 4.31534px;\">\n<div class=\"gtx-trans-icon\"><\/div>\n<\/div>\n<\/div><\/section><\/div><div class=\"flex_column av_one_full  flex_column_div av-zero-column-padding first  avia-builder-el-4  el_after_av_one_full  el_before_av_hr  column-top-margin\" style='border-radius:0px; '><section class=\"av_textblock_section \"  itemscope=\"itemscope\" itemtype=\"https:\/\/schema.org\/BlogPosting\" itemprop=\"blogPost\" ><div class='avia_textblock  '   itemprop=\"text\" ><p style=\"text-align: justify;\">El Ministerio de Salud inform\u00f3 los cambios en el Plan Paso a Paso referentes al Pase de Movilidad. Desde el 1 de diciembre, se les exigir\u00e1 a los mayores de 55 a\u00f1os, que ya hayan cumplido seis meses desde que se pusieron su segunda dosis (o dosis \u00fanica), que cuenten tambi\u00e9n con la dosis de refuerzo, para poder tener habilitado su pase de movilidad.<\/p>\n<p style=\"text-align: justify;\">Las autoridades explicaron que si pasan estos seis meses desde que completaron el esquema y no se han puesto la dosis de refuerzo, se les inhabilitar\u00e1 el pase de movilidad, volvi\u00e9ndose a activar una vez que se pongan la vacuna. Esta decisi\u00f3n contempla s\u00f3lo a los mayores de 55 a\u00f1os, porque son quienes tienen m\u00e1s riesgo de fallecer y de terminar m\u00e1s en las UCI.<\/p>\n<p style=\"text-align: justify;\">Con el fin de dar m\u00e1s posibilidades de vacunarse, todos los seremis de salud est\u00e1n desplegando estrategias regionales, las cuales se detallar\u00e1n regionalmente en los pr\u00f3ximos d\u00edas. Estas contemplan extensi\u00f3n de jornada en los centros de vacunaci\u00f3n, incluyendo horario vespertino, apertura de centros de vacunaci\u00f3n los fines de semana y nuevos centros y vacunaci\u00f3n extramuro, tanto en horario diurno como vespertino.<\/p>\n<p style=\"text-align: justify;\">Cabe recordar que 1.251.375 personas mayores de 55 a\u00f1os vacunados con su esquema completo a\u00fan no han solicitado la aplicaci\u00f3n de la dosis de refuerzo, por lo que no tienen inmunidad suficiente para combatir la enfermedad. El llamado a las personas mayores de 55 a\u00f1os es a que revisen <a href=\"https:\/\/gob.us6.list-manage.com\/track\/click?u=774a59eb3e47ef435c7bd7a7d&amp;id=60f8e452a9&amp;e=458f582024\">el calendario<\/a>\u00a0y se acerquen a los centros de vacunaci\u00f3n.<\/p>\n<\/div><\/section><\/div><\/p>\n<div  style='height:50px' class='hr hr-invisible   avia-builder-el-6  el_after_av_one_full  el_before_av_social_share '><span class='hr-inner ' ><span class='hr-inner-style'><\/span><\/span><\/div>\n<div  class='av-social-sharing-box  avia-builder-el-7  el_after_av_hr  el_before_av_hr  '><div class='av-share-box'><h5 class='av-share-link-description av-no-toc '>Compartir esta noticia<\/h5><ul class='av-share-box-list noLightbox'><li class='av-share-link av-social-link-facebook' ><a target=\"_blank\" aria-label=\"Compartir en Facebook\" href='https:\/\/www.facebook.com\/sharer.php?u=https:\/\/radiorevelacionfm.cl\/?p=10005&#038;t=Reiteran%20llamado%20a%20recibir%20dosis%20de%20refuerzo%3A%20ser%C3%A1%20obligatoria%20para%20obtener%20Pase%20de%20Movilidad' aria-hidden='false' data-av_icon='\ue8f3' data-av_iconfont='entypo-fontello' title='' data-avia-related-tooltip='Compartir en Facebook' rel=\"noopener\"><span class='avia_hidden_link_text'>Compartir en Facebook<\/span><\/a><\/li><li class='av-share-link av-social-link-twitter' ><a target=\"_blank\" aria-label=\"Compartir en Twitter\" href='https:\/\/twitter.com\/share?text=Reiteran%20llamado%20a%20recibir%20dosis%20de%20refuerzo%3A%20ser%C3%A1%20obligatoria%20para%20obtener%20Pase%20de%20Movilidad&#038;url=https:\/\/radiorevelacionfm.cl\/?p=10005' aria-hidden='false' data-av_icon='\ue8f1' data-av_iconfont='entypo-fontello' title='' data-avia-related-tooltip='Compartir en Twitter' rel=\"noopener\"><span class='avia_hidden_link_text'>Compartir en Twitter<\/span><\/a><\/li><li class='av-share-link av-social-link-whatsapp' ><a target=\"_blank\" aria-label=\"Compartir en Whatsapp\" href='https:\/\/api.whatsapp.com\/send?text=https:\/\/radiorevelacionfm.cl\/?p=10005' aria-hidden='false' data-av_icon='\uf232' data-av_iconfont='entypo-fontello' title='' data-avia-related-tooltip='Compartir en Whatsapp' rel=\"noopener\"><span class='avia_hidden_link_text'>Compartir en Whatsapp<\/span><\/a><\/li><li class='av-share-link av-social-link-linkedin' ><a target=\"_blank\" aria-label=\"Compartir en LinkedIn\" href='https:\/\/linkedin.com\/shareArticle?mini=true&#038;title=Reiteran%20llamado%20a%20recibir%20dosis%20de%20refuerzo%3A%20ser%C3%A1%20obligatoria%20para%20obtener%20Pase%20de%20Movilidad&#038;url=https:\/\/radiorevelacionfm.cl\/?p=10005' aria-hidden='false' data-av_icon='\ue8fc' data-av_iconfont='entypo-fontello' title='' data-avia-related-tooltip='Compartir en LinkedIn' rel=\"noopener\"><span class='avia_hidden_link_text'>Compartir en LinkedIn<\/span><\/a><\/li><li class='av-share-link av-social-link-mail' ><a  aria-label=\"Compartir por correo\" href='mailto:?subject=Reiteran%20llamado%20a%20recibir%20dosis%20de%20refuerzo%3A%20ser%C3%A1%20obligatoria%20para%20obtener%20Pase%20de%20Movilidad&#038;body=https:\/\/radiorevelacionfm.cl\/?p=10005' aria-hidden='false' data-av_icon='\ue805' data-av_iconfont='entypo-fontello' title='' data-avia-related-tooltip='Compartir por correo'><span class='avia_hidden_link_text'>Compartir por correo<\/span><\/a><\/li><\/ul><\/div><\/div>\n<div  style='height:50px' class='hr hr-invisible   avia-builder-el-8  el_after_av_social_share  el_before_av_comments_list '><span class='hr-inner ' ><span class='hr-inner-style'><\/span><\/span><\/div>\n<div  class='av-buildercomment  av-blog-meta-html-info-disabled av-blog-meta-tag-disabled  '><\/div>\n","protected":false},"excerpt":{"rendered":"","protected":false},"author":1,"featured_media":10014,"comment_status":"open","ping_status":"open","sticky":false,"template":"","format":"standard","meta":{"footnotes":""},"categories":[46],"tags":[],"class_list":["post-10005","post","type-post","status-publish","format-standard","has-post-thumbnail","hentry","category-salud"],"jetpack_featured_media_url":"https:\/\/radiorevelacionfm.cl\/wp-content\/uploads\/2021\/10\/Vacuna-refuerzo3i-1-1.jpg","_links":{"self":[{"href":"https:\/\/radiorevelacionfm.cl\/index.php?rest_route=\/wp\/v2\/posts\/10005","targetHints":{"allow":["GET"]}}],"collection":[{"href":"https:\/\/radiorevelacionfm.cl\/index.php?rest_route=\/wp\/v2\/posts"}],"about":[{"href":"https:\/\/radiorevelacionfm.cl\/index.php?rest_route=\/wp\/v2\/types\/post"}],"author":[{"embeddable":true,"href":"https:\/\/radiorevelacionfm.cl\/index.php?rest_route=\/wp\/v2\/users\/1"}],"replies":[{"embeddable":true,"href":"https:\/\/radiorevelacionfm.cl\/index.php?rest_route=%2Fwp%2Fv2%2Fcomments&post=10005"}],"version-history":[{"count":6,"href":"https:\/\/radiorevelacionfm.cl\/index.php?rest_route=\/wp\/v2\/posts\/10005\/revisions"}],"predecessor-version":[{"id":10022,"href":"https:\/\/radiorevelacionfm.cl\/index.php?rest_route=\/wp\/v2\/posts\/10005\/revisions\/10022"}],"wp:featuredmedia":[{"embeddable":true,"href":"https:\/\/radiorevelacionfm.cl\/index.php?rest_route=\/wp\/v2\/media\/10014"}],"wp:attachment":[{"href":"https:\/\/radiorevelacionfm.cl\/index.php?rest_route=%2Fwp%2Fv2%2Fmedia&parent=10005"}],"wp:term":[{"taxonomy":"category","embeddable":true,"href":"https:\/\/radiorevelacionfm.cl\/index.php?rest_route=%2Fwp%2Fv2%2Fcategories&post=10005"},{"taxonomy":"post_tag","embeddable":true,"href":"https:\/\/radiorevelacionfm.cl\/index.php?rest_route=%2Fwp%2Fv2%2Ftags&post=10005"}],"curies":[{"name":"wp","href":"https:\/\/api.w.org\/{rel}","templated":true}]}}