{"id":10003,"date":"2021-10-26T11:00:27","date_gmt":"2021-10-26T14:00:27","guid":{"rendered":"https:\/\/radiorevelacionfm.cl\/?p=10003"},"modified":"2021-10-26T11:00:27","modified_gmt":"2021-10-26T14:00:27","slug":"corte-de-coyhaique-ordena-reintegrar-a-funcionarios-desvinculados-del-gobierno-regional-de-aysen","status":"publish","type":"post","link":"https:\/\/radiorevelacionfm.cl\/?p=10003","title":{"rendered":"Corte de Coyhaique ordena reintegrar a funcionarios desvinculados del Gobierno Regional de Ays\u00e9n"},"content":{"rendered":"<div class=\"flex_column av_one_full  flex_column_div av-zero-column-padding first  avia-builder-el-0  el_before_av_one_full  avia-builder-el-first  \" style='border-radius:0px; '><div  class='avia-image-container  av-styling-    avia-builder-el-1  avia-builder-el-no-sibling  avia-align-center '  itemprop=\"image\" itemscope=\"itemscope\" itemtype=\"https:\/\/schema.org\/ImageObject\"  ><div class='avia-image-container-inner'><div class='avia-image-overlay-wrap'><img decoding=\"async\" class='wp-image-9083 avia-img-lazy-loading-not-9083 avia_image' src=\"https:\/\/radiorevelacionfm.cl\/wp-content\/uploads\/2021\/09\/gobierno-regional-1_optimized.jpg\" alt='' title='gobierno-regional-(1)_optimized' height=\"600\" width=\"1066\"  itemprop=\"thumbnailUrl\" srcset=\"https:\/\/radiorevelacionfm.cl\/wp-content\/uploads\/2021\/09\/gobierno-regional-1_optimized.jpg 1066w, https:\/\/radiorevelacionfm.cl\/wp-content\/uploads\/2021\/09\/gobierno-regional-1_optimized-300x169.jpg 300w, https:\/\/radiorevelacionfm.cl\/wp-content\/uploads\/2021\/09\/gobierno-regional-1_optimized-1030x580.jpg 1030w, https:\/\/radiorevelacionfm.cl\/wp-content\/uploads\/2021\/09\/gobierno-regional-1_optimized-768x432.jpg 768w, https:\/\/radiorevelacionfm.cl\/wp-content\/uploads\/2021\/09\/gobierno-regional-1_optimized-705x397.jpg 705w, https:\/\/radiorevelacionfm.cl\/wp-content\/uploads\/2021\/09\/gobierno-regional-1_optimized-600x338.jpg 600w\" sizes=\"(max-width: 1066px) 100vw, 1066px\" \/><\/div><\/div><\/div><\/div><div class=\"flex_column av_one_full  flex_column_div av-zero-column-padding first  avia-builder-el-2  el_after_av_one_full  el_before_av_one_full  column-top-margin\" style='border-radius:0px; '><section class=\"av_textblock_section \"  itemscope=\"itemscope\" itemtype=\"https:\/\/schema.org\/BlogPosting\" itemprop=\"blogPost\" ><div class='avia_textblock  '   itemprop=\"text\" ><p style=\"text-align: center;\"><strong><span style=\"font-size: 18pt;\">Corte de Coyhaique ordena reintegrar a funcionarios desvinculados del Gobierno Regional de Ays\u00e9n <\/span><\/strong><\/p>\n<div id=\"gtx-trans\" style=\"position: absolute; left: -50px; top: 4.31534px;\">\n<div class=\"gtx-trans-icon\"><\/div>\n<\/div>\n<\/div><\/section><\/div><div class=\"flex_column av_one_full  flex_column_div av-zero-column-padding first  avia-builder-el-4  el_after_av_one_full  el_before_av_hr  column-top-margin\" style='border-radius:0px; '><section class=\"av_textblock_section \"  itemscope=\"itemscope\" itemtype=\"https:\/\/schema.org\/BlogPosting\" itemprop=\"blogPost\" ><div class='avia_textblock  '   itemprop=\"text\" ><p class=\"v1MsoNormal\" style=\"text-align: justify;\">La Corte de Apelaciones de Coyhaique acogi\u00f3 el recurso de protecci\u00f3n presentado en contra del Gobierno Regional de Ays\u00e9n, por incurrir en un acto arbitrario e ilegal al poner t\u00e9rmino anticipado de contratas anuales de los recurrentes.<\/p>\n<p class=\"v1MsoNormal\" style=\"text-align: justify;\">En fallo un\u00e1nime (causa rol 324-2021), la Primera Sala del Tribunal de alzada \u2013integrada por los ministros Natalia Rencoret Oliva, Sergio Mora Vallejos, Pedro Castro Espinoza y Jos\u00e9 Ignacio Mora Trujillo\u2013 acogi\u00f3 la acci\u00f3n constitucional y orden\u00f3 el pago de las remuneraciones devengadas durante el tiempo que estuvieron separados de sus labores, hasta su reincorporaci\u00f3n efectiva.<\/p>\n<p class=\"v1MsoNormal\" style=\"text-align: justify;\">\u00ab(&#8230;) estos sentenciadores estiman, que la facultad de disponer el t\u00e9rmino anticipado a la designaci\u00f3n a contrata de los funcionarios, que tendr\u00eda el empleador, en virtud de lo dispuesto en el art\u00edculo 10 del Estatuto Administrativo, no lo exime, de la debida fundamentaci\u00f3n, m\u00e1s a\u00fan en el caso de autos, ya que las mismas contratas se renovaron en variadas ocasiones, debiendo se\u00f1alar en el acto administrativo, las razones jur\u00eddicas, reglamentarias y de hecho que sirven de sustento a su decisi\u00f3n, de manera de dejar expresa constancia en sus resoluciones, de las razones o motivos que la fundamentan, obligaci\u00f3n que tiende a transparentar los actos del mismo, de forma tal que, un afectado con una medida de naturaleza esencialmente gravosa por su significaci\u00f3n personal y social, como es perder un empleo servido, sin que existan reproches, tachas, o m\u00e1culas en la conducta o funci\u00f3n de los empleados, lo que conlleva a la p\u00e9rdida de su fuente de ingresos, sin que se fundamente la decisi\u00f3n que se adopta (&#8230;)\u00bb, sostiene el fallo.<\/p>\n<p class=\"v1MsoNormal\" style=\"text-align: justify;\">La resoluci\u00f3n agrega que: \u00ab(&#8230;)\u00a0en consecuencia, el acto administrativo impugnado deviene en un acto arbitrario, por falta de una debida motivaci\u00f3n, misma raz\u00f3n que deviene en su ilegalidad por infracci\u00f3n a los principios contenidos en la Ley 19.880; acto que infracciona la garant\u00eda de igualdad ante la ley de los recurrentes, libertad de trabajo y su protecci\u00f3n, como tambi\u00e9n amenazan y perturban sus derechos a la propiedad en cuanto a la estabilidad en sus empleos y sus derechos a una remuneraci\u00f3n, por lo que deber\u00e1 acoger el recurso de protecci\u00f3n de la manera que se dir\u00e1, no accediendo, sin embargo, a la petici\u00f3n de pr\u00f3rroga de sus designaciones a contrata de los recurrentes, por todo el per\u00edodo 2022, por exceder del marco de vigencia de tales designaciones como funcionarios a contrata, quienes denuncian haberse transgredido la \u00faltima resoluci\u00f3n de pr\u00f3rroga de la vinculaci\u00f3n funcionaria, que les aseguraba a lo menos una permanencia por todo el a\u00f1o 2021, la que al parecer de esta Corte, se mantendr\u00e1 vigente por este a\u00f1o calendario y la fecha que se dicta la presente resoluci\u00f3n, siendo competencia de la autoridad administrativa respectiva, resolver tal pretensi\u00f3n en su oportunidad, sin que sirva de fundamento, por el momento, el principio de confianza leg\u00edtima alegada por los recurrentes para sustentar este petitorio\u00bb.<\/p>\n<p class=\"v1MsoNormal\" style=\"text-align: justify;\">Por tanto, se resuelve:<\/p>\n<p class=\"v1MsoNormal\" style=\"text-align: justify;\">\u00abI.-\u00a0Que,\u00a0<b>SE ACOGEN<\/b>,\u00a0sin costas, los recursos de protecci\u00f3n deducidos por don Hugo Cesar Pardo Vallejos, don Andr\u00e9s Servando Sep\u00falveda Avilez y don V\u00edctor Sebasti\u00e1n Inostroza C\u00e1rcamo, en contra del Gobierno Regional de Ays\u00e9n del General Carlos Ib\u00e1\u00f1ez del Campo, representado por do\u00f1a Andrea Jacqueline Mac\u00edas Palma, y en consecuencia se deja sin efecto la Resoluci\u00f3n Exenta RA N\u00b0 813\/78\/2021, Resoluci\u00f3n Exenta RA N\u00b0 813\/76\/2021 y Resoluci\u00f3n Exenta RA N\u00b0 813\/84\/2021, todas de fecha 17 de agosto del a\u00f1o 2021, en virtud del cual se dispuso el t\u00e9rmino anticipado de sus designaciones como funcionarios p\u00fablicos a contrata para el a\u00f1o 2021, como asimismo se ordena el pago de las remuneraciones devengadas durante el periodo de tiempo que han estado separados de su cargo, hasta su efectiva reincorporaci\u00f3n.<\/p>\n<p class=\"v1MsoNormal\" style=\"text-align: justify;\">II.-\u00a0Que, atendido lo resuelto, la recurrida deber\u00e1 disponer la inmediata renovaci\u00f3n de las contratas de los recurrentes, en el cargo que serv\u00eda, estamento administrativo, grados 17, 15 y 20 E.U.R., respectivamente, del Gobierno Regional de Ays\u00e9n, por todo el a\u00f1o 2021&#8243;.<\/p>\n<\/div><\/section><\/div><div  style='height:50px' class='hr hr-invisible   avia-builder-el-6  el_after_av_one_full  el_before_av_social_share '><span class='hr-inner ' ><span class='hr-inner-style'><\/span><\/span><\/div><\/p>\n<div  class='av-social-sharing-box  avia-builder-el-7  el_after_av_hr  el_before_av_hr  '><div class='av-share-box'><h5 class='av-share-link-description av-no-toc '>Compartir esta noticia<\/h5><ul class='av-share-box-list noLightbox'><li class='av-share-link av-social-link-facebook' ><a target=\"_blank\" aria-label=\"Compartir en Facebook\" href='https:\/\/www.facebook.com\/sharer.php?u=https:\/\/radiorevelacionfm.cl\/?p=10003&#038;t=Corte%20de%20Coyhaique%20ordena%20reintegrar%20a%20funcionarios%20desvinculados%20del%20Gobierno%20Regional%20de%20Ays%C3%A9n' aria-hidden='false' data-av_icon='\ue8f3' data-av_iconfont='entypo-fontello' title='' data-avia-related-tooltip='Compartir en Facebook' rel=\"noopener\"><span class='avia_hidden_link_text'>Compartir en Facebook<\/span><\/a><\/li><li class='av-share-link av-social-link-twitter' ><a target=\"_blank\" aria-label=\"Compartir en Twitter\" href='https:\/\/twitter.com\/share?text=Corte%20de%20Coyhaique%20ordena%20reintegrar%20a%20funcionarios%20desvinculados%20del%20Gobierno%20Regional%20de%20Ays%C3%A9n&#038;url=https:\/\/radiorevelacionfm.cl\/?p=10003' aria-hidden='false' data-av_icon='\ue8f1' data-av_iconfont='entypo-fontello' title='' data-avia-related-tooltip='Compartir en Twitter' rel=\"noopener\"><span class='avia_hidden_link_text'>Compartir en Twitter<\/span><\/a><\/li><li class='av-share-link av-social-link-whatsapp' ><a target=\"_blank\" aria-label=\"Compartir en Whatsapp\" href='https:\/\/api.whatsapp.com\/send?text=https:\/\/radiorevelacionfm.cl\/?p=10003' aria-hidden='false' data-av_icon='\uf232' data-av_iconfont='entypo-fontello' title='' data-avia-related-tooltip='Compartir en Whatsapp' rel=\"noopener\"><span class='avia_hidden_link_text'>Compartir en Whatsapp<\/span><\/a><\/li><li class='av-share-link av-social-link-linkedin' ><a target=\"_blank\" aria-label=\"Compartir en LinkedIn\" href='https:\/\/linkedin.com\/shareArticle?mini=true&#038;title=Corte%20de%20Coyhaique%20ordena%20reintegrar%20a%20funcionarios%20desvinculados%20del%20Gobierno%20Regional%20de%20Ays%C3%A9n&#038;url=https:\/\/radiorevelacionfm.cl\/?p=10003' aria-hidden='false' data-av_icon='\ue8fc' data-av_iconfont='entypo-fontello' title='' data-avia-related-tooltip='Compartir en LinkedIn' rel=\"noopener\"><span class='avia_hidden_link_text'>Compartir en LinkedIn<\/span><\/a><\/li><li class='av-share-link av-social-link-mail' ><a  aria-label=\"Compartir por correo\" href='mailto:?subject=Corte%20de%20Coyhaique%20ordena%20reintegrar%20a%20funcionarios%20desvinculados%20del%20Gobierno%20Regional%20de%20Ays%C3%A9n&#038;body=https:\/\/radiorevelacionfm.cl\/?p=10003' aria-hidden='false' data-av_icon='\ue805' data-av_iconfont='entypo-fontello' title='' data-avia-related-tooltip='Compartir por correo'><span class='avia_hidden_link_text'>Compartir por correo<\/span><\/a><\/li><\/ul><\/div><\/div>\n<div  style='height:50px' class='hr hr-invisible   avia-builder-el-8  el_after_av_social_share  el_before_av_comments_list '><span class='hr-inner ' ><span class='hr-inner-style'><\/span><\/span><\/div>\n<div  class='av-buildercomment  av-blog-meta-html-info-disabled av-blog-meta-tag-disabled  '><\/div>\n","protected":false},"excerpt":{"rendered":"","protected":false},"author":1,"featured_media":9083,"comment_status":"open","ping_status":"open","sticky":false,"template":"","format":"standard","meta":{"footnotes":""},"categories":[55],"tags":[],"class_list":["post-10003","post","type-post","status-publish","format-standard","has-post-thumbnail","hentry","category-justicia"],"jetpack_featured_media_url":"https:\/\/radiorevelacionfm.cl\/wp-content\/uploads\/2021\/09\/gobierno-regional-1_optimized.jpg","_links":{"self":[{"href":"https:\/\/radiorevelacionfm.cl\/index.php?rest_route=\/wp\/v2\/posts\/10003","targetHints":{"allow":["GET"]}}],"collection":[{"href":"https:\/\/radiorevelacionfm.cl\/index.php?rest_route=\/wp\/v2\/posts"}],"about":[{"href":"https:\/\/radiorevelacionfm.cl\/index.php?rest_route=\/wp\/v2\/types\/post"}],"author":[{"embeddable":true,"href":"https:\/\/radiorevelacionfm.cl\/index.php?rest_route=\/wp\/v2\/users\/1"}],"replies":[{"embeddable":true,"href":"https:\/\/radiorevelacionfm.cl\/index.php?rest_route=%2Fwp%2Fv2%2Fcomments&post=10003"}],"version-history":[{"count":1,"href":"https:\/\/radiorevelacionfm.cl\/index.php?rest_route=\/wp\/v2\/posts\/10003\/revisions"}],"predecessor-version":[{"id":10004,"href":"https:\/\/radiorevelacionfm.cl\/index.php?rest_route=\/wp\/v2\/posts\/10003\/revisions\/10004"}],"wp:featuredmedia":[{"embeddable":true,"href":"https:\/\/radiorevelacionfm.cl\/index.php?rest_route=\/wp\/v2\/media\/9083"}],"wp:attachment":[{"href":"https:\/\/radiorevelacionfm.cl\/index.php?rest_route=%2Fwp%2Fv2%2Fmedia&parent=10003"}],"wp:term":[{"taxonomy":"category","embeddable":true,"href":"https:\/\/radiorevelacionfm.cl\/index.php?rest_route=%2Fwp%2Fv2%2Fcategories&post=10003"},{"taxonomy":"post_tag","embeddable":true,"href":"https:\/\/radiorevelacionfm.cl\/index.php?rest_route=%2Fwp%2Fv2%2Ftags&post=10003"}],"curies":[{"name":"wp","href":"https:\/\/api.w.org\/{rel}","templated":true}]}}