{"id":10000,"date":"2021-10-26T10:31:46","date_gmt":"2021-10-26T13:31:46","guid":{"rendered":"https:\/\/radiorevelacionfm.cl\/?p=10000"},"modified":"2021-10-26T10:31:46","modified_gmt":"2021-10-26T13:31:46","slug":"core-aprueba-modificacion-para-financiamiento-de-proyectos-de-la-linea-6-del-fndr","status":"publish","type":"post","link":"https:\/\/radiorevelacionfm.cl\/?p=10000","title":{"rendered":"CORE aprueba modificaci\u00f3n para financiamiento de proyectos de la l\u00ednea 6% del FNDR"},"content":{"rendered":"<div class=\"flex_column av_one_full  flex_column_div av-zero-column-padding first  avia-builder-el-0  el_before_av_one_full  avia-builder-el-first  \" style='border-radius:0px; '><div  class='avia-image-container  av-styling-    avia-builder-el-1  avia-builder-el-no-sibling  avia-align-center '  itemprop=\"image\" itemscope=\"itemscope\" itemtype=\"https:\/\/schema.org\/ImageObject\"  ><div class='avia-image-container-inner'><div class='avia-image-overlay-wrap'><img decoding=\"async\" class='wp-image-10001 avia-img-lazy-loading-not-10001 avia_image' src=\"https:\/\/radiorevelacionfm.cl\/wp-content\/uploads\/2021\/10\/CORE-2021-10-25-1-1.jpeg\" alt='' title='CORE 2021-10-25 (1) (1)' height=\"600\" width=\"900\"  itemprop=\"thumbnailUrl\" srcset=\"https:\/\/radiorevelacionfm.cl\/wp-content\/uploads\/2021\/10\/CORE-2021-10-25-1-1.jpeg 900w, https:\/\/radiorevelacionfm.cl\/wp-content\/uploads\/2021\/10\/CORE-2021-10-25-1-1-300x200.jpeg 300w, https:\/\/radiorevelacionfm.cl\/wp-content\/uploads\/2021\/10\/CORE-2021-10-25-1-1-768x512.jpeg 768w, https:\/\/radiorevelacionfm.cl\/wp-content\/uploads\/2021\/10\/CORE-2021-10-25-1-1-705x470.jpeg 705w, https:\/\/radiorevelacionfm.cl\/wp-content\/uploads\/2021\/10\/CORE-2021-10-25-1-1-600x400.jpeg 600w\" sizes=\"(max-width: 900px) 100vw, 900px\" \/><\/div><\/div><\/div><\/div><div class=\"flex_column av_one_full  flex_column_div av-zero-column-padding first  avia-builder-el-2  el_after_av_one_full  el_before_av_one_full  column-top-margin\" style='border-radius:0px; '><section class=\"av_textblock_section \"  itemscope=\"itemscope\" itemtype=\"https:\/\/schema.org\/BlogPosting\" itemprop=\"blogPost\" ><div class='avia_textblock  '   itemprop=\"text\" ><p style=\"text-align: center;\"><strong><span style=\"font-size: 18pt;\">CORE aprueba modificaci\u00f3n para financiamiento de proyectos de la l\u00ednea 6% del FNDR<\/span><\/strong><\/p>\n<div id=\"gtx-trans\" style=\"position: absolute; left: -50px; top: 4.31534px;\">\n<div class=\"gtx-trans-icon\"><\/div>\n<\/div>\n<\/div><\/section><\/div><div class=\"flex_column av_one_full  flex_column_div av-zero-column-padding first  avia-builder-el-4  el_after_av_one_full  el_before_av_hr  column-top-margin\" style='border-radius:0px; '><section class=\"av_textblock_section \"  itemscope=\"itemscope\" itemtype=\"https:\/\/schema.org\/BlogPosting\" itemprop=\"blogPost\" ><div class='avia_textblock  '   itemprop=\"text\" ><p style=\"text-align: justify;\">En sesi\u00f3n del pleno extraordinario del Consejo Regional de Ays\u00e9n, la Gobernadora y Presidenta del Consejo, Andrea Mac\u00edas Palma, someti\u00f3 a votaci\u00f3n una nueva redistribuci\u00f3n de fondos para la l\u00ednea 6% del FNDR 2021.<\/p>\n<p style=\"text-align: justify;\">La modificaci\u00f3n se propuso para mayor eficiencia y gesti\u00f3n de los recursos FNDR, en beneficio de las organizaciones sociales que participaron en los procesos concursables 2021.<\/p>\n<p style=\"text-align: justify;\">\u00abEl Consejo Regional ha aprobado esta modificaci\u00f3n que viene a permitir que m\u00e1s de 50 iniciativas que hab\u00edan quedado fuera de financiamiento, tanto en el concurso social como en el de cultura, hoy cuentan con subvenci\u00f3n. Recordamos que este Consejo Regional hace un tiempo tom\u00f3 la decisi\u00f3n de tener una l\u00ednea directa de emergencia para apoyar a los municipios en contexto de pandemia y eso se vio reflejado en una baja de los recursos a los que pod\u00edan acceder las organizaciones. Por tanto hoy d\u00eda es un tremendo valor lo que estamos haciendo, reafirmando el compromiso con las organizaciones sociales y entendiendo que son ellas, las fuerzas vivas de la comunidad\u00bb, afirm\u00f3 la Gobernadora Mac\u00edas en la ocasi\u00f3n.<\/p>\n<p style=\"text-align: justify;\">Modificaci\u00f3n que tambi\u00e9n fue valorada por los Consejeros Regionales que forman parte de la Comisi\u00f3n Social, como su Presidente Gustavo Villarroel. \u00abEn esta oportunidad se present\u00f3 una gran cantidad de proyectos, todos altamente calificados, y que de acuerdo al presupuesto asignado a principio de a\u00f1o, no quedaron seleccionados. Por eso hemos aprobado una cantidad que suplementa estos dos concursos, para as\u00ed de esta manera dar una respuesta positiva a las distintas organizaciones sociales que postulan y desarrollaron un trabajo\u00bb, sostuvo.<\/p>\n<p style=\"text-align: justify;\">Para la Consejera Regional Marcia Nahuelquin, poder dar respuesta a las organizaciones de los distintos territorios era una necesidad que viene a responder esta modificaci\u00f3n. \u00abEs muy gratificante poder generar estas oportunidades, sobre todo con las organizaciones sociales. Este a\u00f1o hubo una alta demanda por parte de las organizaciones sociales, todas muy bien calificadas, pero con el presupuesto acotado. Con esta votaci\u00f3n, se pueden asumir el financiamiento de todas las organizaciones seleccionadas\u00bb.<\/p>\n<p style=\"text-align: justify;\">Finalmente, para el Consejero Rodrigo Araya la redistribuci\u00f3n era l\u00f3gica y necesaria para aportar justamente a las organizaciones que concursaron este 2021. \u00abYo quisiera manifestar que ya llevamos 2 a\u00f1os con parte del 6% destinado a emergencias y creo que ya hicimos la tarea. Esperamos que el pr\u00f3ximo a\u00f1o no tengamos que redistribuir recursos y que el 100% de los recursos vaya a las 5 l\u00edneas que requiere nuestra regi\u00f3n\u00bb, dijo.<\/p>\n<div><\/div>\n<\/div><\/section><\/div><div  style='height:50px' class='hr hr-invisible   avia-builder-el-6  el_after_av_one_full  el_before_av_social_share '><span class='hr-inner ' ><span class='hr-inner-style'><\/span><\/span><\/div><\/p>\n<div  class='av-social-sharing-box  avia-builder-el-7  el_after_av_hr  el_before_av_hr  '><div class='av-share-box'><h5 class='av-share-link-description av-no-toc '>Compartir esta noticia<\/h5><ul class='av-share-box-list noLightbox'><li class='av-share-link av-social-link-facebook' ><a target=\"_blank\" aria-label=\"Compartir en Facebook\" href='https:\/\/www.facebook.com\/sharer.php?u=https:\/\/radiorevelacionfm.cl\/?p=10000&#038;t=CORE%20aprueba%20modificaci%C3%B3n%20para%20financiamiento%20de%20proyectos%20de%20la%20l%C3%ADnea%206%25%20del%20FNDR' aria-hidden='false' data-av_icon='\ue8f3' data-av_iconfont='entypo-fontello' title='' data-avia-related-tooltip='Compartir en Facebook' rel=\"noopener\"><span class='avia_hidden_link_text'>Compartir en Facebook<\/span><\/a><\/li><li class='av-share-link av-social-link-twitter' ><a target=\"_blank\" aria-label=\"Compartir en Twitter\" href='https:\/\/twitter.com\/share?text=CORE%20aprueba%20modificaci%C3%B3n%20para%20financiamiento%20de%20proyectos%20de%20la%20l%C3%ADnea%206%25%20del%20FNDR&#038;url=https:\/\/radiorevelacionfm.cl\/?p=10000' aria-hidden='false' data-av_icon='\ue8f1' data-av_iconfont='entypo-fontello' title='' data-avia-related-tooltip='Compartir en Twitter' rel=\"noopener\"><span class='avia_hidden_link_text'>Compartir en Twitter<\/span><\/a><\/li><li class='av-share-link av-social-link-whatsapp' ><a target=\"_blank\" aria-label=\"Compartir en Whatsapp\" href='https:\/\/api.whatsapp.com\/send?text=https:\/\/radiorevelacionfm.cl\/?p=10000' aria-hidden='false' data-av_icon='\uf232' data-av_iconfont='entypo-fontello' title='' data-avia-related-tooltip='Compartir en Whatsapp' rel=\"noopener\"><span class='avia_hidden_link_text'>Compartir en Whatsapp<\/span><\/a><\/li><li class='av-share-link av-social-link-linkedin' ><a target=\"_blank\" aria-label=\"Compartir en LinkedIn\" href='https:\/\/linkedin.com\/shareArticle?mini=true&#038;title=CORE%20aprueba%20modificaci%C3%B3n%20para%20financiamiento%20de%20proyectos%20de%20la%20l%C3%ADnea%206%25%20del%20FNDR&#038;url=https:\/\/radiorevelacionfm.cl\/?p=10000' aria-hidden='false' data-av_icon='\ue8fc' data-av_iconfont='entypo-fontello' title='' data-avia-related-tooltip='Compartir en LinkedIn' rel=\"noopener\"><span class='avia_hidden_link_text'>Compartir en LinkedIn<\/span><\/a><\/li><li class='av-share-link av-social-link-mail' ><a  aria-label=\"Compartir por correo\" href='mailto:?subject=CORE%20aprueba%20modificaci%C3%B3n%20para%20financiamiento%20de%20proyectos%20de%20la%20l%C3%ADnea%206%25%20del%20FNDR&#038;body=https:\/\/radiorevelacionfm.cl\/?p=10000' aria-hidden='false' data-av_icon='\ue805' data-av_iconfont='entypo-fontello' title='' data-avia-related-tooltip='Compartir por correo'><span class='avia_hidden_link_text'>Compartir por correo<\/span><\/a><\/li><\/ul><\/div><\/div>\n<div  style='height:50px' class='hr hr-invisible   avia-builder-el-8  el_after_av_social_share  el_before_av_comments_list '><span class='hr-inner ' ><span class='hr-inner-style'><\/span><\/span><\/div>\n<div  class='av-buildercomment  av-blog-meta-html-info-disabled av-blog-meta-tag-disabled  '><\/div>\n","protected":false},"excerpt":{"rendered":"","protected":false},"author":1,"featured_media":10001,"comment_status":"open","ping_status":"open","sticky":false,"template":"","format":"standard","meta":{"footnotes":""},"categories":[38],"tags":[],"class_list":["post-10000","post","type-post","status-publish","format-standard","has-post-thumbnail","hentry","category-regional"],"jetpack_featured_media_url":"https:\/\/radiorevelacionfm.cl\/wp-content\/uploads\/2021\/10\/CORE-2021-10-25-1-1.jpeg","_links":{"self":[{"href":"https:\/\/radiorevelacionfm.cl\/index.php?rest_route=\/wp\/v2\/posts\/10000","targetHints":{"allow":["GET"]}}],"collection":[{"href":"https:\/\/radiorevelacionfm.cl\/index.php?rest_route=\/wp\/v2\/posts"}],"about":[{"href":"https:\/\/radiorevelacionfm.cl\/index.php?rest_route=\/wp\/v2\/types\/post"}],"author":[{"embeddable":true,"href":"https:\/\/radiorevelacionfm.cl\/index.php?rest_route=\/wp\/v2\/users\/1"}],"replies":[{"embeddable":true,"href":"https:\/\/radiorevelacionfm.cl\/index.php?rest_route=%2Fwp%2Fv2%2Fcomments&post=10000"}],"version-history":[{"count":1,"href":"https:\/\/radiorevelacionfm.cl\/index.php?rest_route=\/wp\/v2\/posts\/10000\/revisions"}],"predecessor-version":[{"id":10002,"href":"https:\/\/radiorevelacionfm.cl\/index.php?rest_route=\/wp\/v2\/posts\/10000\/revisions\/10002"}],"wp:featuredmedia":[{"embeddable":true,"href":"https:\/\/radiorevelacionfm.cl\/index.php?rest_route=\/wp\/v2\/media\/10001"}],"wp:attachment":[{"href":"https:\/\/radiorevelacionfm.cl\/index.php?rest_route=%2Fwp%2Fv2%2Fmedia&parent=10000"}],"wp:term":[{"taxonomy":"category","embeddable":true,"href":"https:\/\/radiorevelacionfm.cl\/index.php?rest_route=%2Fwp%2Fv2%2Fcategories&post=10000"},{"taxonomy":"post_tag","embeddable":true,"href":"https:\/\/radiorevelacionfm.cl\/index.php?rest_route=%2Fwp%2Fv2%2Ftags&post=10000"}],"curies":[{"name":"wp","href":"https:\/\/api.w.org\/{rel}","templated":true}]}}